{"id":748,"date":"2021-02-23T10:15:37","date_gmt":"2021-02-23T13:15:37","guid":{"rendered":"http:\/\/focotocantinense.com.br\/?p=748"},"modified":"2021-02-23T10:15:40","modified_gmt":"2021-02-23T13:15:40","slug":"prefeitura-de-gurupi-publica-edital-com-47-vagas-para-professor","status":"publish","type":"post","link":"https:\/\/focotocantinense.com.br\/?p=748","title":{"rendered":"Prefeitura de Gurupi publica edital com 47 vagas para professor"},"content":{"rendered":"\n<p>A Prefeitura de Gurupi, por meio&nbsp;da Secretaria Municipal da Educa\u00e7\u00e3o (SEMEG), publicou nesta segunda-feira, 22, edital para preenchimento de vaga para professor tempor\u00e1rio do ensino b\u00e1sico.<\/p>\n\n\n\n<p>O processo seletivo simplificado \u00e9 para 47 vagas e ser\u00e1 com base em an\u00e1lise curricular. As inscri\u00e7\u00f5es s\u00e3o gratuitas, come\u00e7am nesta ter\u00e7a-feira, 23 e seguem at\u00e9 a quinta-feira, dia 25. Os sal\u00e1rios variam de R$ 1.632,20 a R$ 3.016,40.<\/p>\n\n\n\n<p>As inscri\u00e7\u00f5es poder\u00e3o ser efetuadas apenas pela internet, no endere\u00e7o eletr\u00f4nico exclusivo da comiss\u00e3o de avalia\u00e7\u00e3o do processo seletivo pelo e-mail:&nbsp;<a href=\"mailto:comiss%C3%A3o@semeg.gurupi.to.gov.br\">comiss\u00e3o@semeg.gurupi.to.gov.br<\/a>. O candidato deve enviar, em formato PDF, c\u00f3pias de documentos obrigat\u00f3rios como carteira de identidade, cadastro de pessoa f\u00edsica (CPF), curr\u00edculo vitae atualizado e certificado de Curso de Licenciatura na \u00e1rea que deseja concorrer.<\/p>\n\n\n\n<p><strong>Vagas<\/strong><\/p>\n\n\n\n<p>As vagas s\u00e3o para profissionais com forma\u00e7\u00e3o em Pedagogia, Educa\u00e7\u00e3o F\u00edsica, Matem\u00e1tica, Hist\u00f3ria, Artes C\u00eanicas e Letras. A remunera\u00e7\u00e3o ser\u00e1 de acordo com a carga hor\u00e1ria, que varia de 20 a 40 horas semanais.<\/p>\n\n\n\n<p>A an\u00e1lise curricular ser\u00e1 totalmente on-line e ser\u00e3o considerados t\u00edtulos e experi\u00eancias profissionais, comprovada atrav\u00e9s da avalia\u00e7\u00e3o de curr\u00edculo e de requisitos dispostos no edital, publicado no site oficial da Prefeitura de Gurupi.&nbsp; Clique&nbsp;<a href=\"http:\/\/gurupi.to.gov.br\/resources\/arquivos-publicados\/SEMEG_Processo_Seletivo_0002-2021-230220210907.pdf\">aqui<\/a>&nbsp;para conferir o edital.<\/p>\n\n\n\n<p>Mais informa\u00e7\u00f5es pelo telefone no telefone (63) 3301-4348.<\/p>\n","protected":false},"excerpt":{"rendered":"<p>A Prefeitura de Gurupi, por meio&nbsp;da Secretaria Municipal da Educa\u00e7\u00e3o (SEMEG), publicou nesta segunda-feira, 22, edital para preenchimento de vaga para professor tempor\u00e1rio do ensino b\u00e1sico. O processo seletivo simplificado \u00e9 para 47 vagas e ser\u00e1 com base em an\u00e1lise curricular. As inscri\u00e7\u00f5es s\u00e3o gratuitas, come\u00e7am nesta ter\u00e7a-feira, 23 e seguem at\u00e9 a quinta-feira, dia &hellip;<\/p>\n","protected":false},"author":1,"featured_media":749,"comment_status":"open","ping_status":"open","sticky":false,"template":"","format":"standard","meta":{"footnotes":""},"categories":[38,1],"tags":[],"class_list":["post-748","post","type-post","status-publish","format-standard","has-post-thumbnail","","category-gurupi","category-sem-categoria"],"_links":{"self":[{"href":"https:\/\/focotocantinense.com.br\/index.php?rest_route=\/wp\/v2\/posts\/748","targetHints":{"allow":["GET"]}}],"collection":[{"href":"https:\/\/focotocantinense.com.br\/index.php?rest_route=\/wp\/v2\/posts"}],"about":[{"href":"https:\/\/focotocantinense.com.br\/index.php?rest_route=\/wp\/v2\/types\/post"}],"author":[{"embeddable":true,"href":"https:\/\/focotocantinense.com.br\/index.php?rest_route=\/wp\/v2\/users\/1"}],"replies":[{"embeddable":true,"href":"https:\/\/focotocantinense.com.br\/index.php?rest_route=%2Fwp%2Fv2%2Fcomments&post=748"}],"version-history":[{"count":1,"href":"https:\/\/focotocantinense.com.br\/index.php?rest_route=\/wp\/v2\/posts\/748\/revisions"}],"predecessor-version":[{"id":750,"href":"https:\/\/focotocantinense.com.br\/index.php?rest_route=\/wp\/v2\/posts\/748\/revisions\/750"}],"wp:featuredmedia":[{"embeddable":true,"href":"https:\/\/focotocantinense.com.br\/index.php?rest_route=\/wp\/v2\/media\/749"}],"wp:attachment":[{"href":"https:\/\/focotocantinense.com.br\/index.php?rest_route=%2Fwp%2Fv2%2Fmedia&parent=748"}],"wp:term":[{"taxonomy":"category","embeddable":true,"href":"https:\/\/focotocantinense.com.br\/index.php?rest_route=%2Fwp%2Fv2%2Fcategories&post=748"},{"taxonomy":"post_tag","embeddable":true,"href":"https:\/\/focotocantinense.com.br\/index.php?rest_route=%2Fwp%2Fv2%2Ftags&post=748"}],"curies":[{"name":"wp","href":"https:\/\/api.w.org\/{rel}","templated":true}]}}