{"id":7478,"date":"2024-05-02T21:23:13","date_gmt":"2024-05-03T00:23:13","guid":{"rendered":"https:\/\/focotocantinense.com.br\/?p=7478"},"modified":"2024-05-02T21:23:13","modified_gmt":"2024-05-03T00:23:13","slug":"celulares-sao-utilizados-como-ferramenta-pedagogica-em-escola-municipal-de-tocantinia","status":"publish","type":"post","link":"https:\/\/focotocantinense.com.br\/?p=7478","title":{"rendered":"Celulares s\u00e3o utilizados como ferramenta pedag\u00f3gica em escola municipal de Tocant\u00ednia"},"content":{"rendered":"\n<p><strong>Por Zacarias Martins&nbsp;<\/strong><\/p>\n\n\n\n<p>Nesta quinta-feira, dia 02, &nbsp;a turma do 4\u00b0 ano da Escola Municipal Professor Constantino Pedro de Castro, em Tocant\u00ednia, &nbsp;tiveram uma aula muito interessante, por meio &nbsp;do uso de aparelhos &nbsp;celulares.<\/p>\n\n\n\n<p>A gestora da unidade escola, professora Jucilene Martins Louzeira, explica que o&nbsp; uso do aparelho &nbsp;celular na aprendizagem dos alunos tem se tornado cada vez mais comum, pois os dispositivos m\u00f3veis oferecem acesso instant\u00e2neo a uma vasta quantidade de informa\u00e7\u00f5es e recursos educacionais.<\/p>\n\n\n\n<p>No entanto, a gestora observa que \u00e9 importante equilibrar o uso do aparelho celular para evitar distra\u00e7\u00f5es excessivas e promover um ambiente de aprendizado focado e produtivo.<\/p>\n\n\n\n<p>\u201cQuando utilizado de forma adequada, o aparelho celular pode ser uma ferramenta poderosa para pesquisas, colabora\u00e7\u00e3o entre os alunos e acesso a aplicativos educacionais que complementam o ensino tradicional\u201d, argumentou a gestora.<\/p>\n\n\n\n<p><strong>Habilidades<\/strong><\/p>\n\n\n\n<p>A professora da turma, Dal\u00e2yne Lopes dos Santos, assevera que o uso respons\u00e1vel do aparelho celular pode ajudar os alunos a desenvolverem habilidades digitais importantes para o mundo atual.<\/p>\n\n\n\n<p>\u201cFoi uma experi\u00eancia incr\u00edvel e que os alunos amaram a aula em que mesclamos \u00a0tecnologia \u00a0com aprendizagem a partir do uso do aparelho celular como ferramenta de suporte pedag\u00f3gico\u201d, concluiu a professora.<\/p>\n\n\n\n<figure class=\"wp-block-image size-full is-resized\"><img loading=\"lazy\" decoding=\"async\" width=\"557\" height=\"373\" src=\"https:\/\/focotocantinense.com.br\/wp-content\/uploads\/2024\/05\/2-TOCANTINIA-FOTO-DIVULGACAO.jpg\" alt=\"\" class=\"wp-image-7480\" style=\"width:840px;height:auto\" srcset=\"https:\/\/focotocantinense.com.br\/wp-content\/uploads\/2024\/05\/2-TOCANTINIA-FOTO-DIVULGACAO.jpg 557w, https:\/\/focotocantinense.com.br\/wp-content\/uploads\/2024\/05\/2-TOCANTINIA-FOTO-DIVULGACAO-300x201.jpg 300w, https:\/\/focotocantinense.com.br\/wp-content\/uploads\/2024\/05\/2-TOCANTINIA-FOTO-DIVULGACAO-110x75.jpg 110w\" sizes=\"auto, (max-width: 557px) 100vw, 557px\" \/><\/figure>\n\n\n\n<p><\/p>\n\n\n\n<figure class=\"wp-block-image size-full\"><img loading=\"lazy\" decoding=\"async\" width=\"843\" height=\"251\" src=\"https:\/\/focotocantinense.com.br\/wp-content\/uploads\/2024\/04\/VINI_181-17.jpg\" alt=\"\" class=\"wp-image-7453\" srcset=\"https:\/\/focotocantinense.com.br\/wp-content\/uploads\/2024\/04\/VINI_181-17.jpg 843w, https:\/\/focotocantinense.com.br\/wp-content\/uploads\/2024\/04\/VINI_181-17-300x89.jpg 300w, https:\/\/focotocantinense.com.br\/wp-content\/uploads\/2024\/04\/VINI_181-17-768x229.jpg 768w\" sizes=\"auto, (max-width: 843px) 100vw, 843px\" \/><\/figure>\n","protected":false},"excerpt":{"rendered":"<p>Por Zacarias Martins&nbsp; Nesta quinta-feira, dia 02, &nbsp;a turma do 4\u00b0 ano da Escola Municipal Professor Constantino Pedro de Castro, em Tocant\u00ednia, &nbsp;tiveram uma aula muito interessante, por meio &nbsp;do uso de aparelhos &nbsp;celulares. A gestora da unidade escola, professora Jucilene Martins Louzeira, explica que o&nbsp; uso do aparelho &nbsp;celular na aprendizagem dos alunos tem &hellip;<\/p>\n","protected":false},"author":5,"featured_media":7479,"comment_status":"open","ping_status":"open","sticky":false,"template":"","format":"standard","meta":{"footnotes":""},"categories":[78],"tags":[],"class_list":["post-7478","post","type-post","status-publish","format-standard","has-post-thumbnail","","category-tocantinia"],"_links":{"self":[{"href":"https:\/\/focotocantinense.com.br\/index.php?rest_route=\/wp\/v2\/posts\/7478","targetHints":{"allow":["GET"]}}],"collection":[{"href":"https:\/\/focotocantinense.com.br\/index.php?rest_route=\/wp\/v2\/posts"}],"about":[{"href":"https:\/\/focotocantinense.com.br\/index.php?rest_route=\/wp\/v2\/types\/post"}],"author":[{"embeddable":true,"href":"https:\/\/focotocantinense.com.br\/index.php?rest_route=\/wp\/v2\/users\/5"}],"replies":[{"embeddable":true,"href":"https:\/\/focotocantinense.com.br\/index.php?rest_route=%2Fwp%2Fv2%2Fcomments&post=7478"}],"version-history":[{"count":1,"href":"https:\/\/focotocantinense.com.br\/index.php?rest_route=\/wp\/v2\/posts\/7478\/revisions"}],"predecessor-version":[{"id":7481,"href":"https:\/\/focotocantinense.com.br\/index.php?rest_route=\/wp\/v2\/posts\/7478\/revisions\/7481"}],"wp:featuredmedia":[{"embeddable":true,"href":"https:\/\/focotocantinense.com.br\/index.php?rest_route=\/wp\/v2\/media\/7479"}],"wp:attachment":[{"href":"https:\/\/focotocantinense.com.br\/index.php?rest_route=%2Fwp%2Fv2%2Fmedia&parent=7478"}],"wp:term":[{"taxonomy":"category","embeddable":true,"href":"https:\/\/focotocantinense.com.br\/index.php?rest_route=%2Fwp%2Fv2%2Fcategories&post=7478"},{"taxonomy":"post_tag","embeddable":true,"href":"https:\/\/focotocantinense.com.br\/index.php?rest_route=%2Fwp%2Fv2%2Ftags&post=7478"}],"curies":[{"name":"wp","href":"https:\/\/api.w.org\/{rel}","templated":true}]}}