{"id":7463,"date":"2024-04-30T20:30:44","date_gmt":"2024-04-30T23:30:44","guid":{"rendered":"https:\/\/focotocantinense.com.br\/?p=7463"},"modified":"2024-04-30T20:56:56","modified_gmt":"2024-04-30T23:56:56","slug":"primeira-dama-de-tocantinia-participa-de-roda-de-conversa-no-centro-de-referencia-do-projeto-leitura-viva","status":"publish","type":"post","link":"https:\/\/focotocantinense.com.br\/?p=7463","title":{"rendered":"Primeira-Dama de Tocant\u00ednia participa de roda de conversa no Centro de Refer\u00eancia do Projeto Leitura Viva"},"content":{"rendered":"\n<p><\/p>\n\n\n\n<p><strong>Por Zacarias Martins<\/strong><\/p>\n\n\n\n<p>A Prefeitura de Tocant\u00ednia, por meio da Secretaria Municipal de Educa\u00e7\u00e3o, teve a honra de celebrar um dos momentos important\u00edssimos no processo de ensino e aprendizagem dos &nbsp;alunos da rede municipal de ensino. Nesta ter\u00e7a-feira, dia 30 de abril, no Centro de Refer\u00eancia do Projeto Leitura Viva, localizado Pra\u00e7a Valperino Gomes, quando a Primeira-Dama do munic\u00edpio, Samua Nikaelen Eliane Rosa, participou de uma movimentada roda de conversa.<\/p>\n\n\n\n<p>Esse encontro da Primeira-Dama com os alunos foi celebrado com apresenta\u00e7\u00f5es musicais, recital de poesias, al\u00e9m de c\u00e2nticos culturais com a participa\u00e7\u00e3o dos povos ind\u00edgenas Akw\u0113, &nbsp;tudo, cercados por um bel\u00edssimo di\u00e1logo no mundo da leitura saboreando um delicioso caf\u00e9.<\/p>\n\n\n\n<p>O secret\u00e1rio de Educa\u00e7\u00e3o do munic\u00edpio, professor Andr\u00e9 Goveia, prestigiando o acontecimento, disse que estava maravilhado ao constatar que os alunos ficaram encantados com este di\u00e1logo de leituras, com perguntas e respostas.<\/p>\n\n\n\n<p>\u201cA nossa Primeira-Dama, S\u00e2mua Rosa, conseguiu expressar com maestria seus argumentos de forma clara na ministra\u00e7\u00e3o de pensamentos liter\u00e1rios, externando, assim, uma proposta pedag\u00f3gica relevante, especialmente, sendo ela uma pesquisadora e cursando o seu mestrado em Matem\u00e1tica pela UFNT&#8221;, concluiu o secret\u00e1rio<\/p>\n\n\n\n<figure class=\"wp-block-image size-large is-resized\"><img loading=\"lazy\" decoding=\"async\" width=\"1024\" height=\"724\" src=\"https:\/\/focotocantinense.com.br\/wp-content\/uploads\/2024\/04\/1-TOCANTINIA-1-1024x724.jpg\" alt=\"\" class=\"wp-image-7467\" style=\"width:378px;height:auto\" srcset=\"https:\/\/focotocantinense.com.br\/wp-content\/uploads\/2024\/04\/1-TOCANTINIA-1-1024x724.jpg 1024w, https:\/\/focotocantinense.com.br\/wp-content\/uploads\/2024\/04\/1-TOCANTINIA-1-300x212.jpg 300w, https:\/\/focotocantinense.com.br\/wp-content\/uploads\/2024\/04\/1-TOCANTINIA-1-768x543.jpg 768w, https:\/\/focotocantinense.com.br\/wp-content\/uploads\/2024\/04\/1-TOCANTINIA-1-1536x1087.jpg 1536w, https:\/\/focotocantinense.com.br\/wp-content\/uploads\/2024\/04\/1-TOCANTINIA-1.jpg 1600w\" sizes=\"auto, (max-width: 1024px) 100vw, 1024px\" \/><\/figure>\n\n\n\n<p><\/p>\n\n\n\n<figure class=\"wp-block-image size-large\"><img loading=\"lazy\" decoding=\"async\" width=\"1024\" height=\"682\" src=\"https:\/\/focotocantinense.com.br\/wp-content\/uploads\/2024\/04\/2-TURMA-DE-TOCANTINIA-1024x682.jpg\" alt=\"\" class=\"wp-image-7466\" srcset=\"https:\/\/focotocantinense.com.br\/wp-content\/uploads\/2024\/04\/2-TURMA-DE-TOCANTINIA-1024x682.jpg 1024w, https:\/\/focotocantinense.com.br\/wp-content\/uploads\/2024\/04\/2-TURMA-DE-TOCANTINIA-300x200.jpg 300w, https:\/\/focotocantinense.com.br\/wp-content\/uploads\/2024\/04\/2-TURMA-DE-TOCANTINIA-768x512.jpg 768w, https:\/\/focotocantinense.com.br\/wp-content\/uploads\/2024\/04\/2-TURMA-DE-TOCANTINIA-1536x1023.jpg 1536w, https:\/\/focotocantinense.com.br\/wp-content\/uploads\/2024\/04\/2-TURMA-DE-TOCANTINIA-310x205.jpg 310w, https:\/\/focotocantinense.com.br\/wp-content\/uploads\/2024\/04\/2-TURMA-DE-TOCANTINIA.jpg 1600w\" sizes=\"auto, (max-width: 1024px) 100vw, 1024px\" \/><\/figure>\n\n\n\n<p><strong><em>O professor Andr\u00e9 Goceia, Secret\u00e1rio de Educa\u00e7\u00e3o do munic\u00edpio, destacou a relev\u00e2ncia do papel pedag\u00f3gico desse encontro da Primeira-Dama, S\u00e2mua Rosa com os alunos do munic\u00edpio.<\/em><\/strong><\/p>\n\n\n\n<figure class=\"wp-block-image size-large\"><img loading=\"lazy\" decoding=\"async\" width=\"1024\" height=\"682\" src=\"https:\/\/focotocantinense.com.br\/wp-content\/uploads\/2024\/04\/3-TURMA-DE-TOCANTINIA-1024x682.jpg\" alt=\"\" class=\"wp-image-7465\" srcset=\"https:\/\/focotocantinense.com.br\/wp-content\/uploads\/2024\/04\/3-TURMA-DE-TOCANTINIA-1024x682.jpg 1024w, https:\/\/focotocantinense.com.br\/wp-content\/uploads\/2024\/04\/3-TURMA-DE-TOCANTINIA-300x200.jpg 300w, https:\/\/focotocantinense.com.br\/wp-content\/uploads\/2024\/04\/3-TURMA-DE-TOCANTINIA-768x512.jpg 768w, https:\/\/focotocantinense.com.br\/wp-content\/uploads\/2024\/04\/3-TURMA-DE-TOCANTINIA-1536x1023.jpg 1536w, https:\/\/focotocantinense.com.br\/wp-content\/uploads\/2024\/04\/3-TURMA-DE-TOCANTINIA-310x205.jpg 310w, https:\/\/focotocantinense.com.br\/wp-content\/uploads\/2024\/04\/3-TURMA-DE-TOCANTINIA.jpg 1600w\" sizes=\"auto, (max-width: 1024px) 100vw, 1024px\" \/><\/figure>\n\n\n\n<p><\/p>\n\n\n\n<figure class=\"wp-block-image size-full\"><img loading=\"lazy\" decoding=\"async\" width=\"843\" height=\"251\" src=\"https:\/\/focotocantinense.com.br\/wp-content\/uploads\/2024\/04\/VINI_181-18.jpg\" alt=\"\" class=\"wp-image-7464\" srcset=\"https:\/\/focotocantinense.com.br\/wp-content\/uploads\/2024\/04\/VINI_181-18.jpg 843w, https:\/\/focotocantinense.com.br\/wp-content\/uploads\/2024\/04\/VINI_181-18-300x89.jpg 300w, https:\/\/focotocantinense.com.br\/wp-content\/uploads\/2024\/04\/VINI_181-18-768x229.jpg 768w\" sizes=\"auto, (max-width: 843px) 100vw, 843px\" \/><\/figure>\n","protected":false},"excerpt":{"rendered":"<p>Por Zacarias Martins A Prefeitura de Tocant\u00ednia, por meio da Secretaria Municipal de Educa\u00e7\u00e3o, teve a honra de celebrar um dos momentos important\u00edssimos no processo de ensino e aprendizagem dos &nbsp;alunos da rede municipal de ensino. Nesta ter\u00e7a-feira, dia 30 de abril, no Centro de Refer\u00eancia do Projeto Leitura Viva, localizado Pra\u00e7a Valperino Gomes, quando &hellip;<\/p>\n","protected":false},"author":5,"featured_media":7467,"comment_status":"open","ping_status":"open","sticky":false,"template":"","format":"standard","meta":{"footnotes":""},"categories":[1,78],"tags":[],"class_list":["post-7463","post","type-post","status-publish","format-standard","has-post-thumbnail","","category-sem-categoria","category-tocantinia"],"_links":{"self":[{"href":"https:\/\/focotocantinense.com.br\/index.php?rest_route=\/wp\/v2\/posts\/7463","targetHints":{"allow":["GET"]}}],"collection":[{"href":"https:\/\/focotocantinense.com.br\/index.php?rest_route=\/wp\/v2\/posts"}],"about":[{"href":"https:\/\/focotocantinense.com.br\/index.php?rest_route=\/wp\/v2\/types\/post"}],"author":[{"embeddable":true,"href":"https:\/\/focotocantinense.com.br\/index.php?rest_route=\/wp\/v2\/users\/5"}],"replies":[{"embeddable":true,"href":"https:\/\/focotocantinense.com.br\/index.php?rest_route=%2Fwp%2Fv2%2Fcomments&post=7463"}],"version-history":[{"count":7,"href":"https:\/\/focotocantinense.com.br\/index.php?rest_route=\/wp\/v2\/posts\/7463\/revisions"}],"predecessor-version":[{"id":7475,"href":"https:\/\/focotocantinense.com.br\/index.php?rest_route=\/wp\/v2\/posts\/7463\/revisions\/7475"}],"wp:featuredmedia":[{"embeddable":true,"href":"https:\/\/focotocantinense.com.br\/index.php?rest_route=\/wp\/v2\/media\/7467"}],"wp:attachment":[{"href":"https:\/\/focotocantinense.com.br\/index.php?rest_route=%2Fwp%2Fv2%2Fmedia&parent=7463"}],"wp:term":[{"taxonomy":"category","embeddable":true,"href":"https:\/\/focotocantinense.com.br\/index.php?rest_route=%2Fwp%2Fv2%2Fcategories&post=7463"},{"taxonomy":"post_tag","embeddable":true,"href":"https:\/\/focotocantinense.com.br\/index.php?rest_route=%2Fwp%2Fv2%2Ftags&post=7463"}],"curies":[{"name":"wp","href":"https:\/\/api.w.org\/{rel}","templated":true}]}}