{"id":7456,"date":"2024-04-29T11:33:21","date_gmt":"2024-04-29T14:33:21","guid":{"rendered":"https:\/\/focotocantinense.com.br\/?p=7456"},"modified":"2024-04-29T11:33:21","modified_gmt":"2024-04-29T14:33:21","slug":"com-apresentacao-da-orquestra-viva-musica-e-lucimar-portal-amazonico-oferecera-concertos-gratuitos-em-palmas","status":"publish","type":"post","link":"https:\/\/focotocantinense.com.br\/?p=7456","title":{"rendered":"Com apresenta\u00e7\u00e3o da Orquestra Viva M\u00fasica e Lucimar, &#8220;Portal Amaz\u00f4nico&#8221; oferecer\u00e1 concertos gratuitos em Palmas"},"content":{"rendered":"\n<p><br>\u201c<em>Adoro a pa\u00e7oca de Arraias \/ A carne seca de Miranorte \/ A dan\u00e7a alegre da Jiquitaia \/ E o canto da galinha Capote\/ Mandalas s\u00e3o de capim dourado \/ Esteiras feitas de buriti\/ Eu acho t\u00e3o bonito o cerrado \/ Almo\u00e7o bom \u00e9 arroz com pequi\/ Eu sou daqui do toca! Tocantins \/ Aqui me toca! O Toca, Toca em mim.\u201d&nbsp;<\/em>O trecho musical refere-se \u00e0 can\u00e7\u00e3o \u201cPortal Amaz\u00f4nico\u201d, do m\u00fasico Lucimar, que d\u00e1 t\u00edtulo ao pr\u00f3ximo projeto da Orquestra Viva M\u00fasica.<\/p>\n\n\n\n<p>O concerto musical \u00e9 interpretado pelos artistas da Orquestra no instrumental e Lucimar no vocal, sob a batuta do maestro Bruno Barreto. As apresenta\u00e7\u00f5es de estreia acontecem na pr\u00f3xima quinta e sexta-feira, 2 e 3, \u00e0s 20 horas, no Teatro Sesc Palmas, com entrada franca e interpreta\u00e7\u00e3o em Libras. Assim como a can\u00e7\u00e3o que d\u00e1 t\u00edtulo a ele, o concerto \u201cPortal Amaz\u00f4nico\u201d vai entoar repert\u00f3rio que trata da&nbsp;rica cultura e das belezas naturais do Tocantins. Para isso, integram o repert\u00f3rio outras m\u00fasicas autorais de Lucimar como Flauta de Taboca, Por Entre os Dedos, Meu Tocantins, Quintal, Alumia, Sou Tocantinense, Gonzag\u00e3o n\u00e3o Morreu, Brasilidade e Diamante Negro.<\/p>\n\n\n\n<p>De acordo com o respons\u00e1vel pelo projeto, o maestro Bruno Barreto, a iniciativa busca promover a m\u00fasica regional do Tocantins. \u201cO objetivo \u00e9 celebrar a autenticidade da m\u00fasica regional, preservar sua ess\u00eancia e enriquecer a cultura do Estado\u201d, afirmou. O m\u00fasico Lucimar complementa que o repert\u00f3rio \u00e9 repleto de sons que exaltam o orgulho de ser tocantinense e celebram a vibrante cultura regional. \u201cS\u00e3o composi\u00e7\u00f5es que refletem as ra\u00edzes e os valores do povo tocantinense. Carregadas de emo\u00e7\u00e3o e autenticidade, elas transportam o p\u00fablico para uma jornada atrav\u00e9s das paisagens deslumbrantes e da rica heran\u00e7a cultural do Tocantins\u201d, adianta o artista.<\/p>\n\n\n\n<p><strong>Projeto<\/strong><\/p>\n\n\n\n<p>O projeto \u201cPortal Amaz\u00f4nico\u201d tem a realiza\u00e7\u00e3o da Associa\u00e7\u00e3o Viva M\u00fasica e \u00e9 patrocinado pelo edital Artes Tocantins, da Lei Paulo Gustavo, via Secretaria Estadual de Cultura.&nbsp;A orquestra\u00e7\u00e3o do repert\u00f3rio \u00e9 de Willames S. da Costa, a produ\u00e7\u00e3o executiva de Eduardo Andrade e a reg\u00eancia e dire\u00e7\u00e3o geral do maestro Bruno Barreto.<\/p>\n\n\n\n<p><strong>Orquestra Viva M\u00fasica<\/strong><\/p>\n\n\n\n<p>A Orquestra Viva M\u00fasica \u00e9 um corpo art\u00edstico vinculado \u00e0 Associa\u00e7\u00e3o Viva M\u00fasica, desenvolvido em parceria com a Universidade Federal do Tocantins, atrav\u00e9s do Programa Oficina de Cria\u00e7\u00e3o, Performance e Difus\u00e3o Musical &#8211; OCA Musical, que surgiu da necessidade do fomento da pr\u00e1tica e, consequentemente, da frui\u00e7\u00e3o da m\u00fasica instrumental de concerto. O Grupo tem participado de diversos atividades culturais, com impacto no Estado do Tocantins, dentre as quais: Sesc Partituras (parceria com o Sesc Tocantins); Sexta cultural (parceria com ADTUR); Quarta Cl\u00e1ssica (parceria com a Funda\u00e7\u00e3o Cultural de Palmas); M\u00fasicos da Alegria (parceria com a Funda\u00e7\u00e3o Cultural de Palmas e Hospital Geral de Palmas); e projeto Orquestra Viva M\u00fasica: Tocantins em Concerto, com patroc\u00ednio da Energisa, atrav\u00e9s da Lei Federal de Incentivo \u00e0 Cultura.<\/p>\n\n\n\n<p><strong>Lucimar<\/strong><\/p>\n\n\n\n<p>Natural de Filad\u00e9lfia (TO), nascido na Fazenda Mariquinha, residiu em S\u00e3o Paulo (SP) e tamb\u00e9m em Portugal. \u00c9 reconhecido nacionalmente atrav\u00e9s de suas can\u00e7\u00f5es, que j\u00e1 somam um acervo de mais de 300 t\u00edtulos, que ficaram conhecidas na interpreta\u00e7\u00e3o de renomados artistas em todo o mundo, como Leonardo, Chit\u00e3ozinho e Xoror\u00f3,&nbsp; Daniel, Zez\u00e9 Di Camargo e Luciano, Padre Marcelo Rossi, Rick e Renner, Peninha, Milion\u00e1rio e Jos\u00e9 Rico, Luan Santana, Targino Gondim e muito mais, al\u00e9m de trilhas sonoras para novelas e filmes.<\/p>\n\n\n\n<p><strong>Ficha T\u00e9cnica<\/strong><\/p>\n\n\n\n<p>Dire\u00e7\u00e3o art\u00edstica &#8211; Bruno Barreto<\/p>\n\n\n\n<p>Realiza\u00e7\u00e3o \u2013 Associa\u00e7\u00e3o Viva M\u00fasica<\/p>\n\n\n\n<p>Cantor convidado \u2013 Lucimar<\/p>\n\n\n\n<p>Orquestra\u00e7\u00e3o \u2013 Willames Costa<\/p>\n\n\n\n<p>Coordena\u00e7\u00e3o Geral \u2013 F\u00e1bio Bruniel<\/p>\n\n\n\n<p>Produ\u00e7\u00e3o executiva \u2013 Eduardo Andrade<\/p>\n\n\n\n<p>Coordena\u00e7\u00e3o Administrativa \u2013 Maxley Morato<\/p>\n\n\n\n<p>Coordena\u00e7\u00e3o de Comunica\u00e7\u00e3o \u2013 Cinthia Abreu<\/p>\n\n\n\n<p>T\u00e9cnico de Som \u2013 Daniel Mangaba<\/p>\n\n\n\n<p>T\u00e9cnico de luz \u2013 Charles Nunes<\/p>\n\n\n\n<p>Filmmaker \u2013 Rafael Motta<\/p>\n\n\n\n<p>Designer Gr\u00e1fico &#8211; Ana Bernhard<\/p>\n\n\n\n<p>Interprete de Libras &#8211; Thallyta Teixeira Silva \/ Luan Crispim de Andrade<\/p>\n\n\n\n<p><strong>Orquestra Viva M\u00fasica<\/strong><\/p>\n\n\n\n<p>Maestro e saxofone tenor \u2013 Bruno Barreto<\/p>\n\n\n\n<p>Saxofone alto \u2013 Lucas Fernandes<\/p>\n\n\n\n<p>Saxofone alto e clarineta &#8211; Gutenberg Nic\u00e1cio<\/p>\n\n\n\n<p>Saxofone tenor e flauta transversal \u2013 Wallas Alves<\/p>\n\n\n\n<p>Saxofone bar\u00edtono &#8211; Gilberto Gonzaga<\/p>\n\n\n\n<p>Trombone &#8211; Emmanoel Cruz<\/p>\n\n\n\n<p>Trombone &#8211; Kayo Bruno<\/p>\n\n\n\n<p>Trombone &#8211; Willian Del Sarto<\/p>\n\n\n\n<p>Trompete &#8211; Sidney Victor<\/p>\n\n\n\n<p>Trompete &#8211; Wedison Monteiro<\/p>\n\n\n\n<p>Trompete e trompa &#8211; Wilton Monteiro<\/p>\n\n\n\n<p>Contrabaixo el\u00e9trico &#8211; Felipe Ara\u00fajo<\/p>\n\n\n\n<p>Guitarra e viol\u00e3o &#8211; Iogo Landinho<\/p>\n\n\n\n<p>Bateria\/percuss\u00e3o &#8211; Matheus Les<\/p>\n\n\n\n<p>Piano \u2013 D\u00eannys S. Santos Dourado<\/p>\n\n\n\n<p><strong>Servi\u00e7o<\/strong><\/p>\n\n\n\n<p><strong>O qu\u00ea &#8211;<\/strong>&nbsp;Concerto \u201cPortal Amaz\u00f4nico\u201d com Orquestra Viva M\u00fasica e Lucimar<\/p>\n\n\n\n<p><strong>Quando \u2013<\/strong>&nbsp;Quinta e sexta-feira, 2 e 03\/05<\/p>\n\n\n\n<p><strong>Onde \u2013<\/strong>&nbsp;Teatro Sesc Palmas<\/p>\n\n\n\n<p><strong>Hor\u00e1rio \u2013<\/strong>&nbsp;A partir das 19h30<\/p>\n\n\n\n<p><strong>Entrada franca<\/strong><\/p>\n\n\n\n<figure class=\"wp-block-image size-full\"><img loading=\"lazy\" decoding=\"async\" width=\"791\" height=\"499\" src=\"https:\/\/focotocantinense.com.br\/wp-content\/uploads\/2024\/04\/22222.jpg\" alt=\"\" class=\"wp-image-7458\" srcset=\"https:\/\/focotocantinense.com.br\/wp-content\/uploads\/2024\/04\/22222.jpg 791w, https:\/\/focotocantinense.com.br\/wp-content\/uploads\/2024\/04\/22222-300x189.jpg 300w, https:\/\/focotocantinense.com.br\/wp-content\/uploads\/2024\/04\/22222-768x484.jpg 768w\" sizes=\"auto, (max-width: 791px) 100vw, 791px\" \/><\/figure>\n\n\n\n<p><\/p>\n\n\n\n<figure class=\"wp-block-image size-full\"><img loading=\"lazy\" decoding=\"async\" width=\"843\" height=\"251\" src=\"https:\/\/focotocantinense.com.br\/wp-content\/uploads\/2024\/04\/VINI_181-17.jpg\" alt=\"\" class=\"wp-image-7453\" srcset=\"https:\/\/focotocantinense.com.br\/wp-content\/uploads\/2024\/04\/VINI_181-17.jpg 843w, https:\/\/focotocantinense.com.br\/wp-content\/uploads\/2024\/04\/VINI_181-17-300x89.jpg 300w, https:\/\/focotocantinense.com.br\/wp-content\/uploads\/2024\/04\/VINI_181-17-768x229.jpg 768w\" sizes=\"auto, (max-width: 843px) 100vw, 843px\" \/><\/figure>\n","protected":false},"excerpt":{"rendered":"<p>\u201cAdoro a pa\u00e7oca de Arraias \/ A carne seca de Miranorte \/ A dan\u00e7a alegre da Jiquitaia \/ E o canto da galinha Capote\/ Mandalas s\u00e3o de capim dourado \/ Esteiras feitas de buriti\/ Eu acho t\u00e3o bonito o cerrado \/ Almo\u00e7o bom \u00e9 arroz com pequi\/ Eu sou daqui do toca! Tocantins \/ Aqui &hellip;<\/p>\n","protected":false},"author":5,"featured_media":7457,"comment_status":"open","ping_status":"open","sticky":false,"template":"","format":"standard","meta":{"footnotes":""},"categories":[104],"tags":[],"class_list":["post-7456","post","type-post","status-publish","format-standard","has-post-thumbnail","","category-cultura"],"_links":{"self":[{"href":"https:\/\/focotocantinense.com.br\/index.php?rest_route=\/wp\/v2\/posts\/7456","targetHints":{"allow":["GET"]}}],"collection":[{"href":"https:\/\/focotocantinense.com.br\/index.php?rest_route=\/wp\/v2\/posts"}],"about":[{"href":"https:\/\/focotocantinense.com.br\/index.php?rest_route=\/wp\/v2\/types\/post"}],"author":[{"embeddable":true,"href":"https:\/\/focotocantinense.com.br\/index.php?rest_route=\/wp\/v2\/users\/5"}],"replies":[{"embeddable":true,"href":"https:\/\/focotocantinense.com.br\/index.php?rest_route=%2Fwp%2Fv2%2Fcomments&post=7456"}],"version-history":[{"count":1,"href":"https:\/\/focotocantinense.com.br\/index.php?rest_route=\/wp\/v2\/posts\/7456\/revisions"}],"predecessor-version":[{"id":7459,"href":"https:\/\/focotocantinense.com.br\/index.php?rest_route=\/wp\/v2\/posts\/7456\/revisions\/7459"}],"wp:featuredmedia":[{"embeddable":true,"href":"https:\/\/focotocantinense.com.br\/index.php?rest_route=\/wp\/v2\/media\/7457"}],"wp:attachment":[{"href":"https:\/\/focotocantinense.com.br\/index.php?rest_route=%2Fwp%2Fv2%2Fmedia&parent=7456"}],"wp:term":[{"taxonomy":"category","embeddable":true,"href":"https:\/\/focotocantinense.com.br\/index.php?rest_route=%2Fwp%2Fv2%2Fcategories&post=7456"},{"taxonomy":"post_tag","embeddable":true,"href":"https:\/\/focotocantinense.com.br\/index.php?rest_route=%2Fwp%2Fv2%2Ftags&post=7456"}],"curies":[{"name":"wp","href":"https:\/\/api.w.org\/{rel}","templated":true}]}}