{"id":745,"date":"2021-02-22T21:55:39","date_gmt":"2021-02-23T00:55:39","guid":{"rendered":"http:\/\/focotocantinense.com.br\/?p=745"},"modified":"2021-02-22T21:55:41","modified_gmt":"2021-02-23T00:55:41","slug":"antonio-andrade-reafirma-compromisso-com-a-emancipacao-de-luzimangues","status":"publish","type":"post","link":"https:\/\/focotocantinense.com.br\/?p=745","title":{"rendered":"Antonio Andrade reafirma compromisso com a emancipa\u00e7\u00e3o de Luzimangues"},"content":{"rendered":"\n<p>O parlamentar disse na ocasi\u00e3o que essa \u00e9 uma bandeira da Assembleia Legislativa. \u201cEsse \u00e9 um sonho dos deputados e deputadas, um movimento suprapartid\u00e1rio. Vamos trabalhar para viabilizar, dentro das atribui\u00e7\u00f5es do Poder Legislativo estadual, para tornar esse sonho realidade, colocando em primeiro lugar o benef\u00edcio maior das pessoas que precisam da emancipa\u00e7\u00e3o do distrito de Luzimangues\u201d, afirmou.<\/p>\n\n\n\n<p>Antonio Andrade disse ainda que nos pr\u00f3ximos dois anos como presidente da AL abrir\u00e1 as portas Casa para a emancipa\u00e7\u00e3o de Luzimangues. \u201cIremos dar a nossa contribui\u00e7\u00e3o no que for necess\u00e1rio. Esse \u00e9 o meu prop\u00f3sito, podem contar com o meu apoio, com a minha contribui\u00e7\u00e3o para que n\u00f3s possamos realizar esse sonho o mais r\u00e1pido poss\u00edvel\u201d, reafirmou.<\/p>\n\n\n\n<p>O evento contou com a participa\u00e7\u00e3o dos deputados federal Vicentinho Alves (PL) e estadual Ricardo Ayres (PSB), que tamb\u00e9m hipotecaram apoio \u00e0 emancipa\u00e7\u00e3o do distrito.<\/p>\n\n\n\n<p>O V Semin\u00e1rio Nacional dos Emancipalistas do Brasil, com tema \u201cEmancipa\u00e7\u00e3o de distritos no Pa\u00eds\u201d, \u00e9 uma realiza\u00e7\u00e3o da Uni\u00e3o Brasileira em Defesa da Cria\u00e7\u00e3o de Novos Munic\u00edpios \u2013 BDNMU, e da Associa\u00e7\u00e3o de Desenvolvimento Comunit\u00e1rio do Luzimangues \u2013 ADCL, tem como objetivo discutir o processo emancipalista no Brasil e no Estado do Tocantins, com foco em Luzimangues.<\/p>\n\n\n\n<p><strong><em>Presen\u00e7as<\/em><\/strong><\/p>\n\n\n\n<p>Estiveram presentes na abertura do evento a presidente da Uni\u00e3o Brasileira em Defesa de Novos Munic\u00edpios \u2013 UBDNMU, Antonia Sinhorinha Silva; o presidente da Associa\u00e7\u00e3o Comunit\u00e1ria de Luta pela Emancipa\u00e7\u00e3o do Distrito do Luzimangues \u2013 AscomLuz, Edson Pires de Almeida Junior; presidente da Associa\u00e7\u00e3o de Desenvolvimento Comunit\u00e1rio do Luzimangues \u2013&nbsp; ADCL, Adari\u00f3n Martrins de Almeida; presidente da Federa\u00e7\u00e3o das Associa\u00e7\u00f5es de Desenvolvimento Distritais e Emancipalistas do Brasil \u2013 FADDEB e representando o Estado da Bahia, Jos\u00e9 Cresc\u00eancio da Cruz.<\/p>\n\n\n\n<p>Presentes tamb\u00e9m o vice-prefeito de Porto Nacional, Joaquim de Luzimangues, e os vereadores Soares Filho, vice-presidente da C\u00e2mara Municipal de Porto Nacional, Jo\u00e3o Justino, Joelma do Luzimangues, Pin J\u00fanior, Geilson Negre e Charles Sousa.<\/p>\n","protected":false},"excerpt":{"rendered":"<p>O parlamentar disse na ocasi\u00e3o que essa \u00e9 uma bandeira da Assembleia Legislativa. \u201cEsse \u00e9 um sonho dos deputados e deputadas, um movimento suprapartid\u00e1rio. Vamos trabalhar para viabilizar, dentro das atribui\u00e7\u00f5es do Poder Legislativo estadual, para tornar esse sonho realidade, colocando em primeiro lugar o benef\u00edcio maior das pessoas que precisam da emancipa\u00e7\u00e3o do distrito &hellip;<\/p>\n","protected":false},"author":5,"featured_media":746,"comment_status":"open","ping_status":"open","sticky":false,"template":"","format":"standard","meta":{"footnotes":""},"categories":[39,37,1],"tags":[],"class_list":["post-745","post","type-post","status-publish","format-standard","has-post-thumbnail","","category-estado","category-palmas","category-sem-categoria"],"_links":{"self":[{"href":"https:\/\/focotocantinense.com.br\/index.php?rest_route=\/wp\/v2\/posts\/745","targetHints":{"allow":["GET"]}}],"collection":[{"href":"https:\/\/focotocantinense.com.br\/index.php?rest_route=\/wp\/v2\/posts"}],"about":[{"href":"https:\/\/focotocantinense.com.br\/index.php?rest_route=\/wp\/v2\/types\/post"}],"author":[{"embeddable":true,"href":"https:\/\/focotocantinense.com.br\/index.php?rest_route=\/wp\/v2\/users\/5"}],"replies":[{"embeddable":true,"href":"https:\/\/focotocantinense.com.br\/index.php?rest_route=%2Fwp%2Fv2%2Fcomments&post=745"}],"version-history":[{"count":1,"href":"https:\/\/focotocantinense.com.br\/index.php?rest_route=\/wp\/v2\/posts\/745\/revisions"}],"predecessor-version":[{"id":747,"href":"https:\/\/focotocantinense.com.br\/index.php?rest_route=\/wp\/v2\/posts\/745\/revisions\/747"}],"wp:featuredmedia":[{"embeddable":true,"href":"https:\/\/focotocantinense.com.br\/index.php?rest_route=\/wp\/v2\/media\/746"}],"wp:attachment":[{"href":"https:\/\/focotocantinense.com.br\/index.php?rest_route=%2Fwp%2Fv2%2Fmedia&parent=745"}],"wp:term":[{"taxonomy":"category","embeddable":true,"href":"https:\/\/focotocantinense.com.br\/index.php?rest_route=%2Fwp%2Fv2%2Fcategories&post=745"},{"taxonomy":"post_tag","embeddable":true,"href":"https:\/\/focotocantinense.com.br\/index.php?rest_route=%2Fwp%2Fv2%2Ftags&post=745"}],"curies":[{"name":"wp","href":"https:\/\/api.w.org\/{rel}","templated":true}]}}