{"id":7447,"date":"2024-04-28T20:55:19","date_gmt":"2024-04-28T23:55:19","guid":{"rendered":"https:\/\/focotocantinense.com.br\/?p=7447"},"modified":"2024-04-28T20:57:31","modified_gmt":"2024-04-28T23:57:31","slug":"acalanto-anuncia-novos-membros-para-o-quadro-de-obreiros-efetivos","status":"publish","type":"post","link":"https:\/\/focotocantinense.com.br\/?p=7447","title":{"rendered":"Acalanto anuncia novos membros para o Quadro de Obreiros efetivos"},"content":{"rendered":"\n<p><strong>Por Lu\u00eds Poeta<\/strong><\/p>\n\n\n\n<p>Os membros da ACALANTO \u2013 Academia de Letras de Aragua\u00edna se reuniram em uma importante Assembleia Extraordin\u00e1ria no \u00faltimo s\u00e1bado, 27 de abril, no Sal\u00e3o de Eventos da&nbsp;<\/p>\n\n\n\n<p>AABB de Araguaina. O objetivo do encontro foi discutir e aprovar os nomes escolhidos pela Comiss\u00e3o Escrutinadora, composta pelos escritores Nelson Ferreira, Maria da Ajuda e Rozilda Euzebio Costa, para integrarem o Quadro de Obreiros Efetivos da ACALANTO.<\/p>\n\n\n\n<p>Ap\u00f3s intensas delibera\u00e7\u00f5es, a Comiss\u00e3o optou pelos nomes de Elcio Cruz e Socorro De Maria Cardoso Silva, que foram unanimemente aprovados pelo Colegiado presente. Esses talentosos escritores e professores s\u00e3o reconhecidos por suas contribui\u00e7\u00f5es significativas para a literatura e educa\u00e7\u00e3o.<\/p>\n\n\n\n<p><strong>Elcio Cruz<\/strong><\/p>\n\n\n\n<figure class=\"wp-block-image size-full is-resized\"><img loading=\"lazy\" decoding=\"async\" width=\"576\" height=\"552\" src=\"https:\/\/focotocantinense.com.br\/wp-content\/uploads\/2024\/04\/B-OK.jpg\" alt=\"\" class=\"wp-image-7449\" style=\"width:408px;height:auto\" srcset=\"https:\/\/focotocantinense.com.br\/wp-content\/uploads\/2024\/04\/B-OK.jpg 576w, https:\/\/focotocantinense.com.br\/wp-content\/uploads\/2024\/04\/B-OK-300x288.jpg 300w\" sizes=\"auto, (max-width: 576px) 100vw, 576px\" \/><\/figure>\n\n\n\n<p><strong>Socorro de Maria<\/strong><\/p>\n\n\n\n<figure class=\"wp-block-image size-full\"><img loading=\"lazy\" decoding=\"async\" width=\"606\" height=\"609\" src=\"https:\/\/focotocantinense.com.br\/wp-content\/uploads\/2024\/04\/c-ok.jpg\" alt=\"\" class=\"wp-image-7451\" srcset=\"https:\/\/focotocantinense.com.br\/wp-content\/uploads\/2024\/04\/c-ok.jpg 606w, https:\/\/focotocantinense.com.br\/wp-content\/uploads\/2024\/04\/c-ok-300x300.jpg 300w, https:\/\/focotocantinense.com.br\/wp-content\/uploads\/2024\/04\/c-ok-150x150.jpg 150w\" sizes=\"auto, (max-width: 606px) 100vw, 606px\" \/><\/figure>\n\n\n\n<p>Socorro de Maria Cardoso Silva, tamb\u00e9m conhecida como Professora De Maria, \u00e9 uma escritora e professora natural de Batateiras, S\u00e3o Felix de Balsas, Maranh\u00e3o. Nascida em uma fam\u00edlia que valorizava a leitura e a conta\u00e7\u00e3o de hist\u00f3rias, Socorro de Maria desenvolveu desde cedo um amor pelos livros. Ap\u00f3s vivenciar experi\u00eancias que a afastaram da escrita, ela retomou sua paix\u00e3o pelas palavras durante uma viagem de trabalho ao Rio de Janeiro em 1989. Ao longo de sua carreira como professora, Socorro tem se dedicado a promover a leitura, conta\u00e7\u00e3o de hist\u00f3rias e produ\u00e7\u00e3o de textos com seus alunos. Suas obras liter\u00e1rias foram publicadas nos livros \u201cLetramento no Adolfo I\u201d e \u201cLetramento no Adolfo II\u201d. Sua atua\u00e7\u00e3o no ensino tamb\u00e9m inclui o desafio de trabalhar com alunos do 6\u00ba ano, utilizando estrat\u00e9gias como a conta\u00e7\u00e3o de hist\u00f3rias e o teatro para incentivar o interesse pela leitura.<\/p>\n\n\n\n<p><strong>Repercuss\u00e3o<\/strong><\/p>\n\n\n\n<p>A inclus\u00e3o de Elcio Cruz e Socorro de Maria Cardoso Silva no Quadro de Obreiros efetivos da ACALANTO fortalece a proposta da associa\u00e7\u00e3o em promover a literatura e a educa\u00e7\u00e3o. Alexandre Gomes de Brito, Presidente da ACALANTO, expressou sua satisfa\u00e7\u00e3o com a escolha dos novos membros e ressaltou a import\u00e2ncia de seus trabalhos para a comunidade liter\u00e1ria e educacional.<\/p>\n\n\n\n<p>Com a adi\u00e7\u00e3o desses talentosos escritores e professores, a ACALANTO reafirma seu compromisso em fomentar a literatura e a educa\u00e7\u00e3o em Aragua\u00edna e regi\u00e3o. A expectativa \u00e9 de que suas contribui\u00e7\u00f5es enrique\u00e7am ainda mais as atividades e projetos da associa\u00e7\u00e3o, beneficiando a comunidade local.<\/p>\n\n\n\n<figure class=\"wp-block-image size-large\"><img loading=\"lazy\" decoding=\"async\" width=\"1024\" height=\"777\" src=\"https:\/\/focotocantinense.com.br\/wp-content\/uploads\/2024\/04\/438092258_25313257731653983_8854098331540845231_n-1024x777.jpg\" alt=\"\" class=\"wp-image-7448\" srcset=\"https:\/\/focotocantinense.com.br\/wp-content\/uploads\/2024\/04\/438092258_25313257731653983_8854098331540845231_n-1024x777.jpg 1024w, https:\/\/focotocantinense.com.br\/wp-content\/uploads\/2024\/04\/438092258_25313257731653983_8854098331540845231_n-300x228.jpg 300w, https:\/\/focotocantinense.com.br\/wp-content\/uploads\/2024\/04\/438092258_25313257731653983_8854098331540845231_n-768x583.jpg 768w, https:\/\/focotocantinense.com.br\/wp-content\/uploads\/2024\/04\/438092258_25313257731653983_8854098331540845231_n.jpg 1440w\" sizes=\"auto, (max-width: 1024px) 100vw, 1024px\" \/><\/figure>\n\n\n\n<p><\/p>\n\n\n\n<figure class=\"wp-block-image size-full\"><img loading=\"lazy\" decoding=\"async\" width=\"843\" height=\"251\" src=\"https:\/\/focotocantinense.com.br\/wp-content\/uploads\/2024\/04\/VINI_181-17.jpg\" alt=\"\" class=\"wp-image-7453\" srcset=\"https:\/\/focotocantinense.com.br\/wp-content\/uploads\/2024\/04\/VINI_181-17.jpg 843w, https:\/\/focotocantinense.com.br\/wp-content\/uploads\/2024\/04\/VINI_181-17-300x89.jpg 300w, https:\/\/focotocantinense.com.br\/wp-content\/uploads\/2024\/04\/VINI_181-17-768x229.jpg 768w\" sizes=\"auto, (max-width: 843px) 100vw, 843px\" \/><\/figure>\n\n\n\n<p><\/p>\n","protected":false},"excerpt":{"rendered":"<p>Por Lu\u00eds Poeta Os membros da ACALANTO \u2013 Academia de Letras de Aragua\u00edna se reuniram em uma importante Assembleia Extraordin\u00e1ria no \u00faltimo s\u00e1bado, 27 de abril, no Sal\u00e3o de Eventos da&nbsp; AABB de Araguaina. O objetivo do encontro foi discutir e aprovar os nomes escolhidos pela Comiss\u00e3o Escrutinadora, composta pelos escritores Nelson Ferreira, Maria da &hellip;<\/p>\n","protected":false},"author":5,"featured_media":7448,"comment_status":"open","ping_status":"open","sticky":false,"template":"","format":"standard","meta":{"footnotes":""},"categories":[45],"tags":[],"class_list":["post-7447","post","type-post","status-publish","format-standard","has-post-thumbnail","","category-araguaina"],"_links":{"self":[{"href":"https:\/\/focotocantinense.com.br\/index.php?rest_route=\/wp\/v2\/posts\/7447","targetHints":{"allow":["GET"]}}],"collection":[{"href":"https:\/\/focotocantinense.com.br\/index.php?rest_route=\/wp\/v2\/posts"}],"about":[{"href":"https:\/\/focotocantinense.com.br\/index.php?rest_route=\/wp\/v2\/types\/post"}],"author":[{"embeddable":true,"href":"https:\/\/focotocantinense.com.br\/index.php?rest_route=\/wp\/v2\/users\/5"}],"replies":[{"embeddable":true,"href":"https:\/\/focotocantinense.com.br\/index.php?rest_route=%2Fwp%2Fv2%2Fcomments&post=7447"}],"version-history":[{"count":2,"href":"https:\/\/focotocantinense.com.br\/index.php?rest_route=\/wp\/v2\/posts\/7447\/revisions"}],"predecessor-version":[{"id":7454,"href":"https:\/\/focotocantinense.com.br\/index.php?rest_route=\/wp\/v2\/posts\/7447\/revisions\/7454"}],"wp:featuredmedia":[{"embeddable":true,"href":"https:\/\/focotocantinense.com.br\/index.php?rest_route=\/wp\/v2\/media\/7448"}],"wp:attachment":[{"href":"https:\/\/focotocantinense.com.br\/index.php?rest_route=%2Fwp%2Fv2%2Fmedia&parent=7447"}],"wp:term":[{"taxonomy":"category","embeddable":true,"href":"https:\/\/focotocantinense.com.br\/index.php?rest_route=%2Fwp%2Fv2%2Fcategories&post=7447"},{"taxonomy":"post_tag","embeddable":true,"href":"https:\/\/focotocantinense.com.br\/index.php?rest_route=%2Fwp%2Fv2%2Ftags&post=7447"}],"curies":[{"name":"wp","href":"https:\/\/api.w.org\/{rel}","templated":true}]}}