{"id":7443,"date":"2024-04-26T10:15:35","date_gmt":"2024-04-26T13:15:35","guid":{"rendered":"https:\/\/focotocantinense.com.br\/?p=7443"},"modified":"2024-04-26T10:15:36","modified_gmt":"2024-04-26T13:15:36","slug":"em-luzimangues-vicentinho-alves-declara-apoio-incondicional-a-pre-candidatura-a-prefeito-de-antonio-andrade-somos-um-time","status":"publish","type":"post","link":"https:\/\/focotocantinense.com.br\/?p=7443","title":{"rendered":"Em Luzimangues, Vicentinho Alves declara apoio incondicional a pr\u00e9-candidatura \u00e0 prefeito de Antonio Andrade, \u201csomos um time\u201d"},"content":{"rendered":"\n<p>Numa demonstra\u00e7\u00e3o de parceria pol\u00edtica voltada ao progresso de Porto Nacional, o deputado federal Vicentinho J\u00fanior destaca que base governista e Antonio Andrade s\u00e3o um time. Declara\u00e7\u00e3o foi dada em evento realizado em Luzimangues, que contou com a participa\u00e7\u00e3o de pol\u00edticos, secret\u00e1rios de Estado, comerciantes, e a popula\u00e7\u00e3o.<\/p>\n\n\n\n<p>Andrade \u00e9 definido pelo governador como o nome que sintetiza a experi\u00eancia e o desenvolvimento para Porto Nacional. Tendo em vista sua capacidade de dialogar com todos os setores da sociedade, a lideran\u00e7a pol\u00edtica e os compromissos cumpridos com a base social.<\/p>\n\n\n\n<p>\u201cA soma de ideias com proposituras importantes para Porto Nacional nos une, pois a pol\u00edtica \u00e9 a constru\u00e7\u00e3o do bem comum. Toinho est\u00e1 encabe\u00e7ando um projeto coletivo em prol de Porto Nacional, ele \u00e9 um retrato fiel de perseveran\u00e7a, vis\u00e3o pol\u00edtica e determina\u00e7\u00e3o, um homem de palavra. Seguiremos lado a lado por uma Porto Nacional melhor\u201d, finalizou o governador.<\/p>\n\n\n\n<p>Vicentinho J\u00fanior n\u00e3o poupou elogios \u00e0 Antonio Andrade. \u201cEstamos motivados por uma forte unidade, o time \u00e9 bom, capitaneado pelo governador Wanderlei Barbosa. Nossa uni\u00e3o vai trazer obras importantes, Toinho enquanto deputado estadual e federal, colocou muitos recursos para Porto Nacional e ajudou tantos outros munic\u00edpios, por isso defendo a import\u00e2ncia dele para o desenvolvimento de Porto. Um homem que sempre lutou por essa cidade. Ele j\u00e1 mostrou que \u00e9 capaz de realizar uma administra\u00e7\u00e3o de sucesso \u00e0 frente da prefeitura de Porto Nacional, por isso, vamos caminhar juntos\u201d, ressaltou .<\/p>\n\n\n\n<figure class=\"wp-block-gallery has-nested-images columns-default is-cropped wp-block-gallery-1 is-layout-flex wp-block-gallery-is-layout-flex\">\n<figure class=\"wp-block-image size-large\"><img loading=\"lazy\" decoding=\"async\" width=\"1024\" height=\"682\" data-id=\"7444\" src=\"https:\/\/focotocantinense.com.br\/wp-content\/uploads\/2024\/04\/WhatsApp-Image-2024-04-26-at-10.03.41-1024x682.jpeg\" alt=\"\" class=\"wp-image-7444\" srcset=\"https:\/\/focotocantinense.com.br\/wp-content\/uploads\/2024\/04\/WhatsApp-Image-2024-04-26-at-10.03.41-1024x682.jpeg 1024w, https:\/\/focotocantinense.com.br\/wp-content\/uploads\/2024\/04\/WhatsApp-Image-2024-04-26-at-10.03.41-300x200.jpeg 300w, https:\/\/focotocantinense.com.br\/wp-content\/uploads\/2024\/04\/WhatsApp-Image-2024-04-26-at-10.03.41-768x512.jpeg 768w, https:\/\/focotocantinense.com.br\/wp-content\/uploads\/2024\/04\/WhatsApp-Image-2024-04-26-at-10.03.41-310x205.jpeg 310w, https:\/\/focotocantinense.com.br\/wp-content\/uploads\/2024\/04\/WhatsApp-Image-2024-04-26-at-10.03.41.jpeg 1280w\" sizes=\"auto, (max-width: 1024px) 100vw, 1024px\" \/><\/figure>\n<\/figure>\n\n\n\n<p>Antonio Andrade enfatizou que a uni\u00e3o em torno de sua pr\u00e9-candidatura a prefeito \u00e9 um marco muito significativo, e manifestou sua gratid\u00e3o pela confian\u00e7a recebida.<\/p>\n\n\n\n<p>&#8220;Fico muito grato e contente pelas palavras do governador e do deputado Vicentinho, enfatizo que s\u00e3o rec\u00edprocas. Estou verdadeiramente honrado e ciente de que Porto Nacional tem um potencial enorme e pode se desenvolver ainda mais\u201d, concluiu.<\/p>\n\n\n\n<p>Assessoria de Comunica\u00e7\u00e3o &#8211; Deputado Federal Antonio Andrade<\/p>\n","protected":false},"excerpt":{"rendered":"<p>Numa demonstra\u00e7\u00e3o de parceria pol\u00edtica voltada ao progresso de Porto Nacional, o deputado federal Vicentinho J\u00fanior destaca que base governista e Antonio Andrade s\u00e3o um time. Declara\u00e7\u00e3o foi dada em evento realizado em Luzimangues, que contou com a participa\u00e7\u00e3o de pol\u00edticos, secret\u00e1rios de Estado, comerciantes, e a popula\u00e7\u00e3o. Andrade \u00e9 definido pelo governador como o &hellip;<\/p>\n","protected":false},"author":5,"featured_media":7444,"comment_status":"open","ping_status":"open","sticky":false,"template":"","format":"standard","meta":{"footnotes":""},"categories":[1],"tags":[],"class_list":["post-7443","post","type-post","status-publish","format-standard","has-post-thumbnail","","category-sem-categoria"],"_links":{"self":[{"href":"https:\/\/focotocantinense.com.br\/index.php?rest_route=\/wp\/v2\/posts\/7443","targetHints":{"allow":["GET"]}}],"collection":[{"href":"https:\/\/focotocantinense.com.br\/index.php?rest_route=\/wp\/v2\/posts"}],"about":[{"href":"https:\/\/focotocantinense.com.br\/index.php?rest_route=\/wp\/v2\/types\/post"}],"author":[{"embeddable":true,"href":"https:\/\/focotocantinense.com.br\/index.php?rest_route=\/wp\/v2\/users\/5"}],"replies":[{"embeddable":true,"href":"https:\/\/focotocantinense.com.br\/index.php?rest_route=%2Fwp%2Fv2%2Fcomments&post=7443"}],"version-history":[{"count":1,"href":"https:\/\/focotocantinense.com.br\/index.php?rest_route=\/wp\/v2\/posts\/7443\/revisions"}],"predecessor-version":[{"id":7446,"href":"https:\/\/focotocantinense.com.br\/index.php?rest_route=\/wp\/v2\/posts\/7443\/revisions\/7446"}],"wp:featuredmedia":[{"embeddable":true,"href":"https:\/\/focotocantinense.com.br\/index.php?rest_route=\/wp\/v2\/media\/7444"}],"wp:attachment":[{"href":"https:\/\/focotocantinense.com.br\/index.php?rest_route=%2Fwp%2Fv2%2Fmedia&parent=7443"}],"wp:term":[{"taxonomy":"category","embeddable":true,"href":"https:\/\/focotocantinense.com.br\/index.php?rest_route=%2Fwp%2Fv2%2Fcategories&post=7443"},{"taxonomy":"post_tag","embeddable":true,"href":"https:\/\/focotocantinense.com.br\/index.php?rest_route=%2Fwp%2Fv2%2Ftags&post=7443"}],"curies":[{"name":"wp","href":"https:\/\/api.w.org\/{rel}","templated":true}]}}