{"id":7438,"date":"2024-04-26T07:23:07","date_gmt":"2024-04-26T10:23:07","guid":{"rendered":"https:\/\/focotocantinense.com.br\/?p=7438"},"modified":"2024-04-26T07:23:07","modified_gmt":"2024-04-26T10:23:07","slug":"prefeitura-apoia-realizacao-da-gurupi-e-tem-e-e-reconhecida-por-premiacoes","status":"publish","type":"post","link":"https:\/\/focotocantinense.com.br\/?p=7438","title":{"rendered":"Prefeitura apoia realiza\u00e7\u00e3o da Gurupi e TEM e \u00e9 reconhecida por premia\u00e7\u00f5es"},"content":{"rendered":"\n<p>A Prefeitura de Gurupi \u00e9 novamente parceira na realiza\u00e7\u00e3o da 4\u00aa edi\u00e7\u00e3o da Gurupi TEM realizada pelo Sebrae Tocantins. A feira foi lan\u00e7ada nesta quarta-feira, 25, e tem como objetivo promover o fomento de neg\u00f3cios e a exposi\u00e7\u00e3o de produtos e servi\u00e7os locais para toda a sociedade, aquecendo assim a economia da regi\u00e3o Sul.<\/p>\n\n\n\n<p>A Gurupi TEM vai contar com 130 expositores. O Sebrae estima que R$ 30 mil pessoas visitem a feira nos dias de evento e movimente R$ 25 milh\u00f5es em neg\u00f3cios.<\/p>\n\n\n\n<p>Durante o lan\u00e7amento, a prefeita Josi Nunes, destacou que a Gurupi TEM \u00e9 uma feira consolidada e importante para toda a regi\u00e3o com uma oportunidade para apresentar todas as potencialidades de neg\u00f3cios e uma possibilidade de atrair pessoas da regi\u00e3o Sul para compras, assim movimentando o com\u00e9rcio, gerando emprego e renda, al\u00e9m de fomentar o turismo de neg\u00f3cios, que \u00e9 uma peculiaridade da Capital da Amizade. \u201cA Prefeitura \u00e9 parceira dos grandes eventos da cidade e a Gurupi TEM \u00e9 um evento extremamente importante para a promo\u00e7\u00e3o do aquecimento econ\u00f4mico e divulga\u00e7\u00e3o\u201d, ressaltou.<\/p>\n\n\n\n<p>A gerente do Sebrae- regional Sul, Paula Alencar, ressaltou a parceria entre a institui\u00e7\u00e3o e a Prefeitura para o sucesso de mais uma edi\u00e7\u00e3o. \u201cNingu\u00e9m faz nada sozinho e mais uma vez contamos com a importante parceria da Prefeitura, que acredita no empreendedorismo, inclusive, semana passada, a prefeita Josi Nunes recebeu o pr\u00eamio Prefeitura Empreendedora, justamente porque fomenta o empreendedorismo na cidade\u201d, ressaltou.<\/p>\n\n\n\n<p>O diretor t\u00e9cnico do Sebrae, Rog\u00e9rio Ramos, comentou que a feira de neg\u00f3cios Gurupi TEM \u00e9 um caso de sucesso da regi\u00e3o Sul do estado e a cada ano, vem expandindo sua capacidade de atendimento para pessoas interessadas em promover seus neg\u00f3cios.<\/p>\n\n\n\n<p>&nbsp;<strong>Reconhecimento<\/strong><\/p>\n\n\n\n<p>Durante o lan\u00e7amento, a Prefeitura de Gurupi recebeu um pr\u00eamio de reconhecimento de Prefeitura Empreendedora em raz\u00e3o da conquista do 1\u00ba lugar do Pr\u00eamio Sebrae na categoria Cidade Empreendedora com o Projeto &#8220;Cidades das Oportunidades; e o segundo lugar na categoria Governan\u00e7a Territorial, com o Projeto &#8220;Cidades Unidas&#8221;.<\/p>\n\n\n\n<p>A diretoria do Sebrae tamb\u00e9m relembrou a premia\u00e7\u00e3o da Sala do Empreendedor de Gurupi, premiada pela qualidade dos servi\u00e7os e elevada \u00e0 categoria Ouro, e tamb\u00e9m da Casa do Empreendedor, que foi a vencedora como a de maior n\u00famero total de atendimentos no Estado e tamb\u00e9m pela qualidade dos servi\u00e7os, avaliada pelos usu\u00e1rios (NPS), na categoria com mais de 2.500 MEIs.<\/p>\n\n\n\n<figure class=\"wp-block-image size-full\"><img loading=\"lazy\" decoding=\"async\" width=\"917\" height=\"503\" src=\"https:\/\/focotocantinense.com.br\/wp-content\/uploads\/2024\/04\/8a097369-dc33-4d28-bd96-76a5d8bc8026.jpg\" alt=\"\" class=\"wp-image-7439\" srcset=\"https:\/\/focotocantinense.com.br\/wp-content\/uploads\/2024\/04\/8a097369-dc33-4d28-bd96-76a5d8bc8026.jpg 917w, https:\/\/focotocantinense.com.br\/wp-content\/uploads\/2024\/04\/8a097369-dc33-4d28-bd96-76a5d8bc8026-300x165.jpg 300w, https:\/\/focotocantinense.com.br\/wp-content\/uploads\/2024\/04\/8a097369-dc33-4d28-bd96-76a5d8bc8026-768x421.jpg 768w\" sizes=\"auto, (max-width: 917px) 100vw, 917px\" \/><\/figure>\n\n\n\n<p><\/p>\n\n\n\n<figure class=\"wp-block-image size-full\"><img loading=\"lazy\" decoding=\"async\" width=\"843\" height=\"251\" src=\"https:\/\/focotocantinense.com.br\/wp-content\/uploads\/2024\/04\/VINI_181-16.jpg\" alt=\"\" class=\"wp-image-7440\" srcset=\"https:\/\/focotocantinense.com.br\/wp-content\/uploads\/2024\/04\/VINI_181-16.jpg 843w, https:\/\/focotocantinense.com.br\/wp-content\/uploads\/2024\/04\/VINI_181-16-300x89.jpg 300w, https:\/\/focotocantinense.com.br\/wp-content\/uploads\/2024\/04\/VINI_181-16-768x229.jpg 768w\" sizes=\"auto, (max-width: 843px) 100vw, 843px\" \/><\/figure>\n","protected":false},"excerpt":{"rendered":"<p>A Prefeitura de Gurupi \u00e9 novamente parceira na realiza\u00e7\u00e3o da 4\u00aa edi\u00e7\u00e3o da Gurupi TEM realizada pelo Sebrae Tocantins. A feira foi lan\u00e7ada nesta quarta-feira, 25, e tem como objetivo promover o fomento de neg\u00f3cios e a exposi\u00e7\u00e3o de produtos e servi\u00e7os locais para toda a sociedade, aquecendo assim a economia da regi\u00e3o Sul. A &hellip;<\/p>\n","protected":false},"author":5,"featured_media":7439,"comment_status":"open","ping_status":"open","sticky":false,"template":"","format":"standard","meta":{"footnotes":""},"categories":[38],"tags":[],"class_list":["post-7438","post","type-post","status-publish","format-standard","has-post-thumbnail","","category-gurupi"],"_links":{"self":[{"href":"https:\/\/focotocantinense.com.br\/index.php?rest_route=\/wp\/v2\/posts\/7438","targetHints":{"allow":["GET"]}}],"collection":[{"href":"https:\/\/focotocantinense.com.br\/index.php?rest_route=\/wp\/v2\/posts"}],"about":[{"href":"https:\/\/focotocantinense.com.br\/index.php?rest_route=\/wp\/v2\/types\/post"}],"author":[{"embeddable":true,"href":"https:\/\/focotocantinense.com.br\/index.php?rest_route=\/wp\/v2\/users\/5"}],"replies":[{"embeddable":true,"href":"https:\/\/focotocantinense.com.br\/index.php?rest_route=%2Fwp%2Fv2%2Fcomments&post=7438"}],"version-history":[{"count":1,"href":"https:\/\/focotocantinense.com.br\/index.php?rest_route=\/wp\/v2\/posts\/7438\/revisions"}],"predecessor-version":[{"id":7441,"href":"https:\/\/focotocantinense.com.br\/index.php?rest_route=\/wp\/v2\/posts\/7438\/revisions\/7441"}],"wp:featuredmedia":[{"embeddable":true,"href":"https:\/\/focotocantinense.com.br\/index.php?rest_route=\/wp\/v2\/media\/7439"}],"wp:attachment":[{"href":"https:\/\/focotocantinense.com.br\/index.php?rest_route=%2Fwp%2Fv2%2Fmedia&parent=7438"}],"wp:term":[{"taxonomy":"category","embeddable":true,"href":"https:\/\/focotocantinense.com.br\/index.php?rest_route=%2Fwp%2Fv2%2Fcategories&post=7438"},{"taxonomy":"post_tag","embeddable":true,"href":"https:\/\/focotocantinense.com.br\/index.php?rest_route=%2Fwp%2Fv2%2Ftags&post=7438"}],"curies":[{"name":"wp","href":"https:\/\/api.w.org\/{rel}","templated":true}]}}