{"id":7431,"date":"2024-04-25T22:33:16","date_gmt":"2024-04-26T01:33:16","guid":{"rendered":"https:\/\/focotocantinense.com.br\/?p=7431"},"modified":"2024-04-25T22:33:44","modified_gmt":"2024-04-26T01:33:44","slug":"escola-municipal-de-tocantinia-promove-a-culminancia-do-projeto-leitura-viva","status":"publish","type":"post","link":"https:\/\/focotocantinense.com.br\/?p=7431","title":{"rendered":"Escola municipal de Tocant\u00ednia promove a culmin\u00e2ncia do Projeto Leitura Viva"},"content":{"rendered":"\n<p>Por Zacarias Martins<\/p>\n\n\n\n<p>Nesta quinta-feira, 25, na Escola Municipal Professor Constantino Pedro de Castro, em Tocant\u00ednia, aconteceu a culmin\u00e2ncia do Projeto Leitura Viva referente ao primeiro bimestre, tendo como tem\u00e1tica quest\u00f5es relacionadas com a&nbsp; Manifesta\u00e7\u00e3o da Cultura Akw\u0113 Xerente.<\/p>\n\n\n\n<p>A Culmin\u00e2ncia contou com v\u00e1rias apresenta\u00e7\u00f5es com diferentes g\u00eaneros textuais como par\u00f3dias, m\u00fasicas, teatro,&nbsp; dentre outras. Na oportunidade,&nbsp;estiveram &nbsp;presentes ao acontecimento, pais de alunos, alunos de outras escolas e a Coordenadora do Projeto Leitura Viva, Carmem L\u00facia Dias.<\/p>\n\n\n\n<p>A Coordenadora Pedag\u00f3gica da unidade escolar, &nbsp;Sebastiana Alves Bezerra, destacou que esse &nbsp;projeto \u00e9 de suma import\u00e2ncia para o processo de ensino aprendizagem dos alunos, pois ele \u00e9 trabalhado durante todo o bimestre.&nbsp;<\/p>\n\n\n\n\n\n<p><\/p>\n\n\n\n<figure class=\"wp-block-image size-large is-resized\"><img loading=\"lazy\" decoding=\"async\" width=\"1024\" height=\"576\" src=\"https:\/\/focotocantinense.com.br\/wp-content\/uploads\/2024\/04\/44444444444444-1024x576.jpg\" alt=\"\" class=\"wp-image-7435\" style=\"width:392px;height:auto\" srcset=\"https:\/\/focotocantinense.com.br\/wp-content\/uploads\/2024\/04\/44444444444444-1024x576.jpg 1024w, https:\/\/focotocantinense.com.br\/wp-content\/uploads\/2024\/04\/44444444444444-300x169.jpg 300w, https:\/\/focotocantinense.com.br\/wp-content\/uploads\/2024\/04\/44444444444444-768x432.jpg 768w, https:\/\/focotocantinense.com.br\/wp-content\/uploads\/2024\/04\/44444444444444-1536x864.jpg 1536w, https:\/\/focotocantinense.com.br\/wp-content\/uploads\/2024\/04\/44444444444444.jpg 1600w\" sizes=\"auto, (max-width: 1024px) 100vw, 1024px\" \/><\/figure>\n\n\n\n<p><\/p>\n\n\n\n<figure class=\"wp-block-image size-full\"><img loading=\"lazy\" decoding=\"async\" width=\"949\" height=\"450\" src=\"https:\/\/focotocantinense.com.br\/wp-content\/uploads\/2024\/04\/555555555555.jpg\" alt=\"\" class=\"wp-image-7434\" srcset=\"https:\/\/focotocantinense.com.br\/wp-content\/uploads\/2024\/04\/555555555555.jpg 949w, https:\/\/focotocantinense.com.br\/wp-content\/uploads\/2024\/04\/555555555555-300x142.jpg 300w, https:\/\/focotocantinense.com.br\/wp-content\/uploads\/2024\/04\/555555555555-768x364.jpg 768w\" sizes=\"auto, (max-width: 949px) 100vw, 949px\" \/><\/figure>\n\n\n\n<p><\/p>\n\n\n\n<figure class=\"wp-block-image size-full\"><img loading=\"lazy\" decoding=\"async\" width=\"909\" height=\"441\" src=\"https:\/\/focotocantinense.com.br\/wp-content\/uploads\/2024\/04\/1-TOCANTINIA.jpg\" alt=\"\" class=\"wp-image-7433\" srcset=\"https:\/\/focotocantinense.com.br\/wp-content\/uploads\/2024\/04\/1-TOCANTINIA.jpg 909w, https:\/\/focotocantinense.com.br\/wp-content\/uploads\/2024\/04\/1-TOCANTINIA-300x146.jpg 300w, https:\/\/focotocantinense.com.br\/wp-content\/uploads\/2024\/04\/1-TOCANTINIA-768x373.jpg 768w\" sizes=\"auto, (max-width: 909px) 100vw, 909px\" \/><\/figure>\n\n\n\n<figure class=\"wp-block-image size-full\"><img loading=\"lazy\" decoding=\"async\" width=\"843\" height=\"251\" src=\"https:\/\/focotocantinense.com.br\/wp-content\/uploads\/2024\/04\/VINI_181-15.jpg\" alt=\"\" class=\"wp-image-7399\" srcset=\"https:\/\/focotocantinense.com.br\/wp-content\/uploads\/2024\/04\/VINI_181-15.jpg 843w, https:\/\/focotocantinense.com.br\/wp-content\/uploads\/2024\/04\/VINI_181-15-300x89.jpg 300w, https:\/\/focotocantinense.com.br\/wp-content\/uploads\/2024\/04\/VINI_181-15-768x229.jpg 768w\" sizes=\"auto, (max-width: 843px) 100vw, 843px\" \/><\/figure>\n","protected":false},"excerpt":{"rendered":"<p>Por Zacarias Martins Nesta quinta-feira, 25, na Escola Municipal Professor Constantino Pedro de Castro, em Tocant\u00ednia, aconteceu a culmin\u00e2ncia do Projeto Leitura Viva referente ao primeiro bimestre, tendo como tem\u00e1tica quest\u00f5es relacionadas com a&nbsp; Manifesta\u00e7\u00e3o da Cultura Akw\u0113 Xerente. A Culmin\u00e2ncia contou com v\u00e1rias apresenta\u00e7\u00f5es com diferentes g\u00eaneros textuais como par\u00f3dias, m\u00fasicas, teatro,&nbsp; dentre outras. &hellip;<\/p>\n","protected":false},"author":5,"featured_media":7432,"comment_status":"open","ping_status":"open","sticky":false,"template":"","format":"standard","meta":{"footnotes":""},"categories":[78],"tags":[],"class_list":["post-7431","post","type-post","status-publish","format-standard","has-post-thumbnail","","category-tocantinia"],"_links":{"self":[{"href":"https:\/\/focotocantinense.com.br\/index.php?rest_route=\/wp\/v2\/posts\/7431","targetHints":{"allow":["GET"]}}],"collection":[{"href":"https:\/\/focotocantinense.com.br\/index.php?rest_route=\/wp\/v2\/posts"}],"about":[{"href":"https:\/\/focotocantinense.com.br\/index.php?rest_route=\/wp\/v2\/types\/post"}],"author":[{"embeddable":true,"href":"https:\/\/focotocantinense.com.br\/index.php?rest_route=\/wp\/v2\/users\/5"}],"replies":[{"embeddable":true,"href":"https:\/\/focotocantinense.com.br\/index.php?rest_route=%2Fwp%2Fv2%2Fcomments&post=7431"}],"version-history":[{"count":2,"href":"https:\/\/focotocantinense.com.br\/index.php?rest_route=\/wp\/v2\/posts\/7431\/revisions"}],"predecessor-version":[{"id":7437,"href":"https:\/\/focotocantinense.com.br\/index.php?rest_route=\/wp\/v2\/posts\/7431\/revisions\/7437"}],"wp:featuredmedia":[{"embeddable":true,"href":"https:\/\/focotocantinense.com.br\/index.php?rest_route=\/wp\/v2\/media\/7432"}],"wp:attachment":[{"href":"https:\/\/focotocantinense.com.br\/index.php?rest_route=%2Fwp%2Fv2%2Fmedia&parent=7431"}],"wp:term":[{"taxonomy":"category","embeddable":true,"href":"https:\/\/focotocantinense.com.br\/index.php?rest_route=%2Fwp%2Fv2%2Fcategories&post=7431"},{"taxonomy":"post_tag","embeddable":true,"href":"https:\/\/focotocantinense.com.br\/index.php?rest_route=%2Fwp%2Fv2%2Ftags&post=7431"}],"curies":[{"name":"wp","href":"https:\/\/api.w.org\/{rel}","templated":true}]}}