{"id":7419,"date":"2024-04-25T22:07:50","date_gmt":"2024-04-26T01:07:50","guid":{"rendered":"https:\/\/focotocantinense.com.br\/?p=7419"},"modified":"2024-04-25T22:09:21","modified_gmt":"2024-04-26T01:09:21","slug":"lancamento-de-livro-de-zacarias-martins-movimenta-colegio-civico-militar-santa-rita","status":"publish","type":"post","link":"https:\/\/focotocantinense.com.br\/?p=7419","title":{"rendered":"Lan\u00e7amento de livro de Zacarias Martins movimenta Col\u00e9gio C\u00edvico Militar Santa Rita, em Taquaralto"},"content":{"rendered":"\n<p><strong>Por Clara Santos<\/strong><\/p>\n\n\n\n<p>Dentro das a\u00e7\u00f5es inseridas no Componente curricular&nbsp; Projeto de Vida, o Col\u00e9gio Esportivo C\u00edvico Militar Santa Rita de C\u00e1ssia,&nbsp; localizado no Jardim Aureny I, em Taquaralto, promoveu na manh\u00e3 desta quinta-feira, 25,&nbsp; &nbsp;&nbsp;uma roda de conversa liter\u00e1ria com o consagrado jornalista, poeta e ativista cultural Zacarias Martins,&nbsp; titular da Academia Tocantinense de Letras (ATL).<\/p>\n\n\n\n<p>Al\u00e9m da roda de conversa, o autor fez o lan\u00e7amento da terceira edi\u00e7\u00e3o do seu livro de poemas \u201c<strong><em>Pinga-Fogo<\/em><\/strong>\u201d, publicado pela Editora Veloso e que foi contemplado no m\u00f3dulo I da categoria Linguagens Art\u00edsticas \u2013 Literatura, do edital Artes Tocantins 2023, do Governo do Tocantins.<\/p>\n\n\n\n<p>De forma descontra\u00edda, Zacarias falou um pouco de sua hist\u00f3ria e destacou que cada um pode ser o que quiser, ou seja, o sucesso \u00e9 resultado das a\u00e7\u00f5es daqueles que buscam alcan\u00e7\u00e1-lo. Os estudantes participaram ativamente e ao final foram premiados pelo escritor com um recital de poemas e sorteio de livros de sua autoria.&nbsp; O autor tamb\u00e9m fez a doa\u00e7\u00e3o de alguns exemplares de sua obra, para refor\u00e7ar o acervo da biblioteca escolar.<\/p>\n\n\n\n<p><strong>Objetivo<\/strong><\/p>\n\n\n\n<p>A iniciativa &nbsp;de convidar&nbsp; o poeta Zacarias Martins &nbsp;&nbsp;para essa a\u00e7\u00e3o no col\u00e9gio, partiu do professor Pedro Ferreira, que atua na \u00e1rea de Ci\u00eancias Humanas e Sociais Aplicadas em que se insere o &nbsp;Componente Curricular&nbsp; Projeto de Vida, que tem por objetivo orientar os estudantes a fazer escolhas alinhadas ao exerc\u00edcio da cidadania e ao seu projeto de vida, com liberdade e responsabilidade.<\/p>\n\n\n\n<p><strong>Momento prazeroso<\/strong><\/p>\n\n\n\n<p>O professor Pedro Ferreira fez uma avalia\u00e7\u00e3o sobre a passagem do poeta por aquela unidade escolar:<\/p>\n\n\n\n<p>\u201cConhecendo o trabalho do Zacarias Martins j\u00e1 sab\u00edamos que seria um sucesso. No entanto, posso afirmar que superou nossas expectativas. A sua fala sobre a import\u00e2ncia da leitura na tomada de consci\u00eancia de que as escolhas que fazemos determina o que nos tornaremos, &nbsp;vem ao &nbsp;encontro com o que trabalhamos no Componente Curricular de Projeto de Vida\u201d, afirmou o professor.<\/p>\n\n\n\n<p>Pedro Ferreira tamb\u00e9m destacou \u00a0a forma din\u00e2mica e divertida com que Zacarias Martins \u00a0conduziu a roda de conversa que, \u00a0de forma criativa e alegre \u00a0desenvolve sua narrativa articulando passado e presente, envolvendo a todos que ouvem a sua mensagem, tornando o momento prazeroso.<\/p>\n\n\n\n\n\n<p><\/p>\n\n\n\n<figure class=\"wp-block-image size-full is-resized\"><img loading=\"lazy\" decoding=\"async\" width=\"672\" height=\"437\" src=\"https:\/\/focotocantinense.com.br\/wp-content\/uploads\/2024\/04\/aaaaaaaaaaaaaaaaaaaaaaa-1.jpg\" alt=\"\" class=\"wp-image-7425\" style=\"width:840px;height:auto\" srcset=\"https:\/\/focotocantinense.com.br\/wp-content\/uploads\/2024\/04\/aaaaaaaaaaaaaaaaaaaaaaa-1.jpg 672w, https:\/\/focotocantinense.com.br\/wp-content\/uploads\/2024\/04\/aaaaaaaaaaaaaaaaaaaaaaa-1-300x195.jpg 300w\" sizes=\"auto, (max-width: 672px) 100vw, 672px\" \/><\/figure>\n\n\n\n<p><\/p>\n\n\n\n<figure class=\"wp-block-image size-large\"><img loading=\"lazy\" decoding=\"async\" width=\"768\" height=\"1024\" src=\"https:\/\/focotocantinense.com.br\/wp-content\/uploads\/2024\/04\/colegio-santa-rita-de-cassia-no-Jardim-Aurei-I-Palmas-768x1024.jpg\" alt=\"\" class=\"wp-image-7424\" srcset=\"https:\/\/focotocantinense.com.br\/wp-content\/uploads\/2024\/04\/colegio-santa-rita-de-cassia-no-Jardim-Aurei-I-Palmas-768x1024.jpg 768w, https:\/\/focotocantinense.com.br\/wp-content\/uploads\/2024\/04\/colegio-santa-rita-de-cassia-no-Jardim-Aurei-I-Palmas-225x300.jpg 225w, https:\/\/focotocantinense.com.br\/wp-content\/uploads\/2024\/04\/colegio-santa-rita-de-cassia-no-Jardim-Aurei-I-Palmas-1152x1536.jpg 1152w, https:\/\/focotocantinense.com.br\/wp-content\/uploads\/2024\/04\/colegio-santa-rita-de-cassia-no-Jardim-Aurei-I-Palmas-1536x2048.jpg 1536w, https:\/\/focotocantinense.com.br\/wp-content\/uploads\/2024\/04\/colegio-santa-rita-de-cassia-no-Jardim-Aurei-I-Palmas-scaled.jpg 1920w\" sizes=\"auto, (max-width: 768px) 100vw, 768px\" \/><\/figure>\n\n\n\n<p><\/p>\n\n\n\n<figure class=\"wp-block-image size-full is-resized\"><img loading=\"lazy\" decoding=\"async\" width=\"730\" height=\"482\" src=\"https:\/\/focotocantinense.com.br\/wp-content\/uploads\/2024\/04\/cccccccccccccc.jpg\" alt=\"\" class=\"wp-image-7423\" style=\"width:840px;height:auto\" srcset=\"https:\/\/focotocantinense.com.br\/wp-content\/uploads\/2024\/04\/cccccccccccccc.jpg 730w, https:\/\/focotocantinense.com.br\/wp-content\/uploads\/2024\/04\/cccccccccccccc-300x198.jpg 300w, https:\/\/focotocantinense.com.br\/wp-content\/uploads\/2024\/04\/cccccccccccccc-310x205.jpg 310w\" sizes=\"auto, (max-width: 730px) 100vw, 730px\" \/><\/figure>\n\n\n\n<p><\/p>\n\n\n\n<figure class=\"wp-block-image size-large\"><img loading=\"lazy\" decoding=\"async\" width=\"1024\" height=\"768\" src=\"https:\/\/focotocantinense.com.br\/wp-content\/uploads\/2024\/04\/4-Zacarias-Martins-lanca-livro-e-promove-roda-de-conversa-em-colegio-civico-militar-em-Taquaralto-Foto-Kerliane-Galvao-1024x768.jpg\" alt=\"\" class=\"wp-image-7422\" srcset=\"https:\/\/focotocantinense.com.br\/wp-content\/uploads\/2024\/04\/4-Zacarias-Martins-lanca-livro-e-promove-roda-de-conversa-em-colegio-civico-militar-em-Taquaralto-Foto-Kerliane-Galvao-1024x768.jpg 1024w, https:\/\/focotocantinense.com.br\/wp-content\/uploads\/2024\/04\/4-Zacarias-Martins-lanca-livro-e-promove-roda-de-conversa-em-colegio-civico-militar-em-Taquaralto-Foto-Kerliane-Galvao-300x225.jpg 300w, https:\/\/focotocantinense.com.br\/wp-content\/uploads\/2024\/04\/4-Zacarias-Martins-lanca-livro-e-promove-roda-de-conversa-em-colegio-civico-militar-em-Taquaralto-Foto-Kerliane-Galvao-768x576.jpg 768w, https:\/\/focotocantinense.com.br\/wp-content\/uploads\/2024\/04\/4-Zacarias-Martins-lanca-livro-e-promove-roda-de-conversa-em-colegio-civico-militar-em-Taquaralto-Foto-Kerliane-Galvao-1536x1152.jpg 1536w, https:\/\/focotocantinense.com.br\/wp-content\/uploads\/2024\/04\/4-Zacarias-Martins-lanca-livro-e-promove-roda-de-conversa-em-colegio-civico-militar-em-Taquaralto-Foto-Kerliane-Galvao-2048x1536.jpg 2048w\" sizes=\"auto, (max-width: 1024px) 100vw, 1024px\" \/><\/figure>\n\n\n\n<p><\/p>\n\n\n\n<figure class=\"wp-block-image size-full is-resized\"><img loading=\"lazy\" decoding=\"async\" width=\"534\" height=\"341\" src=\"https:\/\/focotocantinense.com.br\/wp-content\/uploads\/2024\/04\/fffff.jpg\" alt=\"\" class=\"wp-image-7421\" style=\"width:840px;height:auto\" srcset=\"https:\/\/focotocantinense.com.br\/wp-content\/uploads\/2024\/04\/fffff.jpg 534w, https:\/\/focotocantinense.com.br\/wp-content\/uploads\/2024\/04\/fffff-300x192.jpg 300w\" sizes=\"auto, (max-width: 534px) 100vw, 534px\" \/><\/figure>\n\n\n\n<p><\/p>\n\n\n\n<figure class=\"wp-block-image size-large\"><img loading=\"lazy\" decoding=\"async\" width=\"768\" height=\"1024\" src=\"https:\/\/focotocantinense.com.br\/wp-content\/uploads\/2024\/04\/6-Zacarias-Martins-lanca-livro-e-promove-roda-de-conversa-em-colegio-civico-militar-em-Taquaralto-Foto-Kerliane-Galvao-768x1024.jpg\" alt=\"\" class=\"wp-image-7420\" srcset=\"https:\/\/focotocantinense.com.br\/wp-content\/uploads\/2024\/04\/6-Zacarias-Martins-lanca-livro-e-promove-roda-de-conversa-em-colegio-civico-militar-em-Taquaralto-Foto-Kerliane-Galvao-768x1024.jpg 768w, https:\/\/focotocantinense.com.br\/wp-content\/uploads\/2024\/04\/6-Zacarias-Martins-lanca-livro-e-promove-roda-de-conversa-em-colegio-civico-militar-em-Taquaralto-Foto-Kerliane-Galvao-225x300.jpg 225w, https:\/\/focotocantinense.com.br\/wp-content\/uploads\/2024\/04\/6-Zacarias-Martins-lanca-livro-e-promove-roda-de-conversa-em-colegio-civico-militar-em-Taquaralto-Foto-Kerliane-Galvao-1152x1536.jpg 1152w, https:\/\/focotocantinense.com.br\/wp-content\/uploads\/2024\/04\/6-Zacarias-Martins-lanca-livro-e-promove-roda-de-conversa-em-colegio-civico-militar-em-Taquaralto-Foto-Kerliane-Galvao-1536x2048.jpg 1536w, https:\/\/focotocantinense.com.br\/wp-content\/uploads\/2024\/04\/6-Zacarias-Martins-lanca-livro-e-promove-roda-de-conversa-em-colegio-civico-militar-em-Taquaralto-Foto-Kerliane-Galvao-scaled.jpg 1920w\" sizes=\"auto, (max-width: 768px) 100vw, 768px\" \/><\/figure>\n\n\n\n<figure class=\"wp-block-image size-full\"><img loading=\"lazy\" decoding=\"async\" width=\"843\" height=\"251\" src=\"https:\/\/focotocantinense.com.br\/wp-content\/uploads\/2024\/04\/VINI_181-15.jpg\" alt=\"\" class=\"wp-image-7399\" srcset=\"https:\/\/focotocantinense.com.br\/wp-content\/uploads\/2024\/04\/VINI_181-15.jpg 843w, https:\/\/focotocantinense.com.br\/wp-content\/uploads\/2024\/04\/VINI_181-15-300x89.jpg 300w, https:\/\/focotocantinense.com.br\/wp-content\/uploads\/2024\/04\/VINI_181-15-768x229.jpg 768w\" sizes=\"auto, (max-width: 843px) 100vw, 843px\" \/><\/figure>\n","protected":false},"excerpt":{"rendered":"<p>Por Clara Santos Dentro das a\u00e7\u00f5es inseridas no Componente curricular&nbsp; Projeto de Vida, o Col\u00e9gio Esportivo C\u00edvico Militar Santa Rita de C\u00e1ssia,&nbsp; localizado no Jardim Aureny I, em Taquaralto, promoveu na manh\u00e3 desta quinta-feira, 25,&nbsp; &nbsp;&nbsp;uma roda de conversa liter\u00e1ria com o consagrado jornalista, poeta e ativista cultural Zacarias Martins,&nbsp; titular da Academia Tocantinense de &hellip;<\/p>\n","protected":false},"author":5,"featured_media":7426,"comment_status":"open","ping_status":"open","sticky":false,"template":"","format":"standard","meta":{"footnotes":""},"categories":[104,1],"tags":[],"class_list":["post-7419","post","type-post","status-publish","format-standard","has-post-thumbnail","","category-cultura","category-sem-categoria"],"_links":{"self":[{"href":"https:\/\/focotocantinense.com.br\/index.php?rest_route=\/wp\/v2\/posts\/7419","targetHints":{"allow":["GET"]}}],"collection":[{"href":"https:\/\/focotocantinense.com.br\/index.php?rest_route=\/wp\/v2\/posts"}],"about":[{"href":"https:\/\/focotocantinense.com.br\/index.php?rest_route=\/wp\/v2\/types\/post"}],"author":[{"embeddable":true,"href":"https:\/\/focotocantinense.com.br\/index.php?rest_route=\/wp\/v2\/users\/5"}],"replies":[{"embeddable":true,"href":"https:\/\/focotocantinense.com.br\/index.php?rest_route=%2Fwp%2Fv2%2Fcomments&post=7419"}],"version-history":[{"count":2,"href":"https:\/\/focotocantinense.com.br\/index.php?rest_route=\/wp\/v2\/posts\/7419\/revisions"}],"predecessor-version":[{"id":7429,"href":"https:\/\/focotocantinense.com.br\/index.php?rest_route=\/wp\/v2\/posts\/7419\/revisions\/7429"}],"wp:featuredmedia":[{"embeddable":true,"href":"https:\/\/focotocantinense.com.br\/index.php?rest_route=\/wp\/v2\/media\/7426"}],"wp:attachment":[{"href":"https:\/\/focotocantinense.com.br\/index.php?rest_route=%2Fwp%2Fv2%2Fmedia&parent=7419"}],"wp:term":[{"taxonomy":"category","embeddable":true,"href":"https:\/\/focotocantinense.com.br\/index.php?rest_route=%2Fwp%2Fv2%2Fcategories&post=7419"},{"taxonomy":"post_tag","embeddable":true,"href":"https:\/\/focotocantinense.com.br\/index.php?rest_route=%2Fwp%2Fv2%2Ftags&post=7419"}],"curies":[{"name":"wp","href":"https:\/\/api.w.org\/{rel}","templated":true}]}}