{"id":7415,"date":"2024-04-25T15:37:47","date_gmt":"2024-04-25T18:37:47","guid":{"rendered":"https:\/\/focotocantinense.com.br\/?p=7415"},"modified":"2024-04-25T15:37:48","modified_gmt":"2024-04-25T18:37:48","slug":"campeao-em-destinacao-de-recursos-antonio-andrade-se-destaca-na-camara-federal","status":"publish","type":"post","link":"https:\/\/focotocantinense.com.br\/?p=7415","title":{"rendered":"Campe\u00e3o em destina\u00e7\u00e3o de recursos, Antonio Andrade se destaca na c\u00e2mara federal"},"content":{"rendered":"\n<p>Em 1 ano e 4 meses de mandato, o parlamentar j\u00e1 destinou mais de R$40 milh\u00f5es ao Tocantins<\/p>\n\n\n\n<figure class=\"wp-block-image size-full is-resized\"><img loading=\"lazy\" decoding=\"async\" width=\"600\" height=\"800\" src=\"https:\/\/focotocantinense.com.br\/wp-content\/uploads\/2024\/04\/WhatsApp-Image-2024-04-22-at-16.10.10.jpeg\" alt=\"\" class=\"wp-image-7417\" style=\"width:255px;height:auto\" srcset=\"https:\/\/focotocantinense.com.br\/wp-content\/uploads\/2024\/04\/WhatsApp-Image-2024-04-22-at-16.10.10.jpeg 600w, https:\/\/focotocantinense.com.br\/wp-content\/uploads\/2024\/04\/WhatsApp-Image-2024-04-22-at-16.10.10-225x300.jpeg 225w\" sizes=\"auto, (max-width: 600px) 100vw, 600px\" \/><\/figure>\n\n\n\n<p>Fazendo jus aos 63.813 votos recebidos nas elei\u00e7\u00f5es de 2022, o deputado Antonio Andrade bate recorde de recursos federais destinados ao Tocantins, especialmente para Porto Nacional.<\/p>\n\n\n\n<p>Em 1 ano e 4 meses de mandato, o parlamentar j\u00e1 destinou mais de R$40 milh\u00f5es para atender munic\u00edpios de todas as regi\u00f5es do Estado. Recursos que viabilizaram a aquisi\u00e7\u00e3o de m\u00e1quinas, equipamentos, ve\u00edculos, melhorias nas unidades de sa\u00fade, educa\u00e7\u00e3o, reestrutura\u00e7\u00e3o de complexos esportivos, suporte na seguran\u00e7a e na infraestrutura.<\/p>\n\n\n\n<p>Com cinco mandatos como deputado, 4 vezes estadual e agora federal, Andrade sempre se posicionou em destinar recursos para as prefeituras dos munic\u00edpios, possibilitando desse modo a melhoria de vida da popula\u00e7\u00e3o.<\/p>\n\n\n\n<p>\u00c1reas contempladas:<\/p>\n\n\n\n<p>Em 2023 e 2024, foram destinados R$13 milh\u00f5es para compra de equipamentos aos munic\u00edpios.<br>R$ 1 milh\u00e3o para o social.<br>R$ 1.200.000 investidos em apoio ao turismo dos munic\u00edpios.<\/p>\n\n\n\n<p>Cultura<\/p>\n\n\n\n<p>R$700.000 investidos em cultura: Realiza\u00e7\u00e3o de feira agrotecnol\u00f3gica, realiza\u00e7\u00e3o de festival cultural e rodeio, festejos religiosos tradicionais, apoio a realiza\u00e7\u00e3o do Projeto Escola de Arte e Saberes Culturais.<\/p>\n\n\n\n<p>Sa\u00fade<\/p>\n\n\n\n<p>R$ 3.400.000 investidos em sa\u00fade da mulher, especificamente para cirurgia de reconstru\u00e7\u00e3o mam\u00e1ria p\u00f3s-mastectomia no Hospital Geral de Palmas e Hospital Geral de Aragua\u00edna.<br>R$ 1 milh\u00e3o para a\u00e7\u00f5es de sa\u00fade nos munic\u00edpios, aquisi\u00e7\u00e3o de equipamentos, obras em unidades de sa\u00fade, aquisi\u00e7\u00e3o de ve\u00edculos, custeio da Sa\u00fade.<\/p>\n\n\n\n<p>R$5.472.076,00 destinados para a sa\u00fade de Porto Nacional, o investimento foi para a aquisi\u00e7\u00e3o de motocicletas para os Agentes de Sa\u00fade e Endemias, custeio PAP de Luzimangues, custeio PAP de UBS em Porto, custeio de leitos de UTI ll Adulto do Hospital Regional de Porto Nacional, constru\u00e7\u00e3o do audit\u00f3rio do Hospital Regional e para o custeio MAC do Hospital Regional.<\/p>\n\n\n\n<p>Seguran\u00e7a<\/p>\n\n\n\n<p>R$ 3 milh\u00f5es para a Pol\u00edcia Militar, al\u00e9m de recursos para constru\u00e7\u00e3o de sedes da Pol\u00edcia Militar e do Corpo de Bombeiros na sede do munic\u00edpio de Porto Nacional e no distrito de Luzimangues. Tamb\u00e9m investiu na aquisi\u00e7\u00e3o de ve\u00edculo que atende as zonas urbana e rural de Porto Nacional, que hoje conta com ve\u00edculo adquirido por meio de recursos destinados por Antonio Andrade, fortalecendo o patrulhamento rural, dentre outras benfeitorias.<\/p>\n\n\n\n<p>Educa\u00e7\u00e3o<\/p>\n\n\n\n<p>Foram destinados mais de R$10 milh\u00f5es para a educa\u00e7\u00e3o do estado.<br>R$200.000 para a compra de equipamentos de inform\u00e1tica para o Col\u00e9gio Militar Cust\u00f3dia da Silva Pedreira.<br>Destina\u00e7\u00e3o de recursos para a aquisi\u00e7\u00e3o de \u00f4nibus que ir\u00e1 atender \u00e0s demandas dos alunos do Instituto Federal do Tocantins Campus Porto Nacional.<\/p>\n\n\n\n<p>E por \u00faltimo, mas n\u00e3o menos importante, o deputado celebra a inaugura\u00e7\u00e3o da nova ponte de Porto Nacional, que est\u00e1 prevista para acontecer no dia 14 de junho. Essa obra contou com forte atua\u00e7\u00e3o do parlamentar para sua execu\u00e7\u00e3o, desde a articula\u00e7\u00e3o para ter o aval da Assembleia Legislativa, at\u00e9 o empenho na busca dos recursos que viabilizaram essa conquista.<\/p>\n\n\n\n<p>O deputado atribui o bom desempenho de seu trabalho a dedica\u00e7\u00e3o di\u00e1ria e ao bom relacionamento na esfera estadual e federal. \u201c\u00c9 imprescind\u00edvel estarmos em sintonia, o trabalho em parceria com o Governo do Estado e com a bancada federal tem sido muito importante para o \u00eaxito de tantas iniciativas positivas. O prop\u00f3sito \u00e9 um s\u00f3, promover o desenvolvimento econ\u00f4mico e social em prol da popula\u00e7\u00e3o\u201d, finalizou Antonio Andrade.<\/p>\n\n\n\n<p>Assessoria de Comunica\u00e7\u00e3o \u2013 Deputado Federal Antonio Andrade<\/p>\n","protected":false},"excerpt":{"rendered":"<p>Em 1 ano e 4 meses de mandato, o parlamentar j\u00e1 destinou mais de R$40 milh\u00f5es ao Tocantins Fazendo jus aos 63.813 votos recebidos nas elei\u00e7\u00f5es de 2022, o deputado Antonio Andrade bate recorde de recursos federais destinados ao Tocantins, especialmente para Porto Nacional. Em 1 ano e 4 meses de mandato, o parlamentar j\u00e1 &hellip;<\/p>\n","protected":false},"author":5,"featured_media":7416,"comment_status":"open","ping_status":"open","sticky":false,"template":"","format":"standard","meta":{"footnotes":""},"categories":[1],"tags":[],"class_list":["post-7415","post","type-post","status-publish","format-standard","has-post-thumbnail","","category-sem-categoria"],"_links":{"self":[{"href":"https:\/\/focotocantinense.com.br\/index.php?rest_route=\/wp\/v2\/posts\/7415","targetHints":{"allow":["GET"]}}],"collection":[{"href":"https:\/\/focotocantinense.com.br\/index.php?rest_route=\/wp\/v2\/posts"}],"about":[{"href":"https:\/\/focotocantinense.com.br\/index.php?rest_route=\/wp\/v2\/types\/post"}],"author":[{"embeddable":true,"href":"https:\/\/focotocantinense.com.br\/index.php?rest_route=\/wp\/v2\/users\/5"}],"replies":[{"embeddable":true,"href":"https:\/\/focotocantinense.com.br\/index.php?rest_route=%2Fwp%2Fv2%2Fcomments&post=7415"}],"version-history":[{"count":1,"href":"https:\/\/focotocantinense.com.br\/index.php?rest_route=\/wp\/v2\/posts\/7415\/revisions"}],"predecessor-version":[{"id":7418,"href":"https:\/\/focotocantinense.com.br\/index.php?rest_route=\/wp\/v2\/posts\/7415\/revisions\/7418"}],"wp:featuredmedia":[{"embeddable":true,"href":"https:\/\/focotocantinense.com.br\/index.php?rest_route=\/wp\/v2\/media\/7416"}],"wp:attachment":[{"href":"https:\/\/focotocantinense.com.br\/index.php?rest_route=%2Fwp%2Fv2%2Fmedia&parent=7415"}],"wp:term":[{"taxonomy":"category","embeddable":true,"href":"https:\/\/focotocantinense.com.br\/index.php?rest_route=%2Fwp%2Fv2%2Fcategories&post=7415"},{"taxonomy":"post_tag","embeddable":true,"href":"https:\/\/focotocantinense.com.br\/index.php?rest_route=%2Fwp%2Fv2%2Ftags&post=7415"}],"curies":[{"name":"wp","href":"https:\/\/api.w.org\/{rel}","templated":true}]}}