{"id":7406,"date":"2024-04-24T19:41:12","date_gmt":"2024-04-24T22:41:12","guid":{"rendered":"https:\/\/focotocantinense.com.br\/?p=7406"},"modified":"2024-04-24T20:33:46","modified_gmt":"2024-04-24T23:33:46","slug":"autismo-e-o-direito-ao-beneficio-assistencial-bpc-loas","status":"publish","type":"post","link":"https:\/\/focotocantinense.com.br\/?p=7406","title":{"rendered":"Autismo e o Direito ao Benef\u00edcio Assistencial (BPC\/LOAS)"},"content":{"rendered":"\n<p><strong><em>Por Bruno Borgrs Aguiar*<\/em><\/strong><\/p>\n\n\n\n<p>O Dia Mundial da Conscientiza\u00e7\u00e3o do Autismo foi definido pela Organiza\u00e7\u00e3o das Na\u00e7\u00f5es Unidas (ONU) em 2007 e \u00e9 comemorado no dia 2 de abril (Abril Azul).<\/p>\n\n\n\n<p>O Transtorno do Espectro Autista (TEA) \u00e9 uma condi\u00e7\u00e3o neurobiol\u00f3gica que afeta o desenvolvimento (comunica\u00e7\u00e3o, linguagem, comportamento) e a intera\u00e7\u00e3o social de quem o possui. Estima-se que, no Brasil, cerca de 2 milh\u00f5es de pessoas vivam com algum grau de autismo, o que representa uma parcela significativa da popula\u00e7\u00e3o que enfrenta desafios di\u00e1rios em diferentes \u00e1reas da vida.<\/p>\n\n\n\n<p>Diante das particularidades e necessidades dessas pessoas, \u00e9 fundamental que elas tenham acesso a pol\u00edticas p\u00fablicas e benef\u00edcios que garantam sua qualidade de vida e inclus\u00e3o social. Nesse contexto, o Benef\u00edcio de Presta\u00e7\u00e3o Continuada (BPC), previsto pela Lei Org\u00e2nica da Assist\u00eancia Social (LOAS), \u00e9 um direito fundamental para muitos autistas e suas fam\u00edlias.<\/p>\n\n\n\n<p>O BPC \u00e9 um benef\u00edcio pago pelo governo federal (INSS) no valor de uma sal\u00e1rio m\u00ednimo mensal a pessoas com defici\u00eancia e idosos que n\u00e3o possuam meios de prover sua subsist\u00eancia ou de t\u00ea-la provida por sua fam\u00edlia. Para ter direito ao benef\u00edcio, \u00e9 necess\u00e1rio atender a certos requisitos, como comprovar a condi\u00e7\u00e3o de defici\u00eancia, estar inscrito no Cadastro \u00danico (Cad\u00danico), atender ao crit\u00e9rio de miserabilidade (renda mensal familiar at\u00e9 1\/4 do sal\u00e1rio m\u00ednimo).<\/p>\n\n\n\n<p>Esclarece que, em 2024, com o sal\u00e1rio m\u00ednimo em R$ 1.412, a renda por pessoa da fam\u00edlia n\u00e3o pode ser superior a R$ 353,00. Insta ressaltar que, essa renda de \u00bc do sal\u00e1rio m\u00ednimo pode ser aumentada em alguns casos, como gastos com medicamentos, alimentos, moradia, rem\u00e9dios&#8230; podendo chegar a \u00bd sal\u00e1rio m\u00ednimo (R$ 706,00).<\/p>\n\n\n\n<p>No caso do autismo, a comprova\u00e7\u00e3o da defici\u00eancia pode ser realizada por meio de laudos m\u00e9dicos e avalia\u00e7\u00f5es multidisciplinares que atestem sua exist\u00eancia, com n\u00famero do CID, suas limita\u00e7\u00f5es e barreiras enfrentadas no dia a dia. Al\u00e9m disso, \u00e9 preciso demonstrar a situa\u00e7\u00e3o de vulnerabilidade econ\u00f4mica, por meio da apresenta\u00e7\u00e3o de documentos que evidenciem a falta de condi\u00e7\u00f5es financeiras para prover o pr\u00f3prio sustento, com a inscri\u00e7\u00e3o devidamente atualizada no Cadastro \u00danico.<\/p>\n\n\n\n<p>O benef\u00edcio pode ser solicitado administrativamente no pr\u00f3prio INSS atrav\u00e9s do telefone 135 ou por meio do portal MEUINSS. E caso o benef\u00edcio venha ser negado, existem op\u00e7\u00f5es de recurso administrativo, ou a possibilidade de ingressar com a\u00e7\u00f5es judiciais para buscar a concess\u00e3o do benef\u00edcio.<\/p>\n\n\n\n<p>\u00c9 importante destacar que muitas fam\u00edlias de pessoas com autismo enfrentam desafios adicionais relacionados aos custos com tratamentos especializados, terapias e interven\u00e7\u00f5es que visam o desenvolvimento e a melhoria da qualidade de vida do indiv\u00edduo. Nesse sentido, o BPC pode ser um recurso fundamental para auxiliar no custeio dessas despesas e garantir o acesso a servi\u00e7os essenciais.<\/p>\n\n\n\n<p>No entanto, \u00e9 comum que muitas pessoas enfrentem dificuldades para obter o benef\u00edcio devido \u00e0 burocracia, falta de informa\u00e7\u00e3o ou interpreta\u00e7\u00f5es equivocadas por parte dos \u00f3rg\u00e3os respons\u00e1veis pela concess\u00e3o do BPC. Por isso, \u00e9 fundamental buscar orienta\u00e7\u00e3o jur\u00eddica e contar com o apoio de profissionais capacitados para garantir o acesso ao direito garantido por lei, atrav\u00e9s de advogado especialista em previd\u00eancia social.<\/p>\n\n\n\n<p>A luta pelo reconhecimento e respeito aos direitos das pessoas com autismo \u00e9 uma quest\u00e3o de justi\u00e7a social e inclus\u00e3o. O acesso ao Benef\u00edcio de Presta\u00e7\u00e3o Continuada \u00e9 apenas um dos instrumentos que podem contribuir para a promo\u00e7\u00e3o da dignidade, autonomia e bem-estar desses indiv\u00edduos, assegurando-lhes uma vida mais digna e igualit\u00e1ria.<\/p>\n\n\n\n<p>Portanto, \u00e9 essencial que a sociedade e os \u00f3rg\u00e3os p\u00fablicos estejam engajados na defesa e garantia dos direitos das pessoas com autismo, promovendo pol\u00edticas inclusivas e proporcionando o acesso a benef\u00edcios e servi\u00e7os que favore\u00e7am sua plena participa\u00e7\u00e3o na sociedade. Afinal, todos t\u00eam o direito de viver com dignidade e ter suas necessidades e potencialidades respeitadas, independentemente de suas condi\u00e7\u00f5es ou limita\u00e7\u00f5es.<\/p>\n\n\n\n<figure class=\"wp-block-image size-full is-resized\"><img loading=\"lazy\" decoding=\"async\" width=\"539\" height=\"92\" src=\"https:\/\/focotocantinense.com.br\/wp-content\/uploads\/2024\/04\/bbbbb-1.jpg\" alt=\"\" class=\"wp-image-7409\" style=\"width:840px;height:auto\" srcset=\"https:\/\/focotocantinense.com.br\/wp-content\/uploads\/2024\/04\/bbbbb-1.jpg 539w, https:\/\/focotocantinense.com.br\/wp-content\/uploads\/2024\/04\/bbbbb-1-300x51.jpg 300w\" sizes=\"auto, (max-width: 539px) 100vw, 539px\" \/><\/figure>\n\n\n\n<figure class=\"wp-block-image size-full\"><img loading=\"lazy\" decoding=\"async\" width=\"568\" height=\"347\" src=\"https:\/\/focotocantinense.com.br\/wp-content\/uploads\/2024\/04\/aaaaaaaaaaaaaaaaaaaaaaa.jpg\" alt=\"\" class=\"wp-image-7407\" srcset=\"https:\/\/focotocantinense.com.br\/wp-content\/uploads\/2024\/04\/aaaaaaaaaaaaaaaaaaaaaaa.jpg 568w, https:\/\/focotocantinense.com.br\/wp-content\/uploads\/2024\/04\/aaaaaaaaaaaaaaaaaaaaaaa-300x183.jpg 300w\" sizes=\"auto, (max-width: 568px) 100vw, 568px\" \/><\/figure>\n\n\n\n<p><\/p>\n\n\n\n<figure class=\"wp-block-image size-full\"><img loading=\"lazy\" decoding=\"async\" width=\"843\" height=\"251\" src=\"https:\/\/focotocantinense.com.br\/wp-content\/uploads\/2024\/04\/VINI_181-15.jpg\" alt=\"\" class=\"wp-image-7399\" srcset=\"https:\/\/focotocantinense.com.br\/wp-content\/uploads\/2024\/04\/VINI_181-15.jpg 843w, https:\/\/focotocantinense.com.br\/wp-content\/uploads\/2024\/04\/VINI_181-15-300x89.jpg 300w, https:\/\/focotocantinense.com.br\/wp-content\/uploads\/2024\/04\/VINI_181-15-768x229.jpg 768w\" sizes=\"auto, (max-width: 843px) 100vw, 843px\" \/><\/figure>\n","protected":false},"excerpt":{"rendered":"<p>Por Bruno Borgrs Aguiar* O Dia Mundial da Conscientiza\u00e7\u00e3o do Autismo foi definido pela Organiza\u00e7\u00e3o das Na\u00e7\u00f5es Unidas (ONU) em 2007 e \u00e9 comemorado no dia 2 de abril (Abril Azul). O Transtorno do Espectro Autista (TEA) \u00e9 uma condi\u00e7\u00e3o neurobiol\u00f3gica que afeta o desenvolvimento (comunica\u00e7\u00e3o, linguagem, comportamento) e a intera\u00e7\u00e3o social de quem o &hellip;<\/p>\n","protected":false},"author":5,"featured_media":7407,"comment_status":"open","ping_status":"open","sticky":false,"template":"","format":"standard","meta":{"footnotes":""},"categories":[103],"tags":[],"class_list":["post-7406","post","type-post","status-publish","format-standard","has-post-thumbnail","","category-brasil"],"_links":{"self":[{"href":"https:\/\/focotocantinense.com.br\/index.php?rest_route=\/wp\/v2\/posts\/7406","targetHints":{"allow":["GET"]}}],"collection":[{"href":"https:\/\/focotocantinense.com.br\/index.php?rest_route=\/wp\/v2\/posts"}],"about":[{"href":"https:\/\/focotocantinense.com.br\/index.php?rest_route=\/wp\/v2\/types\/post"}],"author":[{"embeddable":true,"href":"https:\/\/focotocantinense.com.br\/index.php?rest_route=\/wp\/v2\/users\/5"}],"replies":[{"embeddable":true,"href":"https:\/\/focotocantinense.com.br\/index.php?rest_route=%2Fwp%2Fv2%2Fcomments&post=7406"}],"version-history":[{"count":2,"href":"https:\/\/focotocantinense.com.br\/index.php?rest_route=\/wp\/v2\/posts\/7406\/revisions"}],"predecessor-version":[{"id":7411,"href":"https:\/\/focotocantinense.com.br\/index.php?rest_route=\/wp\/v2\/posts\/7406\/revisions\/7411"}],"wp:featuredmedia":[{"embeddable":true,"href":"https:\/\/focotocantinense.com.br\/index.php?rest_route=\/wp\/v2\/media\/7407"}],"wp:attachment":[{"href":"https:\/\/focotocantinense.com.br\/index.php?rest_route=%2Fwp%2Fv2%2Fmedia&parent=7406"}],"wp:term":[{"taxonomy":"category","embeddable":true,"href":"https:\/\/focotocantinense.com.br\/index.php?rest_route=%2Fwp%2Fv2%2Fcategories&post=7406"},{"taxonomy":"post_tag","embeddable":true,"href":"https:\/\/focotocantinense.com.br\/index.php?rest_route=%2Fwp%2Fv2%2Ftags&post=7406"}],"curies":[{"name":"wp","href":"https:\/\/api.w.org\/{rel}","templated":true}]}}