{"id":7397,"date":"2024-04-23T19:44:16","date_gmt":"2024-04-23T22:44:16","guid":{"rendered":"https:\/\/focotocantinense.com.br\/?p=7397"},"modified":"2024-04-23T19:44:17","modified_gmt":"2024-04-23T22:44:17","slug":"eleicao-do-gremio-estudantil-movimenta-os-alunos-de-escola-municipal-de-tocantinia","status":"publish","type":"post","link":"https:\/\/focotocantinense.com.br\/?p=7397","title":{"rendered":"Elei\u00e7\u00e3o do Gr\u00eamio Estudantil movimenta os alunos de escola municipal de Tocant\u00ednia"},"content":{"rendered":"\n<p><strong>Por Zacarias Martins<\/strong><\/p>\n\n\n\n<p>Buscando despertar o esp\u00edrito democr\u00e1tico na classe estudantil, nesta ter\u00e7a-feira, 23, a&nbsp; Escola Municipal Ant\u00f4nio Benvindo da Luz,&nbsp; em Tocant\u00ednia, promoveu a elei\u00e7\u00e3o para a nova diretoria&nbsp; do&nbsp; Gr\u00eamio Estudantil, nas turmas do Ensino Fundamental.&nbsp; &nbsp; Os alunos estavam empolgados durante esse processo eleitoral que durou o dia todo. Na oportunidade, duas chapas entraram na disputa: a Chapa 1, denominada de&nbsp; For\u00e7a Estudantil e Chapa 2, com a denomina\u00e7\u00e3o&nbsp; Destaque.&nbsp; &nbsp;<\/p>\n\n\n\n<p>A novidade da elei\u00e7\u00e3o deste ano foi a ado\u00e7\u00e3o da vota\u00e7\u00e3o eletr\u00f4nica, onde os alunos votam na cabine utilizando-se o aplicativo que simula a urna eletr\u00f4nica. O idealizador desse processo foi o&nbsp; professor Genivaldo Trindade, que baixou o aplicativo de vota\u00e7\u00e3o,&nbsp; fazendo adapta\u00e7\u00f5es para a realidade desse momento.&nbsp; &nbsp;<\/p>\n\n\n\n<p>O secret\u00e1rio de Educa\u00e7\u00e3odo munic\u00edpio, professor Andr\u00e9 Goveia, destaca que a vota\u00e7\u00e3o eletr\u00f4nica com fins pedag\u00f3gicos tem o&nbsp; objetivo de cultivar valores de participa\u00e7\u00e3o, comunica\u00e7\u00e3o e democracia desde cedo entre os alunos.&nbsp;&nbsp;<\/p>\n\n\n\n<p>J\u00e1 a coordenadora desse processo eletivo, professora Maria de Jesus de Souza, explicou que os alunos passaram por um treinamento com o aplicativo para exercer sua cidadania na escolha de seus representantes.&nbsp;&nbsp;<\/p>\n\n\n\n<p><strong>Chapa vencedora<\/strong><\/p>\n\n\n\n<p>No final da elei\u00e7\u00e3o, ap\u00f3s a apura\u00e7\u00e3o, constatou-se que os vencedores foram os integrantes da Chapa 02, que conquistaram&nbsp; 192 votos&nbsp; contra apenas&nbsp; 33&nbsp; da chapa advers\u00e1ria.&nbsp;&nbsp;<\/p>\n\n\n\n<p><strong>Diretoria<\/strong><\/p>\n\n\n\n<p>A nova diretoria da chapa eleita do&nbsp; Gr\u00eamio Estudantil da Escola Municipal Ant\u00f4nio Benvindo da Luz,ficou assim constitu\u00edda:&nbsp;&nbsp;<\/p>\n\n\n\n<p>Presidente: Isabella Xavier Alencar<\/p>\n\n\n\n<p>Vice-presidente: Rebeca Carvalho Oliveira<\/p>\n\n\n\n<p>Secret\u00e1ria Geral: Ana Luiza Pereira da Silva<\/p>\n\n\n\n<p>Tesoureira: Helena Marinho Figueiredo<\/p>\n\n\n\n<p>Diretor Social: Eva Maria Gomes de Amorim<\/p>\n\n\n\n<p>Diretor de Esporte: Davi Ant\u00f4nio Lopes Gon\u00e7alves<\/p>\n\n\n\n<p>Diretor de Cultura:Krattudi Brito Xerente<\/p>\n\n\n\n<p>Diretor de Sa\u00fade e Meio Ambiente: Isadora Guida Trindade.<\/p>\n\n\n\n<figure class=\"wp-block-image size-large\"><img loading=\"lazy\" decoding=\"async\" width=\"1024\" height=\"460\" src=\"https:\/\/focotocantinense.com.br\/wp-content\/uploads\/2024\/04\/dddd-1-1024x460.jpg\" alt=\"\" class=\"wp-image-7404\" srcset=\"https:\/\/focotocantinense.com.br\/wp-content\/uploads\/2024\/04\/dddd-1-1024x460.jpg 1024w, https:\/\/focotocantinense.com.br\/wp-content\/uploads\/2024\/04\/dddd-1-300x135.jpg 300w, https:\/\/focotocantinense.com.br\/wp-content\/uploads\/2024\/04\/dddd-1-768x345.jpg 768w, https:\/\/focotocantinense.com.br\/wp-content\/uploads\/2024\/04\/dddd-1-1536x690.jpg 1536w, https:\/\/focotocantinense.com.br\/wp-content\/uploads\/2024\/04\/dddd-1.jpg 1600w\" sizes=\"auto, (max-width: 1024px) 100vw, 1024px\" \/><\/figure>\n\n\n\n<p><\/p>\n\n\n\n<figure class=\"wp-block-image size-large\"><img loading=\"lazy\" decoding=\"async\" width=\"1024\" height=\"769\" src=\"https:\/\/focotocantinense.com.br\/wp-content\/uploads\/2024\/04\/FOTO-PRINCIPAL-1024x769.jpg\" alt=\"\" class=\"wp-image-7403\" srcset=\"https:\/\/focotocantinense.com.br\/wp-content\/uploads\/2024\/04\/FOTO-PRINCIPAL-1024x769.jpg 1024w, https:\/\/focotocantinense.com.br\/wp-content\/uploads\/2024\/04\/FOTO-PRINCIPAL-300x225.jpg 300w, https:\/\/focotocantinense.com.br\/wp-content\/uploads\/2024\/04\/FOTO-PRINCIPAL-768x577.jpg 768w, https:\/\/focotocantinense.com.br\/wp-content\/uploads\/2024\/04\/FOTO-PRINCIPAL.jpg 1156w\" sizes=\"auto, (max-width: 1024px) 100vw, 1024px\" \/><\/figure>\n\n\n\n<p><strong><em>Integrantes da Chapa vencedora<\/em><\/strong><\/p>\n\n\n\n<figure class=\"wp-block-image size-large\"><img loading=\"lazy\" decoding=\"async\" width=\"1024\" height=\"719\" src=\"https:\/\/focotocantinense.com.br\/wp-content\/uploads\/2024\/04\/aaaa-3-1024x719.jpg\" alt=\"\" class=\"wp-image-7402\" srcset=\"https:\/\/focotocantinense.com.br\/wp-content\/uploads\/2024\/04\/aaaa-3-1024x719.jpg 1024w, https:\/\/focotocantinense.com.br\/wp-content\/uploads\/2024\/04\/aaaa-3-300x211.jpg 300w, https:\/\/focotocantinense.com.br\/wp-content\/uploads\/2024\/04\/aaaa-3-768x540.jpg 768w, https:\/\/focotocantinense.com.br\/wp-content\/uploads\/2024\/04\/aaaa-3-1536x1079.jpg 1536w, https:\/\/focotocantinense.com.br\/wp-content\/uploads\/2024\/04\/aaaa-3.jpg 1600w\" sizes=\"auto, (max-width: 1024px) 100vw, 1024px\" \/><\/figure>\n\n\n\n<p><\/p>\n\n\n\n<figure class=\"wp-block-image size-large\"><img loading=\"lazy\" decoding=\"async\" width=\"1024\" height=\"722\" src=\"https:\/\/focotocantinense.com.br\/wp-content\/uploads\/2024\/04\/bbbbb-1024x722.jpg\" alt=\"\" class=\"wp-image-7401\" srcset=\"https:\/\/focotocantinense.com.br\/wp-content\/uploads\/2024\/04\/bbbbb-1024x722.jpg 1024w, https:\/\/focotocantinense.com.br\/wp-content\/uploads\/2024\/04\/bbbbb-300x212.jpg 300w, https:\/\/focotocantinense.com.br\/wp-content\/uploads\/2024\/04\/bbbbb-768x541.jpg 768w, https:\/\/focotocantinense.com.br\/wp-content\/uploads\/2024\/04\/bbbbb-1536x1083.jpg 1536w, https:\/\/focotocantinense.com.br\/wp-content\/uploads\/2024\/04\/bbbbb.jpg 1600w\" sizes=\"auto, (max-width: 1024px) 100vw, 1024px\" \/><\/figure>\n\n\n\n<p><\/p>\n\n\n\n<p><\/p>\n\n\n\n<figure class=\"wp-block-image size-large\"><img loading=\"lazy\" decoding=\"async\" width=\"1024\" height=\"675\" src=\"https:\/\/focotocantinense.com.br\/wp-content\/uploads\/2024\/04\/ccc-1024x675.jpg\" alt=\"\" class=\"wp-image-7400\" srcset=\"https:\/\/focotocantinense.com.br\/wp-content\/uploads\/2024\/04\/ccc-1024x675.jpg 1024w, https:\/\/focotocantinense.com.br\/wp-content\/uploads\/2024\/04\/ccc-300x198.jpg 300w, https:\/\/focotocantinense.com.br\/wp-content\/uploads\/2024\/04\/ccc-768x506.jpg 768w, https:\/\/focotocantinense.com.br\/wp-content\/uploads\/2024\/04\/ccc-1536x1013.jpg 1536w, https:\/\/focotocantinense.com.br\/wp-content\/uploads\/2024\/04\/ccc-310x205.jpg 310w, https:\/\/focotocantinense.com.br\/wp-content\/uploads\/2024\/04\/ccc.jpg 1600w\" sizes=\"auto, (max-width: 1024px) 100vw, 1024px\" \/><\/figure>\n\n\n\n<figure class=\"wp-block-image size-full\"><img loading=\"lazy\" decoding=\"async\" width=\"843\" height=\"251\" src=\"https:\/\/focotocantinense.com.br\/wp-content\/uploads\/2024\/04\/VINI_181-15.jpg\" alt=\"\" class=\"wp-image-7399\" srcset=\"https:\/\/focotocantinense.com.br\/wp-content\/uploads\/2024\/04\/VINI_181-15.jpg 843w, https:\/\/focotocantinense.com.br\/wp-content\/uploads\/2024\/04\/VINI_181-15-300x89.jpg 300w, https:\/\/focotocantinense.com.br\/wp-content\/uploads\/2024\/04\/VINI_181-15-768x229.jpg 768w\" sizes=\"auto, (max-width: 843px) 100vw, 843px\" \/><\/figure>\n","protected":false},"excerpt":{"rendered":"<p>Por Zacarias Martins Buscando despertar o esp\u00edrito democr\u00e1tico na classe estudantil, nesta ter\u00e7a-feira, 23, a&nbsp; Escola Municipal Ant\u00f4nio Benvindo da Luz,&nbsp; em Tocant\u00ednia, promoveu a elei\u00e7\u00e3o para a nova diretoria&nbsp; do&nbsp; Gr\u00eamio Estudantil, nas turmas do Ensino Fundamental.&nbsp; &nbsp; Os alunos estavam empolgados durante esse processo eleitoral que durou o dia todo. Na oportunidade, duas &hellip;<\/p>\n","protected":false},"author":5,"featured_media":7398,"comment_status":"open","ping_status":"open","sticky":false,"template":"","format":"standard","meta":{"footnotes":""},"categories":[78],"tags":[],"class_list":["post-7397","post","type-post","status-publish","format-standard","has-post-thumbnail","","category-tocantinia"],"_links":{"self":[{"href":"https:\/\/focotocantinense.com.br\/index.php?rest_route=\/wp\/v2\/posts\/7397","targetHints":{"allow":["GET"]}}],"collection":[{"href":"https:\/\/focotocantinense.com.br\/index.php?rest_route=\/wp\/v2\/posts"}],"about":[{"href":"https:\/\/focotocantinense.com.br\/index.php?rest_route=\/wp\/v2\/types\/post"}],"author":[{"embeddable":true,"href":"https:\/\/focotocantinense.com.br\/index.php?rest_route=\/wp\/v2\/users\/5"}],"replies":[{"embeddable":true,"href":"https:\/\/focotocantinense.com.br\/index.php?rest_route=%2Fwp%2Fv2%2Fcomments&post=7397"}],"version-history":[{"count":1,"href":"https:\/\/focotocantinense.com.br\/index.php?rest_route=\/wp\/v2\/posts\/7397\/revisions"}],"predecessor-version":[{"id":7405,"href":"https:\/\/focotocantinense.com.br\/index.php?rest_route=\/wp\/v2\/posts\/7397\/revisions\/7405"}],"wp:featuredmedia":[{"embeddable":true,"href":"https:\/\/focotocantinense.com.br\/index.php?rest_route=\/wp\/v2\/media\/7398"}],"wp:attachment":[{"href":"https:\/\/focotocantinense.com.br\/index.php?rest_route=%2Fwp%2Fv2%2Fmedia&parent=7397"}],"wp:term":[{"taxonomy":"category","embeddable":true,"href":"https:\/\/focotocantinense.com.br\/index.php?rest_route=%2Fwp%2Fv2%2Fcategories&post=7397"},{"taxonomy":"post_tag","embeddable":true,"href":"https:\/\/focotocantinense.com.br\/index.php?rest_route=%2Fwp%2Fv2%2Ftags&post=7397"}],"curies":[{"name":"wp","href":"https:\/\/api.w.org\/{rel}","templated":true}]}}