{"id":7393,"date":"2024-04-23T15:15:32","date_gmt":"2024-04-23T18:15:32","guid":{"rendered":"https:\/\/focotocantinense.com.br\/?p=7393"},"modified":"2024-04-23T15:15:32","modified_gmt":"2024-04-23T18:15:32","slug":"servidores-do-tceto-e-da-aleto-passam-por-capacitacao-sobre-a-nova-lei-de-licitacoes","status":"publish","type":"post","link":"https:\/\/focotocantinense.com.br\/?p=7393","title":{"rendered":"Servidores do TCETO e da Aleto passam por capacita\u00e7\u00e3o sobre a nova lei de licita\u00e7\u00f5es"},"content":{"rendered":"\n<p><br>\u201cA capacita\u00e7\u00e3o da equipe \u00e9 fundamental. A verdade \u00e9 que os \u00f3rg\u00e3os p\u00fablicos efetivaram as implanta\u00e7\u00f5es dentro dos limites do poss\u00edvel e agora \u00e9 o momento de ir aparando as arestas, ajustando a implanta\u00e7\u00e3o \u00e0 realidade estrutural dos \u00f3rg\u00e3os\u201d. A frase \u00e9 do professor e especialista em Direito P\u00fablico, Matheus Carvalho, que ministra o curso \u201cNova Lei de Licita\u00e7\u00f5es e Contratos Administrativos \u2013 treinamento e capacita\u00e7\u00e3o em aspectos te\u00f3rico e pr\u00e1tico da Lei 14.133\/2021\u201d, para servidores do Tribunal de Contas do Tocantins (TCETO), da Assembleia Legislativa (Aleto) e outros \u00f3rg\u00e3os convidados.<\/p>\n\n\n\n<p>Carvalho, que \u00e9 um dos maiores especialistas da nova lei de licita\u00e7\u00f5es, refor\u00e7ou ainda que ser\u00e1 necess\u00e1rio um ou dois anos de ajustes, at\u00e9 que as equipes se sintam confiantes na execu\u00e7\u00e3o dos artefatos, e que a estrutura consiga abranger todas as atividades pr\u00e9vias de planejamento. \u201cEnfim, \u00e9 fundamental capacitar a equipe para que voc\u00ea tenha seguran\u00e7a nos documentos que ser\u00e3o elaborados\u201d, afirmou.<\/p>\n\n\n\n<p>O professor tamb\u00e9m destacou que grande parte da regulamenta\u00e7\u00e3o foi feita seguindo os par\u00e2metros da normativa federal, e isso \u00e9 normal, j\u00e1 que as entidades t\u00eam como base um \u00f3rg\u00e3o de estrutura acima e que j\u00e1 tenha qualidade maior na execu\u00e7\u00e3o desses objetos.<\/p>\n\n\n\n<p>\u201cMas, muitas vezes quando isso \u00e9 jogado dentro do fluxo do \u00f3rg\u00e3o, se verifica que algumas coisas precisam ser alteradas, adaptadas, e acho que faz parte, n\u00e3o se imagine como ter acontecido algo de errado, ser um equ\u00edvoco \u00e0 necessidade de atualiza\u00e7\u00e3o normativa\u201d, pontuou Carvalho. Ele ainda complementou: \u201cOs \u00f3rg\u00e3os precisam ter na cabe\u00e7a que a estrutura normativa, principalmente o ajuste de fluxo, vai ensejar algumas altera\u00e7\u00f5es nos normativos que j\u00e1 foram publicados sem nenhum problema\u201d, ressaltou.<\/p>\n\n\n\n<p><strong>Coopera\u00e7\u00e3o<\/strong><\/p>\n\n\n\n<p>Essa iniciativa \u00e9 resultado do Acordo de Coopera\u00e7\u00e3o T\u00e9cnica firmado entre o TCE e a Aleto, que visa a troca de experi\u00eancias, bem como a oferta m\u00fatua de cursos e aprimoramentos. A capacita\u00e7\u00e3o acontece nesta segunda, 22, e ter\u00e7a-feira, 23, na sede do Instituto de Contas 5 de Outubro (Iscon).<\/p>\n\n\n\n<p>Participaram da abertura do curso na manh\u00e3 desta segunda-feira a diretora do Inscon, Aida Maria do Amaral, da Escola do Legislativo, Luciene Raposo, e dos diretores da Aleto, Irisfran de Souza Pereira (diretor-geral) e do diretor Administrativo, Braga J\u00fanior.<\/p>\n\n\n\n<figure class=\"wp-block-image size-full\"><img loading=\"lazy\" decoding=\"async\" width=\"804\" height=\"486\" src=\"https:\/\/focotocantinense.com.br\/wp-content\/uploads\/2024\/04\/aaaaaaaaaaaaaaaaaaaa-1.jpg\" alt=\"\" class=\"wp-image-7395\" srcset=\"https:\/\/focotocantinense.com.br\/wp-content\/uploads\/2024\/04\/aaaaaaaaaaaaaaaaaaaa-1.jpg 804w, https:\/\/focotocantinense.com.br\/wp-content\/uploads\/2024\/04\/aaaaaaaaaaaaaaaaaaaa-1-300x181.jpg 300w, https:\/\/focotocantinense.com.br\/wp-content\/uploads\/2024\/04\/aaaaaaaaaaaaaaaaaaaa-1-768x464.jpg 768w\" sizes=\"auto, (max-width: 804px) 100vw, 804px\" \/><\/figure>\n\n\n\n<p><\/p>\n\n\n\n<figure class=\"wp-block-image\"><img decoding=\"async\" src=\"http:\/\/n1to.com.br\/img\/uploads\/VINI_181_218.jpg\" alt=\"\"\/><\/figure>\n","protected":false},"excerpt":{"rendered":"<p>\u201cA capacita\u00e7\u00e3o da equipe \u00e9 fundamental. A verdade \u00e9 que os \u00f3rg\u00e3os p\u00fablicos efetivaram as implanta\u00e7\u00f5es dentro dos limites do poss\u00edvel e agora \u00e9 o momento de ir aparando as arestas, ajustando a implanta\u00e7\u00e3o \u00e0 realidade estrutural dos \u00f3rg\u00e3os\u201d. A frase \u00e9 do professor e especialista em Direito P\u00fablico, Matheus Carvalho, que ministra o curso &hellip;<\/p>\n","protected":false},"author":5,"featured_media":7394,"comment_status":"open","ping_status":"open","sticky":false,"template":"","format":"standard","meta":{"footnotes":""},"categories":[39],"tags":[],"class_list":["post-7393","post","type-post","status-publish","format-standard","has-post-thumbnail","","category-estado"],"_links":{"self":[{"href":"https:\/\/focotocantinense.com.br\/index.php?rest_route=\/wp\/v2\/posts\/7393","targetHints":{"allow":["GET"]}}],"collection":[{"href":"https:\/\/focotocantinense.com.br\/index.php?rest_route=\/wp\/v2\/posts"}],"about":[{"href":"https:\/\/focotocantinense.com.br\/index.php?rest_route=\/wp\/v2\/types\/post"}],"author":[{"embeddable":true,"href":"https:\/\/focotocantinense.com.br\/index.php?rest_route=\/wp\/v2\/users\/5"}],"replies":[{"embeddable":true,"href":"https:\/\/focotocantinense.com.br\/index.php?rest_route=%2Fwp%2Fv2%2Fcomments&post=7393"}],"version-history":[{"count":1,"href":"https:\/\/focotocantinense.com.br\/index.php?rest_route=\/wp\/v2\/posts\/7393\/revisions"}],"predecessor-version":[{"id":7396,"href":"https:\/\/focotocantinense.com.br\/index.php?rest_route=\/wp\/v2\/posts\/7393\/revisions\/7396"}],"wp:featuredmedia":[{"embeddable":true,"href":"https:\/\/focotocantinense.com.br\/index.php?rest_route=\/wp\/v2\/media\/7394"}],"wp:attachment":[{"href":"https:\/\/focotocantinense.com.br\/index.php?rest_route=%2Fwp%2Fv2%2Fmedia&parent=7393"}],"wp:term":[{"taxonomy":"category","embeddable":true,"href":"https:\/\/focotocantinense.com.br\/index.php?rest_route=%2Fwp%2Fv2%2Fcategories&post=7393"},{"taxonomy":"post_tag","embeddable":true,"href":"https:\/\/focotocantinense.com.br\/index.php?rest_route=%2Fwp%2Fv2%2Ftags&post=7393"}],"curies":[{"name":"wp","href":"https:\/\/api.w.org\/{rel}","templated":true}]}}