{"id":7388,"date":"2024-04-22T18:45:08","date_gmt":"2024-04-22T21:45:08","guid":{"rendered":"https:\/\/focotocantinense.com.br\/?p=7388"},"modified":"2024-04-22T18:46:23","modified_gmt":"2024-04-22T21:46:23","slug":"raiza-guimaraes-confirma-sua-pre-candidatura-a-vereadora-pelo-pdt-de-lagoa-da-confusao","status":"publish","type":"post","link":"https:\/\/focotocantinense.com.br\/?p=7388","title":{"rendered":"Raiza Guimar\u00e3es confirma sua pr\u00e9-candidatura a vereadora pelo PDT de Lagoa da Confus\u00e3o"},"content":{"rendered":"\n<p>Destacando sua experi\u00eancia no legislativo enquanto vereadora nos anos de 2012 onde foi eleita a segunda vereadora mais votada do munic\u00edpio com 415 votos e em 2016 onde se consagrou a vereadora mais votada do munic\u00edpio com 494 votos, Ra\u00edza Guimar\u00e3es lan\u00e7ou seu nome pelo PDT (Partido Democr\u00e1tico Trabalhista), como pr\u00e9-candidata para concorrer a uma vaga no Legislativo de Lagoa da Confus\u00e3o.&nbsp;<\/p>\n\n\n\n<p>A ex-vereadora, que tamb\u00e9m \u00e9 advogada, empres\u00e1ria e m\u00e3e. \u00c9 uma figura extremamente apaixonada pela cidade de Lagoa da Confus\u00e3o, onde enquanto vereadora do munic\u00edpio por dois mandatos, onde &nbsp;trabalhou muito pelo desenvolvimento de Lagoa da Confus\u00e3o, apresentando requerimentos e projetos de leis que beneficiaram todas as necessidades da popula\u00e7\u00e3o.<\/p>\n\n\n\n<p>Tamb\u00e9m, por meio de seu trabalho e influ\u00eancia enquanto parlamentar conseguiu recursos para Lagoa da Confus\u00e3o, como por exemplo, &nbsp;o recurso de R$ 250 mil para a constru\u00e7\u00e3o da &nbsp;arquibancada do campo de futebol, emenda da ex-deputada federal Josi Nunes, mais de 150 mil para a sa\u00fade, emenda tamb\u00e9m da ex-deputada.<\/p>\n\n\n\n<figure class=\"wp-block-image size-full is-resized\"><img loading=\"lazy\" decoding=\"async\" width=\"734\" height=\"443\" src=\"https:\/\/focotocantinense.com.br\/wp-content\/uploads\/2024\/04\/aaaaa.jpg\" alt=\"\" class=\"wp-image-7390\" style=\"width:396px;height:auto\" srcset=\"https:\/\/focotocantinense.com.br\/wp-content\/uploads\/2024\/04\/aaaaa.jpg 734w, https:\/\/focotocantinense.com.br\/wp-content\/uploads\/2024\/04\/aaaaa-300x181.jpg 300w\" sizes=\"auto, (max-width: 734px) 100vw, 734px\" \/><\/figure>\n\n\n\n<p><em><strong>Raiza Guimar\u00e3es conta com o apoio do vice-governador Laurez Moreira e do deputado estadual Gutierres Torquato.<\/strong><\/em><\/p>\n\n\n\n<figure class=\"wp-block-image size-full\"><img loading=\"lazy\" decoding=\"async\" width=\"843\" height=\"251\" src=\"https:\/\/focotocantinense.com.br\/wp-content\/uploads\/2024\/04\/VINI_181-14.jpg\" alt=\"\" class=\"wp-image-7389\" srcset=\"https:\/\/focotocantinense.com.br\/wp-content\/uploads\/2024\/04\/VINI_181-14.jpg 843w, https:\/\/focotocantinense.com.br\/wp-content\/uploads\/2024\/04\/VINI_181-14-300x89.jpg 300w, https:\/\/focotocantinense.com.br\/wp-content\/uploads\/2024\/04\/VINI_181-14-768x229.jpg 768w\" sizes=\"auto, (max-width: 843px) 100vw, 843px\" \/><\/figure>\n","protected":false},"excerpt":{"rendered":"<p>Destacando sua experi\u00eancia no legislativo enquanto vereadora nos anos de 2012 onde foi eleita a segunda vereadora mais votada do munic\u00edpio com 415 votos e em 2016 onde se consagrou a vereadora mais votada do munic\u00edpio com 494 votos, Ra\u00edza Guimar\u00e3es lan\u00e7ou seu nome pelo PDT (Partido Democr\u00e1tico Trabalhista), como pr\u00e9-candidata para concorrer a uma &hellip;<\/p>\n","protected":false},"author":5,"featured_media":7390,"comment_status":"open","ping_status":"open","sticky":false,"template":"","format":"standard","meta":{"footnotes":""},"categories":[71,1],"tags":[],"class_list":["post-7388","post","type-post","status-publish","format-standard","has-post-thumbnail","","category-lagoa-da-confusao","category-sem-categoria"],"_links":{"self":[{"href":"https:\/\/focotocantinense.com.br\/index.php?rest_route=\/wp\/v2\/posts\/7388","targetHints":{"allow":["GET"]}}],"collection":[{"href":"https:\/\/focotocantinense.com.br\/index.php?rest_route=\/wp\/v2\/posts"}],"about":[{"href":"https:\/\/focotocantinense.com.br\/index.php?rest_route=\/wp\/v2\/types\/post"}],"author":[{"embeddable":true,"href":"https:\/\/focotocantinense.com.br\/index.php?rest_route=\/wp\/v2\/users\/5"}],"replies":[{"embeddable":true,"href":"https:\/\/focotocantinense.com.br\/index.php?rest_route=%2Fwp%2Fv2%2Fcomments&post=7388"}],"version-history":[{"count":2,"href":"https:\/\/focotocantinense.com.br\/index.php?rest_route=\/wp\/v2\/posts\/7388\/revisions"}],"predecessor-version":[{"id":7392,"href":"https:\/\/focotocantinense.com.br\/index.php?rest_route=\/wp\/v2\/posts\/7388\/revisions\/7392"}],"wp:featuredmedia":[{"embeddable":true,"href":"https:\/\/focotocantinense.com.br\/index.php?rest_route=\/wp\/v2\/media\/7390"}],"wp:attachment":[{"href":"https:\/\/focotocantinense.com.br\/index.php?rest_route=%2Fwp%2Fv2%2Fmedia&parent=7388"}],"wp:term":[{"taxonomy":"category","embeddable":true,"href":"https:\/\/focotocantinense.com.br\/index.php?rest_route=%2Fwp%2Fv2%2Fcategories&post=7388"},{"taxonomy":"post_tag","embeddable":true,"href":"https:\/\/focotocantinense.com.br\/index.php?rest_route=%2Fwp%2Fv2%2Ftags&post=7388"}],"curies":[{"name":"wp","href":"https:\/\/api.w.org\/{rel}","templated":true}]}}