{"id":7380,"date":"2024-04-19T17:58:45","date_gmt":"2024-04-19T20:58:45","guid":{"rendered":"https:\/\/focotocantinense.com.br\/?p=7380"},"modified":"2024-04-19T17:58:46","modified_gmt":"2024-04-19T20:58:46","slug":"prefeitura-de-gurupi-participa-do-i-encontro-estadual-para-formacao-de-secretarios-de-educacao-e-equipes-tecnicas-sobre-o-programa-escola-em-tempo-integral","status":"publish","type":"post","link":"https:\/\/focotocantinense.com.br\/?p=7380","title":{"rendered":"Prefeitura de Gurupi participa do I Encontro Estadual para Forma\u00e7\u00e3o de Secret\u00e1rios de Educa\u00e7\u00e3o e Equipes T\u00e9cnicas sobre o Programa Escola em Tempo Integral"},"content":{"rendered":"\n<p>A Prefeitura de Gurupi, por meio da Secretaria Municipal de Educa\u00e7\u00e3o (Semeg), est\u00e1 participando do I Encontro Estadual do Tocantins: Forma\u00e7\u00e3o Continuada de Secret\u00e1rios de Educa\u00e7\u00e3o e Equipes T\u00e9cnicas de Secretarias no \u00c2mbito do Programa \u201cEscola em Tempo Integral\u201d, realizado em Palmas, nesta quinta-feira, 18, e sexta-feira, 19.&nbsp;<\/p>\n\n\n\n<p>O encontro, realizado no audit\u00f3rio da Escola de Tempo Integral Professora Elizangela Gloria Cardoso, representa um marco significativo em nossa busca cont\u00ednua por excel\u00eancia educacional. Com diversos parceiros, o evento realizado pelo MEC em parceria com a Secretaria de Estado da Educa\u00e7\u00e3o (Seduc-TO) visa fortalecer e aprimorar os conhecimentos e pr\u00e1ticas relacionadas ao Programa Escola em Tempo Integral.<\/p>\n\n\n\n<p>&#8220;Este Encontro Estadual representa um marco significativo em nossa jornada educacional&#8221;, afirmou o secret\u00e1rio Municipal de Educa\u00e7\u00e3o, Jo\u00e3o Paulo Lima. &#8220;Reunindo gestores e t\u00e9cnicos para fortalecermos nossos conhecimentos e pr\u00e1ticas no Programa Escola em Tempo Integral. Estamos comprometidos em proporcionar uma educa\u00e7\u00e3o de qualidade, inclusiva e integral para todos os nossos estudantes da Rede Municipal de Gurupi&#8221;, acrescentou.&nbsp;<\/p>\n\n\n\n<p>O M\u00f3dulo 1 desta forma\u00e7\u00e3o oferece uma abordagem sobre temas cruciais para o desenvolvimento da educa\u00e7\u00e3o integral. Entre eles:<\/p>\n\n\n\n<p>\u201cPerspectiva Situada de Educa\u00e7\u00e3o Integral: Um olhar retrospectivo para compreender as origens, o presente e as perspectivas futuras da educa\u00e7\u00e3o integral\u201d.<\/p>\n\n\n\n<p>\u201cApresenta\u00e7\u00e3o Geral do Programa Escola em Tempo Integral: Uma vis\u00e3o panor\u00e2mica das diretrizes e objetivos do programa, ressaltando sua import\u00e2ncia para o cen\u00e1rio educacional\u201d.<\/p>\n\n\n\n<p>\u201cO Programa Escola em Tempo Integral e as Expectativas de Promo\u00e7\u00e3o de Qualidade com Equidade: Reflex\u00f5es sobre como o programa contribui para a melhoria da qualidade educacional, buscando garantir equidade de oportunidades para todos os estudantes\u201d.<\/p>\n\n\n\n<p>Gurupi tem se destacado como refer\u00eancia na promo\u00e7\u00e3o da educa\u00e7\u00e3o integral, alinhando-se firmemente com a Meta 4 do Plano Municipal de Educa\u00e7\u00e3o (PME). Com um compromisso claro com a excel\u00eancia educacional, a cidade tem avan\u00e7ado significativamente nessa \u00e1rea.&nbsp;<\/p>\n\n\n\n<p>Atualmente, 13 unidades escolares, abrangendo desde creches at\u00e9 escolas de ensino fundamental, oferecem educa\u00e7\u00e3o em tempo integral. Al\u00e9m disso, outras 11 unidades implementaram o modelo de educa\u00e7\u00e3o integral no formato de jornada ampliada, em conformidade com a pol\u00edtica municipal Estarte.&nbsp;<\/p>\n\n\n\n<p><strong>Equipe t\u00e9cnica da Semeg<\/strong><\/p>\n\n\n\n<p>Da equipe t\u00e9cnica da Semeg est\u00e3o participando as seguintes profissionais: Ilda Ven\u00e2ncio Correa (Coordena\u00e7\u00e3o e inclus\u00e3o e acessibilidade); Meire L\u00facia Andrade da Silva (Diretora de Gest\u00e3o Pedag\u00f3gica); Sara Carvalho Pereira (Supervisora de Programas e Projetos de Capacita\u00e7\u00e3o de Recursos); Jessica Sarah Nery da Silva Campos (Assessora t\u00e9cnica pedag\u00f3gica, do ensino fundamental II, EJA, educa\u00e7\u00e3o integral e jornada ampliada).<\/p>\n\n\n\n<figure class=\"wp-block-image size-full\"><img loading=\"lazy\" decoding=\"async\" width=\"952\" height=\"491\" src=\"https:\/\/focotocantinense.com.br\/wp-content\/uploads\/2024\/04\/aaaaaaaa-1.jpg\" alt=\"\" class=\"wp-image-7381\" srcset=\"https:\/\/focotocantinense.com.br\/wp-content\/uploads\/2024\/04\/aaaaaaaa-1.jpg 952w, https:\/\/focotocantinense.com.br\/wp-content\/uploads\/2024\/04\/aaaaaaaa-1-300x155.jpg 300w, https:\/\/focotocantinense.com.br\/wp-content\/uploads\/2024\/04\/aaaaaaaa-1-768x396.jpg 768w\" sizes=\"auto, (max-width: 952px) 100vw, 952px\" \/><\/figure>\n\n\n\n<p><\/p>\n\n\n\n<figure class=\"wp-block-image size-full\"><img loading=\"lazy\" decoding=\"async\" width=\"843\" height=\"251\" src=\"https:\/\/focotocantinense.com.br\/wp-content\/uploads\/2024\/04\/VINI_181-13.jpg\" alt=\"\" class=\"wp-image-7382\" srcset=\"https:\/\/focotocantinense.com.br\/wp-content\/uploads\/2024\/04\/VINI_181-13.jpg 843w, https:\/\/focotocantinense.com.br\/wp-content\/uploads\/2024\/04\/VINI_181-13-300x89.jpg 300w, https:\/\/focotocantinense.com.br\/wp-content\/uploads\/2024\/04\/VINI_181-13-768x229.jpg 768w\" sizes=\"auto, (max-width: 843px) 100vw, 843px\" \/><\/figure>\n","protected":false},"excerpt":{"rendered":"<p>A Prefeitura de Gurupi, por meio da Secretaria Municipal de Educa\u00e7\u00e3o (Semeg), est\u00e1 participando do I Encontro Estadual do Tocantins: Forma\u00e7\u00e3o Continuada de Secret\u00e1rios de Educa\u00e7\u00e3o e Equipes T\u00e9cnicas de Secretarias no \u00c2mbito do Programa \u201cEscola em Tempo Integral\u201d, realizado em Palmas, nesta quinta-feira, 18, e sexta-feira, 19.&nbsp; O encontro, realizado no audit\u00f3rio da Escola &hellip;<\/p>\n","protected":false},"author":5,"featured_media":7381,"comment_status":"open","ping_status":"open","sticky":false,"template":"","format":"standard","meta":{"footnotes":""},"categories":[38],"tags":[],"class_list":["post-7380","post","type-post","status-publish","format-standard","has-post-thumbnail","","category-gurupi"],"_links":{"self":[{"href":"https:\/\/focotocantinense.com.br\/index.php?rest_route=\/wp\/v2\/posts\/7380","targetHints":{"allow":["GET"]}}],"collection":[{"href":"https:\/\/focotocantinense.com.br\/index.php?rest_route=\/wp\/v2\/posts"}],"about":[{"href":"https:\/\/focotocantinense.com.br\/index.php?rest_route=\/wp\/v2\/types\/post"}],"author":[{"embeddable":true,"href":"https:\/\/focotocantinense.com.br\/index.php?rest_route=\/wp\/v2\/users\/5"}],"replies":[{"embeddable":true,"href":"https:\/\/focotocantinense.com.br\/index.php?rest_route=%2Fwp%2Fv2%2Fcomments&post=7380"}],"version-history":[{"count":1,"href":"https:\/\/focotocantinense.com.br\/index.php?rest_route=\/wp\/v2\/posts\/7380\/revisions"}],"predecessor-version":[{"id":7383,"href":"https:\/\/focotocantinense.com.br\/index.php?rest_route=\/wp\/v2\/posts\/7380\/revisions\/7383"}],"wp:featuredmedia":[{"embeddable":true,"href":"https:\/\/focotocantinense.com.br\/index.php?rest_route=\/wp\/v2\/media\/7381"}],"wp:attachment":[{"href":"https:\/\/focotocantinense.com.br\/index.php?rest_route=%2Fwp%2Fv2%2Fmedia&parent=7380"}],"wp:term":[{"taxonomy":"category","embeddable":true,"href":"https:\/\/focotocantinense.com.br\/index.php?rest_route=%2Fwp%2Fv2%2Fcategories&post=7380"},{"taxonomy":"post_tag","embeddable":true,"href":"https:\/\/focotocantinense.com.br\/index.php?rest_route=%2Fwp%2Fv2%2Ftags&post=7380"}],"curies":[{"name":"wp","href":"https:\/\/api.w.org\/{rel}","templated":true}]}}