{"id":7364,"date":"2024-04-18T19:33:21","date_gmt":"2024-04-18T22:33:21","guid":{"rendered":"https:\/\/focotocantinense.com.br\/?p=7364"},"modified":"2024-04-18T19:37:26","modified_gmt":"2024-04-18T22:37:26","slug":"prefeitura-de-tocantinia-celebra-o-dia-nacional-do-livro-infantil-com-contacao-de-historias","status":"publish","type":"post","link":"https:\/\/focotocantinense.com.br\/?p=7364","title":{"rendered":"Prefeitura de Tocant\u00ednia\u00a0 celebra o Dia Nacional do Livro Infantil com conta\u00e7\u00e3o de hist\u00f3rias"},"content":{"rendered":"\n<p><strong>Por Zacarias Martins<\/strong> &#8211; <strong>Fotos: Higor Batista<\/strong><\/p>\n\n\n\n<p>Com o objetivo de promover o acesso das crian\u00e7as a arte, literatura e cultura, bem como despertar nos alunos o interesse pelos livros e hist\u00f3rias, a&nbsp; &nbsp;Prefeitura&nbsp; de Tocant\u00ednia,&nbsp; por meio&nbsp; da Secretaria Municipal de Educa\u00e7\u00e3o (Semed), desenvolveu nesta quinta-feira, dia 18 de abril,&nbsp; uma vasta programa\u00e7\u00e3o para celebrar, em grande estilo,&nbsp; o&nbsp; Dia Nacional do Livro Infantil.<\/p>\n\n\n\n<p>A programa\u00e7\u00e3o festiva&nbsp; aconteceu&nbsp; no Centro de Refer\u00eancia do Projeto Leitura Viva, localizado na Pra\u00e7a Valperino Gomes,&nbsp; no centro da cidade. Na oportunidade, alunos da rede municipal de ensino e a comunidade em geral prestigiaram o acontecimento, que contou com apresenta\u00e7\u00f5es teatrais e de dan\u00e7a, conta\u00e7\u00e3o de hist\u00f3rias, mon\u00f3logos abordando a tem\u00e1tica do livro infantil, al\u00e9m de exibi\u00e7\u00e3o de filmes e outras atividades.<\/p>\n\n\n\n<p>O secret\u00e1rio de Educa\u00e7\u00e3o de Tocant\u00ednia, professor Andr\u00e9 Goveia, destaca que a\u00e7\u00f5es&nbsp; como essas valorizam a import\u00e2ncia da leitura na educa\u00e7\u00e3o infantil e&nbsp; ajuda no crescimento individual do aluno em todo processo educacional.&nbsp;<\/p>\n\n\n\n<p>\u201cMomentos como esses, estimulam a imagina\u00e7\u00e3o, incentivam a crian\u00e7a a criar suas pr\u00f3prias hist\u00f3rias, al\u00e9m de ampliar o repert\u00f3rio cultural desses alunos, trazendo express\u00f5es art\u00edsticas, liter\u00e1rias e culturais, que na maioria das vezes eles s\u00f3 t\u00eam acesso no espa\u00e7o escolar\u201d, disse o secret\u00e1rio Andr\u00e9 Goveia.<\/p>\n\n\n\n\n\n<p><\/p>\n\n\n\n<figure class=\"wp-block-image size-large is-resized\"><img loading=\"lazy\" decoding=\"async\" width=\"1024\" height=\"722\" src=\"https:\/\/focotocantinense.com.br\/wp-content\/uploads\/2024\/04\/8-DIa-Nacional-do-Livro-em-Tocantinia-Foto-Higor-Batista-1024x722.jpg\" alt=\"\" class=\"wp-image-7373\" style=\"width:412px;height:auto\" srcset=\"https:\/\/focotocantinense.com.br\/wp-content\/uploads\/2024\/04\/8-DIa-Nacional-do-Livro-em-Tocantinia-Foto-Higor-Batista-1024x722.jpg 1024w, https:\/\/focotocantinense.com.br\/wp-content\/uploads\/2024\/04\/8-DIa-Nacional-do-Livro-em-Tocantinia-Foto-Higor-Batista-300x212.jpg 300w, https:\/\/focotocantinense.com.br\/wp-content\/uploads\/2024\/04\/8-DIa-Nacional-do-Livro-em-Tocantinia-Foto-Higor-Batista-768x541.jpg 768w, https:\/\/focotocantinense.com.br\/wp-content\/uploads\/2024\/04\/8-DIa-Nacional-do-Livro-em-Tocantinia-Foto-Higor-Batista-1536x1083.jpg 1536w, https:\/\/focotocantinense.com.br\/wp-content\/uploads\/2024\/04\/8-DIa-Nacional-do-Livro-em-Tocantinia-Foto-Higor-Batista.jpg 1600w\" sizes=\"auto, (max-width: 1024px) 100vw, 1024px\" \/><\/figure>\n\n\n\n<p><\/p>\n\n\n\n<figure class=\"wp-block-image size-large\"><img loading=\"lazy\" decoding=\"async\" width=\"1024\" height=\"651\" src=\"https:\/\/focotocantinense.com.br\/wp-content\/uploads\/2024\/04\/5-Professor-Andre-Goveia-Secretario-de-Educacao-de-Tocanti9nia-Foto-Higor-Batista-1024x651.jpg\" alt=\"\" class=\"wp-image-7365\" srcset=\"https:\/\/focotocantinense.com.br\/wp-content\/uploads\/2024\/04\/5-Professor-Andre-Goveia-Secretario-de-Educacao-de-Tocanti9nia-Foto-Higor-Batista-1024x651.jpg 1024w, https:\/\/focotocantinense.com.br\/wp-content\/uploads\/2024\/04\/5-Professor-Andre-Goveia-Secretario-de-Educacao-de-Tocanti9nia-Foto-Higor-Batista-300x191.jpg 300w, https:\/\/focotocantinense.com.br\/wp-content\/uploads\/2024\/04\/5-Professor-Andre-Goveia-Secretario-de-Educacao-de-Tocanti9nia-Foto-Higor-Batista-768x488.jpg 768w, https:\/\/focotocantinense.com.br\/wp-content\/uploads\/2024\/04\/5-Professor-Andre-Goveia-Secretario-de-Educacao-de-Tocanti9nia-Foto-Higor-Batista-1536x976.jpg 1536w, https:\/\/focotocantinense.com.br\/wp-content\/uploads\/2024\/04\/5-Professor-Andre-Goveia-Secretario-de-Educacao-de-Tocanti9nia-Foto-Higor-Batista.jpg 1600w\" sizes=\"auto, (max-width: 1024px) 100vw, 1024px\" \/><\/figure>\n\n\n\n<p><\/p>\n\n\n\n<figure class=\"wp-block-image size-large\"><img loading=\"lazy\" decoding=\"async\" width=\"1024\" height=\"621\" src=\"https:\/\/focotocantinense.com.br\/wp-content\/uploads\/2024\/04\/17-DIa-Nacional-do-Livro-em-Tocantinia-Foto-Higor-Batista-1024x621.jpg\" alt=\"\" class=\"wp-image-7371\" srcset=\"https:\/\/focotocantinense.com.br\/wp-content\/uploads\/2024\/04\/17-DIa-Nacional-do-Livro-em-Tocantinia-Foto-Higor-Batista-1024x621.jpg 1024w, https:\/\/focotocantinense.com.br\/wp-content\/uploads\/2024\/04\/17-DIa-Nacional-do-Livro-em-Tocantinia-Foto-Higor-Batista-300x182.jpg 300w, https:\/\/focotocantinense.com.br\/wp-content\/uploads\/2024\/04\/17-DIa-Nacional-do-Livro-em-Tocantinia-Foto-Higor-Batista-768x466.jpg 768w, https:\/\/focotocantinense.com.br\/wp-content\/uploads\/2024\/04\/17-DIa-Nacional-do-Livro-em-Tocantinia-Foto-Higor-Batista-1536x931.jpg 1536w, https:\/\/focotocantinense.com.br\/wp-content\/uploads\/2024\/04\/17-DIa-Nacional-do-Livro-em-Tocantinia-Foto-Higor-Batista.jpg 1600w\" sizes=\"auto, (max-width: 1024px) 100vw, 1024px\" \/><\/figure>\n\n\n\n<p><\/p>\n\n\n\n<figure class=\"wp-block-image size-large\"><img loading=\"lazy\" decoding=\"async\" width=\"1024\" height=\"768\" src=\"https:\/\/focotocantinense.com.br\/wp-content\/uploads\/2024\/04\/2-DIa-Nacional-do-Livro-em-Tocantinia-Foto-Higor-Batista-1024x768.jpg\" alt=\"\" class=\"wp-image-7369\" srcset=\"https:\/\/focotocantinense.com.br\/wp-content\/uploads\/2024\/04\/2-DIa-Nacional-do-Livro-em-Tocantinia-Foto-Higor-Batista-1024x768.jpg 1024w, https:\/\/focotocantinense.com.br\/wp-content\/uploads\/2024\/04\/2-DIa-Nacional-do-Livro-em-Tocantinia-Foto-Higor-Batista-300x225.jpg 300w, https:\/\/focotocantinense.com.br\/wp-content\/uploads\/2024\/04\/2-DIa-Nacional-do-Livro-em-Tocantinia-Foto-Higor-Batista-768x576.jpg 768w, https:\/\/focotocantinense.com.br\/wp-content\/uploads\/2024\/04\/2-DIa-Nacional-do-Livro-em-Tocantinia-Foto-Higor-Batista-1536x1152.jpg 1536w, https:\/\/focotocantinense.com.br\/wp-content\/uploads\/2024\/04\/2-DIa-Nacional-do-Livro-em-Tocantinia-Foto-Higor-Batista.jpg 1600w\" sizes=\"auto, (max-width: 1024px) 100vw, 1024px\" \/><\/figure>\n\n\n\n<p><\/p>\n\n\n\n<figure class=\"wp-block-image size-large\"><img loading=\"lazy\" decoding=\"async\" width=\"1024\" height=\"654\" src=\"https:\/\/focotocantinense.com.br\/wp-content\/uploads\/2024\/04\/1-DIa-Nacional-do-Livro-em-Tocantinia-Foto-Higor-Batista-1024x654.jpg\" alt=\"\" class=\"wp-image-7368\" srcset=\"https:\/\/focotocantinense.com.br\/wp-content\/uploads\/2024\/04\/1-DIa-Nacional-do-Livro-em-Tocantinia-Foto-Higor-Batista-1024x654.jpg 1024w, https:\/\/focotocantinense.com.br\/wp-content\/uploads\/2024\/04\/1-DIa-Nacional-do-Livro-em-Tocantinia-Foto-Higor-Batista-300x192.jpg 300w, https:\/\/focotocantinense.com.br\/wp-content\/uploads\/2024\/04\/1-DIa-Nacional-do-Livro-em-Tocantinia-Foto-Higor-Batista-768x491.jpg 768w, https:\/\/focotocantinense.com.br\/wp-content\/uploads\/2024\/04\/1-DIa-Nacional-do-Livro-em-Tocantinia-Foto-Higor-Batista-1536x981.jpg 1536w, https:\/\/focotocantinense.com.br\/wp-content\/uploads\/2024\/04\/1-DIa-Nacional-do-Livro-em-Tocantinia-Foto-Higor-Batista.jpg 1600w\" sizes=\"auto, (max-width: 1024px) 100vw, 1024px\" \/><\/figure>\n\n\n\n<p><\/p>\n\n\n\n<figure class=\"wp-block-image size-full\"><img loading=\"lazy\" decoding=\"async\" width=\"843\" height=\"251\" src=\"https:\/\/focotocantinense.com.br\/wp-content\/uploads\/2024\/04\/VINI_181-11.jpg\" alt=\"\" class=\"wp-image-7366\" srcset=\"https:\/\/focotocantinense.com.br\/wp-content\/uploads\/2024\/04\/VINI_181-11.jpg 843w, https:\/\/focotocantinense.com.br\/wp-content\/uploads\/2024\/04\/VINI_181-11-300x89.jpg 300w, https:\/\/focotocantinense.com.br\/wp-content\/uploads\/2024\/04\/VINI_181-11-768x229.jpg 768w\" sizes=\"auto, (max-width: 843px) 100vw, 843px\" \/><\/figure>\n","protected":false},"excerpt":{"rendered":"<p>Por Zacarias Martins &#8211; Fotos: Higor Batista Com o objetivo de promover o acesso das crian\u00e7as a arte, literatura e cultura, bem como despertar nos alunos o interesse pelos livros e hist\u00f3rias, a&nbsp; &nbsp;Prefeitura&nbsp; de Tocant\u00ednia,&nbsp; por meio&nbsp; da Secretaria Municipal de Educa\u00e7\u00e3o (Semed), desenvolveu nesta quinta-feira, dia 18 de abril,&nbsp; uma vasta programa\u00e7\u00e3o para &hellip;<\/p>\n","protected":false},"author":5,"featured_media":7365,"comment_status":"open","ping_status":"open","sticky":false,"template":"","format":"standard","meta":{"footnotes":""},"categories":[78],"tags":[],"class_list":["post-7364","post","type-post","status-publish","format-standard","has-post-thumbnail","","category-tocantinia"],"_links":{"self":[{"href":"https:\/\/focotocantinense.com.br\/index.php?rest_route=\/wp\/v2\/posts\/7364","targetHints":{"allow":["GET"]}}],"collection":[{"href":"https:\/\/focotocantinense.com.br\/index.php?rest_route=\/wp\/v2\/posts"}],"about":[{"href":"https:\/\/focotocantinense.com.br\/index.php?rest_route=\/wp\/v2\/types\/post"}],"author":[{"embeddable":true,"href":"https:\/\/focotocantinense.com.br\/index.php?rest_route=\/wp\/v2\/users\/5"}],"replies":[{"embeddable":true,"href":"https:\/\/focotocantinense.com.br\/index.php?rest_route=%2Fwp%2Fv2%2Fcomments&post=7364"}],"version-history":[{"count":3,"href":"https:\/\/focotocantinense.com.br\/index.php?rest_route=\/wp\/v2\/posts\/7364\/revisions"}],"predecessor-version":[{"id":7375,"href":"https:\/\/focotocantinense.com.br\/index.php?rest_route=\/wp\/v2\/posts\/7364\/revisions\/7375"}],"wp:featuredmedia":[{"embeddable":true,"href":"https:\/\/focotocantinense.com.br\/index.php?rest_route=\/wp\/v2\/media\/7365"}],"wp:attachment":[{"href":"https:\/\/focotocantinense.com.br\/index.php?rest_route=%2Fwp%2Fv2%2Fmedia&parent=7364"}],"wp:term":[{"taxonomy":"category","embeddable":true,"href":"https:\/\/focotocantinense.com.br\/index.php?rest_route=%2Fwp%2Fv2%2Fcategories&post=7364"},{"taxonomy":"post_tag","embeddable":true,"href":"https:\/\/focotocantinense.com.br\/index.php?rest_route=%2Fwp%2Fv2%2Ftags&post=7364"}],"curies":[{"name":"wp","href":"https:\/\/api.w.org\/{rel}","templated":true}]}}