{"id":7357,"date":"2024-04-18T17:42:12","date_gmt":"2024-04-18T20:42:12","guid":{"rendered":"https:\/\/focotocantinense.com.br\/?p=7357"},"modified":"2024-04-18T17:42:12","modified_gmt":"2024-04-18T20:42:12","slug":"wanderlei-barbosa-e-antonio-andrade-vistoriam-obras-da-nova-ponte-de-porto-nacional-a-maior-obra-de-infraestrutura-em-andamento-no-estado","status":"publish","type":"post","link":"https:\/\/focotocantinense.com.br\/?p=7357","title":{"rendered":"Wanderlei Barbosa e Antonio Andrade, vistoriam obras da nova ponte de Porto Nacional, a maior obra de infraestrutura em andamento no Estado"},"content":{"rendered":"\n<p>Conforme an\u00fancio feito pelo governador durante a vistoria, a previs\u00e3o de inaugura\u00e7\u00e3o da ponte \u00e9 para o dia 14 de junho de 2024 com mega evento<\/p>\n\n\n\n<p>Desenvolvimento! Com investimento de quase R$ 150 milh\u00f5es, a ponte sobre o rio Tocantins em Porto Nacional est\u00e1 prestes a ser inaugurada.<\/p>\n\n\n\n<p>Em uma visita \u00e0 obra, feita nesta ter\u00e7a-feira (16), o governador Wanderlei Barbosa e o deputado federal Antonio Andrade, ambos cidad\u00e3os portuenses, destacaram a magnitude da ponte que garantir\u00e1 a facilita\u00e7\u00e3o do acesso da popula\u00e7\u00e3o que precisa dela, bem como a melhoria da economia, turismo e escoamento da produ\u00e7\u00e3o agr\u00edcola.<\/p>\n\n\n\n<figure class=\"wp-block-image size-large is-resized\"><img loading=\"lazy\" decoding=\"async\" width=\"1024\" height=\"683\" src=\"https:\/\/focotocantinense.com.br\/wp-content\/uploads\/2024\/04\/toinho-ponte-de-porto-2-1024x683.jpeg\" alt=\"\" class=\"wp-image-7359\" style=\"width:771px;height:auto\" srcset=\"https:\/\/focotocantinense.com.br\/wp-content\/uploads\/2024\/04\/toinho-ponte-de-porto-2-1024x683.jpeg 1024w, https:\/\/focotocantinense.com.br\/wp-content\/uploads\/2024\/04\/toinho-ponte-de-porto-2-300x200.jpeg 300w, https:\/\/focotocantinense.com.br\/wp-content\/uploads\/2024\/04\/toinho-ponte-de-porto-2-768x512.jpeg 768w, https:\/\/focotocantinense.com.br\/wp-content\/uploads\/2024\/04\/toinho-ponte-de-porto-2-1536x1024.jpeg 1536w, https:\/\/focotocantinense.com.br\/wp-content\/uploads\/2024\/04\/toinho-ponte-de-porto-2-2048x1366.jpeg 2048w\" sizes=\"auto, (max-width: 1024px) 100vw, 1024px\" \/><\/figure>\n\n\n\n<p>A visita \u00e0s obras foi acompanhada por pr\u00e9-candidatos a vereadores e lideran\u00e7as do munic\u00edpio que apoiam a pr\u00e9-candidatura a prefeito do deputado Antonio Andrade.<\/p>\n\n\n\n<p>Durante a visita, Wanderlei Barbosa destacou: \u201cEssa \u00e9 uma obra muito importante e especial para todos n\u00f3s, e o deputado Antonio Andrade tem papel fundamental nessa conquista, desde sua atua\u00e7\u00e3o para conseguir o aval da Assembleia Legislativa, at\u00e9 a busca por recursos que viabilizassem essa constru\u00e7\u00e3o. A nova ponte leva o nome de Antonio Poincar\u00e9 Andrade (in memorian), pai do deputado Toinho que \u00e9 mais que um amigo, \u00e9 um irm\u00e3o que tenho, por isso, estar aqui hoje \u00e9 com certeza muito gratificante\u201d, concluiu o governador.<\/p>\n\n\n\n<p>Em seguida, Antonio Andrade agradeceu ao governador pela parceria de longa data e falou sobre a import\u00e2ncia da obra para Porto e todo o Tocantins.<\/p>\n\n\n\n<p>&#8220;Essa ponte \u00e9 uma realiza\u00e7\u00e3o, a concretiza\u00e7\u00e3o de um sonho hist\u00f3rico da popula\u00e7\u00e3o portuense. Ir\u00e1 suprir a travessia complexa de ve\u00edculos pesados que hoje \u00e9 feita por meio de balsas, e impulsionar\u00e1 ainda mais o desenvolvimento dessa regi\u00e3o que \u00e9 destaque no agroneg\u00f3cio do Estado. Estamos na fase final dos trabalhos, o que me deixa feliz por saber que essa conclus\u00e3o ir\u00e1 assegurar o tr\u00e1fego de um dos maiores corredores log\u00edsticos de desenvolvimento do Estado\u201d, pontuou o parlamentar.<\/p>\n\n\n\n<p>Assessoria de Comunica\u00e7\u00e3o \u2013 Deputado Federal Antonio Andrade<\/p>\n\n\n\n<p><\/p>\n","protected":false},"excerpt":{"rendered":"<p>Conforme an\u00fancio feito pelo governador durante a vistoria, a previs\u00e3o de inaugura\u00e7\u00e3o da ponte \u00e9 para o dia 14 de junho de 2024 com mega evento Desenvolvimento! Com investimento de quase R$ 150 milh\u00f5es, a ponte sobre o rio Tocantins em Porto Nacional est\u00e1 prestes a ser inaugurada. Em uma visita \u00e0 obra, feita nesta &hellip;<\/p>\n","protected":false},"author":5,"featured_media":7358,"comment_status":"open","ping_status":"open","sticky":false,"template":"","format":"standard","meta":{"footnotes":""},"categories":[1],"tags":[],"class_list":["post-7357","post","type-post","status-publish","format-standard","has-post-thumbnail","","category-sem-categoria"],"_links":{"self":[{"href":"https:\/\/focotocantinense.com.br\/index.php?rest_route=\/wp\/v2\/posts\/7357","targetHints":{"allow":["GET"]}}],"collection":[{"href":"https:\/\/focotocantinense.com.br\/index.php?rest_route=\/wp\/v2\/posts"}],"about":[{"href":"https:\/\/focotocantinense.com.br\/index.php?rest_route=\/wp\/v2\/types\/post"}],"author":[{"embeddable":true,"href":"https:\/\/focotocantinense.com.br\/index.php?rest_route=\/wp\/v2\/users\/5"}],"replies":[{"embeddable":true,"href":"https:\/\/focotocantinense.com.br\/index.php?rest_route=%2Fwp%2Fv2%2Fcomments&post=7357"}],"version-history":[{"count":1,"href":"https:\/\/focotocantinense.com.br\/index.php?rest_route=\/wp\/v2\/posts\/7357\/revisions"}],"predecessor-version":[{"id":7360,"href":"https:\/\/focotocantinense.com.br\/index.php?rest_route=\/wp\/v2\/posts\/7357\/revisions\/7360"}],"wp:featuredmedia":[{"embeddable":true,"href":"https:\/\/focotocantinense.com.br\/index.php?rest_route=\/wp\/v2\/media\/7358"}],"wp:attachment":[{"href":"https:\/\/focotocantinense.com.br\/index.php?rest_route=%2Fwp%2Fv2%2Fmedia&parent=7357"}],"wp:term":[{"taxonomy":"category","embeddable":true,"href":"https:\/\/focotocantinense.com.br\/index.php?rest_route=%2Fwp%2Fv2%2Fcategories&post=7357"},{"taxonomy":"post_tag","embeddable":true,"href":"https:\/\/focotocantinense.com.br\/index.php?rest_route=%2Fwp%2Fv2%2Ftags&post=7357"}],"curies":[{"name":"wp","href":"https:\/\/api.w.org\/{rel}","templated":true}]}}