{"id":7334,"date":"2024-04-16T18:48:26","date_gmt":"2024-04-16T21:48:26","guid":{"rendered":"https:\/\/focotocantinense.com.br\/?p=7334"},"modified":"2024-04-16T18:57:19","modified_gmt":"2024-04-16T21:57:19","slug":"secretaria-da-educacao-de-tocantinia-e-contemplada-com-livros-do-itau-social","status":"publish","type":"post","link":"https:\/\/focotocantinense.com.br\/?p=7334","title":{"rendered":"Secretaria da Educa\u00e7\u00e3o de Tocant\u00ednia \u00e9 contemplada com livros do Ita\u00fa Social"},"content":{"rendered":"\n<p><strong>Por Zacarias Martins<\/strong><\/p>\n\n\n\n<p><strong>Fotos: Higor Batista<\/strong><br><br>Mais uma importante a\u00e7\u00e3o \u00a0 que integra o Projeto Leitura Viva, foi colocada em pr\u00e1tica pela Prefeitura de Tocant\u00ednia, por meio da Secretaria Municipal de Educa\u00e7\u00e3o (Semed). \u00c9 que na manh\u00e3 desta ter\u00e7a-feira, 16, aconteceu nas depend\u00eancias do \u00a0 Centro de Refer\u00eancia do Projeto Leitura Viva, a solenidade de entrega \u00a0dos Kits Liter\u00e1rios Ita\u00fa Social.<br><br>O evento contou com a presen\u00e7a de autoridades municipais, comunidade, alunos e servidores da Rede Municipal de Ensino de Tocant\u00ednia.<br><br>O secret\u00e1rio de Educa\u00e7\u00e3o de Tocant\u00ednia, professor Andr\u00e9 Goveia, explicou que \u00a0o objetivo desses livros \u00a0\u00e9 \u00a0refor\u00e7ar o acerto do Centro de Refer\u00eancia do Projeto Leitura Viva, bem como, das demais escolas municipais, \u00a0propiciando o desenvolvimento das \u00a0habilidades de leitura na promo\u00e7\u00e3o da escrita por meio \u00a0dos mais \u00a0variados g\u00eaneros da liter\u00e1rios.<br><br>Para ser contemplada com os livros que integram os Kits Liter\u00e1rios, a Semed participou do edital do programa, respondendo quest\u00f5es de monitoramento, dados cadastrais e do perfil do p\u00fablico infantil atendido pelas escolas municipais, bem como as propostas de atividades de leitura a serem realizadas.<\/p>\n\n\n\n<figure class=\"wp-block-image size-large is-resized\"><img loading=\"lazy\" decoding=\"async\" width=\"1024\" height=\"682\" src=\"https:\/\/focotocantinense.com.br\/wp-content\/uploads\/2024\/04\/5-Secretaria-da-Educacao-de-Tocantinia-e-contemplada-com-livros-do-Itau-Social-1-1024x682.jpg\" alt=\"\" class=\"wp-image-7340\" style=\"width:396px;height:auto\" srcset=\"https:\/\/focotocantinense.com.br\/wp-content\/uploads\/2024\/04\/5-Secretaria-da-Educacao-de-Tocantinia-e-contemplada-com-livros-do-Itau-Social-1-1024x682.jpg 1024w, https:\/\/focotocantinense.com.br\/wp-content\/uploads\/2024\/04\/5-Secretaria-da-Educacao-de-Tocantinia-e-contemplada-com-livros-do-Itau-Social-1-300x200.jpg 300w, https:\/\/focotocantinense.com.br\/wp-content\/uploads\/2024\/04\/5-Secretaria-da-Educacao-de-Tocantinia-e-contemplada-com-livros-do-Itau-Social-1-768x512.jpg 768w, https:\/\/focotocantinense.com.br\/wp-content\/uploads\/2024\/04\/5-Secretaria-da-Educacao-de-Tocantinia-e-contemplada-com-livros-do-Itau-Social-1-1536x1023.jpg 1536w, https:\/\/focotocantinense.com.br\/wp-content\/uploads\/2024\/04\/5-Secretaria-da-Educacao-de-Tocantinia-e-contemplada-com-livros-do-Itau-Social-1-310x205.jpg 310w, https:\/\/focotocantinense.com.br\/wp-content\/uploads\/2024\/04\/5-Secretaria-da-Educacao-de-Tocantinia-e-contemplada-com-livros-do-Itau-Social-1.jpg 1600w\" sizes=\"auto, (max-width: 1024px) 100vw, 1024px\" \/><\/figure>\n\n\n\n<p><\/p>\n\n\n\n<figure class=\"wp-block-image size-large\"><img loading=\"lazy\" decoding=\"async\" width=\"1024\" height=\"682\" src=\"https:\/\/focotocantinense.com.br\/wp-content\/uploads\/2024\/04\/5-Secretaria-da-Educacao-de-Tocantinia-e-contemplada-com-livros-do-Itau-Social-1024x682.jpg\" alt=\"\" class=\"wp-image-7339\" srcset=\"https:\/\/focotocantinense.com.br\/wp-content\/uploads\/2024\/04\/5-Secretaria-da-Educacao-de-Tocantinia-e-contemplada-com-livros-do-Itau-Social-1024x682.jpg 1024w, https:\/\/focotocantinense.com.br\/wp-content\/uploads\/2024\/04\/5-Secretaria-da-Educacao-de-Tocantinia-e-contemplada-com-livros-do-Itau-Social-300x200.jpg 300w, https:\/\/focotocantinense.com.br\/wp-content\/uploads\/2024\/04\/5-Secretaria-da-Educacao-de-Tocantinia-e-contemplada-com-livros-do-Itau-Social-768x512.jpg 768w, https:\/\/focotocantinense.com.br\/wp-content\/uploads\/2024\/04\/5-Secretaria-da-Educacao-de-Tocantinia-e-contemplada-com-livros-do-Itau-Social-1536x1023.jpg 1536w, https:\/\/focotocantinense.com.br\/wp-content\/uploads\/2024\/04\/5-Secretaria-da-Educacao-de-Tocantinia-e-contemplada-com-livros-do-Itau-Social-310x205.jpg 310w, https:\/\/focotocantinense.com.br\/wp-content\/uploads\/2024\/04\/5-Secretaria-da-Educacao-de-Tocantinia-e-contemplada-com-livros-do-Itau-Social.jpg 1600w\" sizes=\"auto, (max-width: 1024px) 100vw, 1024px\" \/><\/figure>\n\n\n\n<p><\/p>\n\n\n\n<figure class=\"wp-block-image size-large\"><img loading=\"lazy\" decoding=\"async\" width=\"1024\" height=\"682\" src=\"https:\/\/focotocantinense.com.br\/wp-content\/uploads\/2024\/04\/1-Secretaria-da-Educacao-de-Tocantinia-e-contemplada-com-livros-do-Itau-Social-Foto-Higor-Batista-1024x682.jpg\" alt=\"\" class=\"wp-image-7338\" srcset=\"https:\/\/focotocantinense.com.br\/wp-content\/uploads\/2024\/04\/1-Secretaria-da-Educacao-de-Tocantinia-e-contemplada-com-livros-do-Itau-Social-Foto-Higor-Batista-1024x682.jpg 1024w, https:\/\/focotocantinense.com.br\/wp-content\/uploads\/2024\/04\/1-Secretaria-da-Educacao-de-Tocantinia-e-contemplada-com-livros-do-Itau-Social-Foto-Higor-Batista-300x200.jpg 300w, https:\/\/focotocantinense.com.br\/wp-content\/uploads\/2024\/04\/1-Secretaria-da-Educacao-de-Tocantinia-e-contemplada-com-livros-do-Itau-Social-Foto-Higor-Batista-768x512.jpg 768w, https:\/\/focotocantinense.com.br\/wp-content\/uploads\/2024\/04\/1-Secretaria-da-Educacao-de-Tocantinia-e-contemplada-com-livros-do-Itau-Social-Foto-Higor-Batista-1536x1023.jpg 1536w, https:\/\/focotocantinense.com.br\/wp-content\/uploads\/2024\/04\/1-Secretaria-da-Educacao-de-Tocantinia-e-contemplada-com-livros-do-Itau-Social-Foto-Higor-Batista-310x205.jpg 310w, https:\/\/focotocantinense.com.br\/wp-content\/uploads\/2024\/04\/1-Secretaria-da-Educacao-de-Tocantinia-e-contemplada-com-livros-do-Itau-Social-Foto-Higor-Batista.jpg 1600w\" sizes=\"auto, (max-width: 1024px) 100vw, 1024px\" \/><\/figure>\n\n\n\n<p><\/p>\n\n\n\n<figure class=\"wp-block-image size-large\"><img loading=\"lazy\" decoding=\"async\" width=\"1024\" height=\"682\" src=\"https:\/\/focotocantinense.com.br\/wp-content\/uploads\/2024\/04\/2-Secretaria-da-Educacao-de-Tocantinia-e-contemplada-com-livros-do-Itau-Social-Foto-Higor-Batista-1-1024x682.jpg\" alt=\"\" class=\"wp-image-7337\" srcset=\"https:\/\/focotocantinense.com.br\/wp-content\/uploads\/2024\/04\/2-Secretaria-da-Educacao-de-Tocantinia-e-contemplada-com-livros-do-Itau-Social-Foto-Higor-Batista-1-1024x682.jpg 1024w, https:\/\/focotocantinense.com.br\/wp-content\/uploads\/2024\/04\/2-Secretaria-da-Educacao-de-Tocantinia-e-contemplada-com-livros-do-Itau-Social-Foto-Higor-Batista-1-300x200.jpg 300w, https:\/\/focotocantinense.com.br\/wp-content\/uploads\/2024\/04\/2-Secretaria-da-Educacao-de-Tocantinia-e-contemplada-com-livros-do-Itau-Social-Foto-Higor-Batista-1-768x512.jpg 768w, https:\/\/focotocantinense.com.br\/wp-content\/uploads\/2024\/04\/2-Secretaria-da-Educacao-de-Tocantinia-e-contemplada-com-livros-do-Itau-Social-Foto-Higor-Batista-1-1536x1023.jpg 1536w, https:\/\/focotocantinense.com.br\/wp-content\/uploads\/2024\/04\/2-Secretaria-da-Educacao-de-Tocantinia-e-contemplada-com-livros-do-Itau-Social-Foto-Higor-Batista-1-310x205.jpg 310w, https:\/\/focotocantinense.com.br\/wp-content\/uploads\/2024\/04\/2-Secretaria-da-Educacao-de-Tocantinia-e-contemplada-com-livros-do-Itau-Social-Foto-Higor-Batista-1.jpg 1600w\" sizes=\"auto, (max-width: 1024px) 100vw, 1024px\" \/><\/figure>\n\n\n\n<p><\/p>\n\n\n\n<figure class=\"wp-block-image size-full\"><img loading=\"lazy\" decoding=\"async\" width=\"843\" height=\"251\" src=\"https:\/\/focotocantinense.com.br\/wp-content\/uploads\/2024\/04\/VINI_181-9.jpg\" alt=\"\" class=\"wp-image-7336\" srcset=\"https:\/\/focotocantinense.com.br\/wp-content\/uploads\/2024\/04\/VINI_181-9.jpg 843w, https:\/\/focotocantinense.com.br\/wp-content\/uploads\/2024\/04\/VINI_181-9-300x89.jpg 300w, https:\/\/focotocantinense.com.br\/wp-content\/uploads\/2024\/04\/VINI_181-9-768x229.jpg 768w\" sizes=\"auto, (max-width: 843px) 100vw, 843px\" \/><\/figure>\n","protected":false},"excerpt":{"rendered":"<p>Por Zacarias Martins Fotos: Higor BatistaMais uma importante a\u00e7\u00e3o \u00a0 que integra o Projeto Leitura Viva, foi colocada em pr\u00e1tica pela Prefeitura de Tocant\u00ednia, por meio da Secretaria Municipal de Educa\u00e7\u00e3o (Semed). \u00c9 que na manh\u00e3 desta ter\u00e7a-feira, 16, aconteceu nas depend\u00eancias do \u00a0 Centro de Refer\u00eancia do Projeto Leitura Viva, a solenidade de entrega &hellip;<\/p>\n","protected":false},"author":5,"featured_media":7335,"comment_status":"open","ping_status":"open","sticky":false,"template":"","format":"standard","meta":{"footnotes":""},"categories":[78],"tags":[],"class_list":["post-7334","post","type-post","status-publish","format-standard","has-post-thumbnail","","category-tocantinia"],"_links":{"self":[{"href":"https:\/\/focotocantinense.com.br\/index.php?rest_route=\/wp\/v2\/posts\/7334","targetHints":{"allow":["GET"]}}],"collection":[{"href":"https:\/\/focotocantinense.com.br\/index.php?rest_route=\/wp\/v2\/posts"}],"about":[{"href":"https:\/\/focotocantinense.com.br\/index.php?rest_route=\/wp\/v2\/types\/post"}],"author":[{"embeddable":true,"href":"https:\/\/focotocantinense.com.br\/index.php?rest_route=\/wp\/v2\/users\/5"}],"replies":[{"embeddable":true,"href":"https:\/\/focotocantinense.com.br\/index.php?rest_route=%2Fwp%2Fv2%2Fcomments&post=7334"}],"version-history":[{"count":3,"href":"https:\/\/focotocantinense.com.br\/index.php?rest_route=\/wp\/v2\/posts\/7334\/revisions"}],"predecessor-version":[{"id":7344,"href":"https:\/\/focotocantinense.com.br\/index.php?rest_route=\/wp\/v2\/posts\/7334\/revisions\/7344"}],"wp:featuredmedia":[{"embeddable":true,"href":"https:\/\/focotocantinense.com.br\/index.php?rest_route=\/wp\/v2\/media\/7335"}],"wp:attachment":[{"href":"https:\/\/focotocantinense.com.br\/index.php?rest_route=%2Fwp%2Fv2%2Fmedia&parent=7334"}],"wp:term":[{"taxonomy":"category","embeddable":true,"href":"https:\/\/focotocantinense.com.br\/index.php?rest_route=%2Fwp%2Fv2%2Fcategories&post=7334"},{"taxonomy":"post_tag","embeddable":true,"href":"https:\/\/focotocantinense.com.br\/index.php?rest_route=%2Fwp%2Fv2%2Ftags&post=7334"}],"curies":[{"name":"wp","href":"https:\/\/api.w.org\/{rel}","templated":true}]}}