{"id":7329,"date":"2024-04-15T18:41:25","date_gmt":"2024-04-15T21:41:25","guid":{"rendered":"https:\/\/focotocantinense.com.br\/?p=7329"},"modified":"2024-04-15T18:42:22","modified_gmt":"2024-04-15T21:42:22","slug":"em-belem-governador-wanderlei-barbosa-participa-do-anuncio-de-mudancas-no-minha-casa-minha-vida-que-facilitarao-a-aquisicao-de-moradia-no-tocantins","status":"publish","type":"post","link":"https:\/\/focotocantinense.com.br\/?p=7329","title":{"rendered":"Em Bel\u00e9m, governador Wanderlei Barbosa participa do an\u00fancio de mudan\u00e7as no Minha Casa, Minha Vida, que facilitar\u00e3o a aquisi\u00e7\u00e3o de moradia no Tocantins"},"content":{"rendered":"\n<p>O governador Wanderlei Barbosa esteve em Bel\u00e9m, capital do Par\u00e1, nesta segunda-feira, 15, em evento com o ministro das Cidades, Jader Filho, onde foi apresentada uma nova Instru\u00e7\u00e3o Normativa (IN) de Incentivo ao&nbsp;<em>Minha Casa, Minha Vida<\/em>&nbsp;(MCMV) para a Regi\u00e3o Norte. A nova IN traz mudan\u00e7as no Programa, melhorando o financiamento do MCMV, pelo Governo Federal, de forma a beneficiar a compra da casa pr\u00f3pria por fam\u00edlias da Regi\u00e3o Norte do Pa\u00eds com renda mensal de at\u00e9 R$ 4,4 mil.<\/p>\n\n\n\n<p>Na ocasi\u00e3o, o governador Wanderlei Barbosa, acompanhado do secret\u00e1rio de Estado das Cidades, Habita\u00e7\u00e3o e Desenvolvimento Regional, Thiago Benfica, destacou que o MCMV \u00e9 uma das prioridades de seu governo e que a nova mudan\u00e7a trar\u00e1 muitos benef\u00edcios para a popula\u00e7\u00e3o tocantinense. \u201cEssa \u00e9 uma camada social que temos trabalhado ao longo do meu governo. As mudan\u00e7as nas regulamenta\u00e7\u00f5es propostas pelo governo federal est\u00e3o bem compreendidas. Recentemente, tive uma conversa com o secret\u00e1rio Thiago Benfica sobre isso, porque \u00e9 invi\u00e1vel para uma fam\u00edlia com renda mensal inferior a R$ 2 mil arcar com parcelas elevadas&#8221;, expressou.<br><br>&#8220;\u00c9 uma redu\u00e7\u00e3o significativa e isso me traz grande satisfa\u00e7\u00e3o. Eu tenho um compromisso especial com as nossas comunidades e, portanto, estou sempre em contato com o povo em diferentes \u00e1reas do nosso estado para entender suas necessidades mais urgentes e essenciais, visando melhorar suas condi\u00e7\u00f5es de vida. Esse \u00e9 o objetivo que perseguimos: trazer melhoria para o povo tocantinense. Assim, buscamos reunir informa\u00e7\u00f5es relevantes para apresentar ao ministro e ao governo federal, a fim de estabelecer uma parceria efetiva\u201d, completou o governador Wanderlei Barbosa.<\/p>\n\n\n\n<p>O secret\u00e1rio de Estado das Cidades, Habita\u00e7\u00e3o e Desenvolvimento Regional, Thiago Benfica, explicou como ficaram definidas as novas regras para o MCMV na Regi\u00e3o Norte. &#8220;Essa nova Instru\u00e7\u00e3o Normativa aumenta o valor dos subs\u00eddios para o programa, com o uso do FGTS [Fundo de Garantia do Tempo de Servi\u00e7o], que antes era de &nbsp;8% para at\u00e9 33% do valor do subs\u00eddio, para as faixas 1 e 2. Essa not\u00edcia impacta positivamente o Tocantins, principalmente na formula\u00e7\u00e3o do nosso novo Programa Habitacional, uma vez que vai somar com o subs\u00eddio proposto pelo Estado, reduzindo ainda mais os valores das parcelas do im\u00f3vel adquirido&#8221;, conferiu o secret\u00e1rio.<\/p>\n\n\n\n<p>&#8220;Essa portaria \u00e9 voltada para quem ganha at\u00e9 R$ 4,4 mil de renda; considerando que o subs\u00eddio previsto para o programa do Estado, que ser\u00e1 lan\u00e7ado em breve, ser\u00e1 de R$ 20 mil por unidade, somado a esse subs\u00eddio, al\u00e9m de acabar com a entrada, permitir\u00e1 ainda a redu\u00e7\u00e3o da parcela&#8221;, completou Thiago.<\/p>\n\n\n\n<p><strong>Novidades no programa<\/strong><\/p>\n\n\n\n<p>Apesar de abrigar 8,5% da popula\u00e7\u00e3o do Pa\u00eds, a Regi\u00e3o Norte responde por 10,3% do d\u00e9ficit habitacional acima de um sal\u00e1rio-m\u00ednimo. No entanto, historicamente, tem baixo desempenho na execu\u00e7\u00e3o de programas habitacionais do FGTS. Nos \u00faltimos anos, houve um aumento nas contrata\u00e7\u00f5es, mas a regi\u00e3o ainda representa apenas 3% dos recursos executados em todo o Pa\u00eds. Diante desses desafios, o governo federal promover\u00e1 a amplia\u00e7\u00e3o dos descontos para as fam\u00edlias de baixa renda, tanto em munic\u00edpios maiores quanto menores, com aumentos entre 8% e 33% e entre 15% e 18%, respectivamente. Essa medida busca reduzir a entrada exigida das fam\u00edlias e\/ou as presta\u00e7\u00f5es devidas, incentivando a contrata\u00e7\u00e3o de unidades habitacionais em toda a regi\u00e3o.<br><br><strong>MCMV<\/strong><br><br>O programa&nbsp;<em>Minha Casa, Minha Vida<\/em>&nbsp;(MCMV) continua sendo uma iniciativa-chave do Governo Federal para promover o acesso \u00e0 moradia digna no Brasil. O programa prioriza n\u00e3o apenas a quantidade, mas tamb\u00e9m a qualidade das moradias oferecidas, garantindo padr\u00f5es adequados de constru\u00e7\u00e3o e infraestrutura. Al\u00e9m disso, o MCMV busca uma maior integra\u00e7\u00e3o com pol\u00edticas de desenvolvimento urbano sustent\u00e1vel, incentivando a constru\u00e7\u00e3o de unidades habitacionais em \u00e1reas bem localizadas, pr\u00f3ximas a servi\u00e7os p\u00fablicos, transporte e emprego.<\/p>\n\n\n\n<p>A nova medida adotada para a Regi\u00e3o Norte do Pa\u00eds pretende ampliar os descontos em financiamentos habitacionais com recursos do FGTS, com os objetivos de impulsionar a contrata\u00e7\u00e3o de unidades habitacionais (UHs) na regi\u00e3o e focar nas faixas de renda mais baixas, onde o d\u00e9ficit habitacional \u00e9 mais significativo. Espera-se que isso tamb\u00e9m estimule a ind\u00fastria da constru\u00e7\u00e3o civil e gere empregos locais.<\/p>\n\n\n\n\n\n<p><\/p>\n\n\n\n<figure class=\"wp-block-image\"><img decoding=\"async\" src=\"https:\/\/central.to.gov.br\/image\/372851?w=670&amp;h=383\" alt=\"\"\/><\/figure>\n\n\n\n<p><em><strong>O governador Wanderlei Barbosa foi recepcionado em Bel\u00e9m, pelo ministro das Cidades Jader Filho, onde foi apresentada uma nova Instru\u00e7\u00e3o Normativa de incentivo ao Minha Casa, Minha Vida &#8211; Foto:&nbsp; Ant\u00f4nio Gon\u00e7alves\/Governo do Tocantins&nbsp;<\/strong><\/em><\/p>\n\n\n\n<p><\/p>\n\n\n\n<p><\/p>\n\n\n\n<figure class=\"wp-block-image size-full\"><img loading=\"lazy\" decoding=\"async\" width=\"843\" height=\"251\" src=\"https:\/\/focotocantinense.com.br\/wp-content\/uploads\/2024\/04\/VINI_181-8.jpg\" alt=\"\" class=\"wp-image-7331\" srcset=\"https:\/\/focotocantinense.com.br\/wp-content\/uploads\/2024\/04\/VINI_181-8.jpg 843w, https:\/\/focotocantinense.com.br\/wp-content\/uploads\/2024\/04\/VINI_181-8-300x89.jpg 300w, https:\/\/focotocantinense.com.br\/wp-content\/uploads\/2024\/04\/VINI_181-8-768x229.jpg 768w\" sizes=\"auto, (max-width: 843px) 100vw, 843px\" \/><\/figure>\n","protected":false},"excerpt":{"rendered":"<p>O governador Wanderlei Barbosa esteve em Bel\u00e9m, capital do Par\u00e1, nesta segunda-feira, 15, em evento com o ministro das Cidades, Jader Filho, onde foi apresentada uma nova Instru\u00e7\u00e3o Normativa (IN) de Incentivo ao&nbsp;Minha Casa, Minha Vida&nbsp;(MCMV) para a Regi\u00e3o Norte. A nova IN traz mudan\u00e7as no Programa, melhorando o financiamento do MCMV, pelo Governo Federal, &hellip;<\/p>\n","protected":false},"author":5,"featured_media":7330,"comment_status":"open","ping_status":"open","sticky":false,"template":"","format":"standard","meta":{"footnotes":""},"categories":[40],"tags":[],"class_list":["post-7329","post","type-post","status-publish","format-standard","has-post-thumbnail","","category-politica"],"_links":{"self":[{"href":"https:\/\/focotocantinense.com.br\/index.php?rest_route=\/wp\/v2\/posts\/7329","targetHints":{"allow":["GET"]}}],"collection":[{"href":"https:\/\/focotocantinense.com.br\/index.php?rest_route=\/wp\/v2\/posts"}],"about":[{"href":"https:\/\/focotocantinense.com.br\/index.php?rest_route=\/wp\/v2\/types\/post"}],"author":[{"embeddable":true,"href":"https:\/\/focotocantinense.com.br\/index.php?rest_route=\/wp\/v2\/users\/5"}],"replies":[{"embeddable":true,"href":"https:\/\/focotocantinense.com.br\/index.php?rest_route=%2Fwp%2Fv2%2Fcomments&post=7329"}],"version-history":[{"count":1,"href":"https:\/\/focotocantinense.com.br\/index.php?rest_route=\/wp\/v2\/posts\/7329\/revisions"}],"predecessor-version":[{"id":7333,"href":"https:\/\/focotocantinense.com.br\/index.php?rest_route=\/wp\/v2\/posts\/7329\/revisions\/7333"}],"wp:featuredmedia":[{"embeddable":true,"href":"https:\/\/focotocantinense.com.br\/index.php?rest_route=\/wp\/v2\/media\/7330"}],"wp:attachment":[{"href":"https:\/\/focotocantinense.com.br\/index.php?rest_route=%2Fwp%2Fv2%2Fmedia&parent=7329"}],"wp:term":[{"taxonomy":"category","embeddable":true,"href":"https:\/\/focotocantinense.com.br\/index.php?rest_route=%2Fwp%2Fv2%2Fcategories&post=7329"},{"taxonomy":"post_tag","embeddable":true,"href":"https:\/\/focotocantinense.com.br\/index.php?rest_route=%2Fwp%2Fv2%2Ftags&post=7329"}],"curies":[{"name":"wp","href":"https:\/\/api.w.org\/{rel}","templated":true}]}}