{"id":7323,"date":"2024-04-15T16:55:06","date_gmt":"2024-04-15T19:55:06","guid":{"rendered":"https:\/\/focotocantinense.com.br\/?p=7323"},"modified":"2024-04-15T16:55:26","modified_gmt":"2024-04-15T19:55:26","slug":"mestres-de-capoeira-do-tocantins-sao-homenageados-com-o-titulo-de-doutor-honoris-causa","status":"publish","type":"post","link":"https:\/\/focotocantinense.com.br\/?p=7323","title":{"rendered":"Mestres de Capoeira do Tocantins s\u00e3o homenageados com o t\u00edtulo de \u00a0Doutor Honoris Causa"},"content":{"rendered":"\n<p><strong>Por Zacarias Martins<\/strong><\/p>\n\n\n\n<p>Por meio da&nbsp; &nbsp;Reitoria da Faculdade de Forma\u00e7\u00e3o Brasileira e Internacional de Capelania e a Ordem dos Capel\u00e3es do Brasil&nbsp; (OCB), aconteceu no \u00faltimo dia 13 de abril, no plen\u00e1rio da &nbsp;C\u00e2mara Municipal de Diadema (SP), a solenidade de entrega do t\u00edtulo honor\u00edfico &nbsp;de Doutor Honoris Causa a um seleto grupo &nbsp;tocantinense&nbsp; de Mestres de Capoeira.<\/p>\n\n\n\n<p>As personalidades do Tocantins &nbsp;que receberam o t\u00edtulo foram Jos\u00e9 Reinaldo Ferreira de Moura (Mestre Fuma\u00e7a), Nilton Sergio da Silva (Mestre Geleia) ambos do munic\u00edpio de Arraias, al\u00e9m&nbsp; de Leonardo Vieira (Mestre Asa Delta), &nbsp;de Palmas.<\/p>\n\n\n\n<p>&nbsp;A contempla\u00e7\u00e3o desse importante t\u00edtulo se&nbsp; &nbsp;deu &nbsp;por meio do reconhecimento p\u00fablico&nbsp; pelos relevantes&nbsp; servi\u00e7os sociais por eles prestados.&nbsp; &nbsp;Os tr\u00eas se destacam&nbsp; por desenvolverem projetos de grande alcance social em suas comunidades, especialmente, no segmento cultural ligado \u00e0 &nbsp;arte da capoeira e da m\u00fasica.<\/p>\n\n\n\n<figure class=\"wp-block-image size-full is-resized\"><img loading=\"lazy\" decoding=\"async\" width=\"979\" height=\"609\" src=\"https:\/\/focotocantinense.com.br\/wp-content\/uploads\/2024\/04\/TURMA-DA-CAPOETIA.jpg\" alt=\"\" class=\"wp-image-7326\" style=\"width:411px;height:auto\" srcset=\"https:\/\/focotocantinense.com.br\/wp-content\/uploads\/2024\/04\/TURMA-DA-CAPOETIA.jpg 979w, https:\/\/focotocantinense.com.br\/wp-content\/uploads\/2024\/04\/TURMA-DA-CAPOETIA-300x187.jpg 300w, https:\/\/focotocantinense.com.br\/wp-content\/uploads\/2024\/04\/TURMA-DA-CAPOETIA-768x478.jpg 768w\" sizes=\"auto, (max-width: 979px) 100vw, 979px\" \/><\/figure>\n\n\n\n<p><\/p>\n\n\n\n<figure class=\"wp-block-image size-full\"><img loading=\"lazy\" decoding=\"async\" width=\"843\" height=\"251\" src=\"https:\/\/focotocantinense.com.br\/wp-content\/uploads\/2024\/04\/VINI_181-7.jpg\" alt=\"\" class=\"wp-image-7325\" srcset=\"https:\/\/focotocantinense.com.br\/wp-content\/uploads\/2024\/04\/VINI_181-7.jpg 843w, https:\/\/focotocantinense.com.br\/wp-content\/uploads\/2024\/04\/VINI_181-7-300x89.jpg 300w, https:\/\/focotocantinense.com.br\/wp-content\/uploads\/2024\/04\/VINI_181-7-768x229.jpg 768w\" sizes=\"auto, (max-width: 843px) 100vw, 843px\" \/><\/figure>\n","protected":false},"excerpt":{"rendered":"<p>Por Zacarias Martins Por meio da&nbsp; &nbsp;Reitoria da Faculdade de Forma\u00e7\u00e3o Brasileira e Internacional de Capelania e a Ordem dos Capel\u00e3es do Brasil&nbsp; (OCB), aconteceu no \u00faltimo dia 13 de abril, no plen\u00e1rio da &nbsp;C\u00e2mara Municipal de Diadema (SP), a solenidade de entrega do t\u00edtulo honor\u00edfico &nbsp;de Doutor Honoris Causa a um seleto grupo &nbsp;tocantinense&nbsp; &hellip;<\/p>\n","protected":false},"author":5,"featured_media":7324,"comment_status":"open","ping_status":"open","sticky":false,"template":"","format":"standard","meta":{"footnotes":""},"categories":[104],"tags":[],"class_list":["post-7323","post","type-post","status-publish","format-standard","has-post-thumbnail","","category-cultura"],"_links":{"self":[{"href":"https:\/\/focotocantinense.com.br\/index.php?rest_route=\/wp\/v2\/posts\/7323","targetHints":{"allow":["GET"]}}],"collection":[{"href":"https:\/\/focotocantinense.com.br\/index.php?rest_route=\/wp\/v2\/posts"}],"about":[{"href":"https:\/\/focotocantinense.com.br\/index.php?rest_route=\/wp\/v2\/types\/post"}],"author":[{"embeddable":true,"href":"https:\/\/focotocantinense.com.br\/index.php?rest_route=\/wp\/v2\/users\/5"}],"replies":[{"embeddable":true,"href":"https:\/\/focotocantinense.com.br\/index.php?rest_route=%2Fwp%2Fv2%2Fcomments&post=7323"}],"version-history":[{"count":2,"href":"https:\/\/focotocantinense.com.br\/index.php?rest_route=\/wp\/v2\/posts\/7323\/revisions"}],"predecessor-version":[{"id":7328,"href":"https:\/\/focotocantinense.com.br\/index.php?rest_route=\/wp\/v2\/posts\/7323\/revisions\/7328"}],"wp:featuredmedia":[{"embeddable":true,"href":"https:\/\/focotocantinense.com.br\/index.php?rest_route=\/wp\/v2\/media\/7324"}],"wp:attachment":[{"href":"https:\/\/focotocantinense.com.br\/index.php?rest_route=%2Fwp%2Fv2%2Fmedia&parent=7323"}],"wp:term":[{"taxonomy":"category","embeddable":true,"href":"https:\/\/focotocantinense.com.br\/index.php?rest_route=%2Fwp%2Fv2%2Fcategories&post=7323"},{"taxonomy":"post_tag","embeddable":true,"href":"https:\/\/focotocantinense.com.br\/index.php?rest_route=%2Fwp%2Fv2%2Ftags&post=7323"}],"curies":[{"name":"wp","href":"https:\/\/api.w.org\/{rel}","templated":true}]}}