{"id":7320,"date":"2024-04-14T16:44:48","date_gmt":"2024-04-14T19:44:48","guid":{"rendered":"https:\/\/focotocantinense.com.br\/?p=7320"},"modified":"2024-04-14T16:44:49","modified_gmt":"2024-04-14T19:44:49","slug":"ses-to-alerta-a-populacao-para-a-prevencao-e-combate-a-doenca-de-chagas","status":"publish","type":"post","link":"https:\/\/focotocantinense.com.br\/?p=7320","title":{"rendered":"SES-TO alerta a popula\u00e7\u00e3o para a preven\u00e7\u00e3o e combate \u00e0 doen\u00e7a de Chagas"},"content":{"rendered":"\n<p>O Dia Mundial da Doen\u00e7a de Chagas, 14 de abril, \u00e9 para a conscientiza\u00e7\u00e3o&nbsp;dessa doen\u00e7a tropical causada pelo protozo\u00e1rio&nbsp;<em>Trypanosoma cruzi,<\/em>&nbsp;que \u00e9 transmitido aos humanos por meio de um inseto mais conhecido como barbeiro. A Secretaria de Estado da Sa\u00fade (SES-TO) aproveita a data, para refor\u00e7ar a conscientiza\u00e7\u00e3o da popula\u00e7\u00e3o e para a necessidade da preven\u00e7\u00e3o e combate \u00e0 doen\u00e7a, bem como os sintomas e sinais de alerta.<\/p>\n\n\n\n<p>Em 2023, no Tocantins, as a\u00e7\u00f5es de vigil\u00e2ncia em sa\u00fade realizaram a captura do barbeiro em 120 munic\u00edpios. Nessas cidades, foram capturados 90 triatom\u00edneos contaminados com o protozo\u00e1rio transmissor da doen\u00e7a. Quanto \u00e0s confirma\u00e7\u00f5es de casos, de 2007 a 2023, foram 58.<\/p>\n\n\n\n<p>Segundo a assessora t\u00e9cnica da Doen\u00e7a de Chagas da SES-TO, An\u00e1lia Fagundes Gomes, \u201ca doen\u00e7a de Chagas apresenta duas fases, uma fase inicial que tem uma dura\u00e7\u00e3o m\u00e9dia de 60 dias e que \u00e9 chamada doen\u00e7a de Chagas Aguda e, se n\u00e3o for diagnosticada e tratada, ir\u00e1 se transformar em doen\u00e7a de Chagas Cr\u00f4nica, com dura\u00e7\u00e3o de toda a vida do portador\u201d.<\/p>\n\n\n\n<p>A doen\u00e7a \u00e9 causada pelo protozo\u00e1rio&nbsp;<em>Trypanosoma cruzi,<\/em>&nbsp;que \u00e9 transmitido, primariamente, ao homem atrav\u00e9s das fezes contaminadas do inseto conhecido como barbeiro. \u201cEsta contamina\u00e7\u00e3o se d\u00e1 quando o barbeiro, ao se alimentar, suga o sangue dos mam\u00edferos, \u00fanicos reservat\u00f3rios do protozo\u00e1rio na natureza. Assim sendo, a doen\u00e7a \u00e9 causada pelo contato do homem com as fezes infectadas do barbeiro no local da picada, onde ele defeca ap\u00f3s sugar o sangue, ou pela ingest\u00e3o de alimentos contaminados\u201d, explicou a t\u00e9cnica.<\/p>\n\n\n\n<p>A profissional complementa que \u201cos portadores da doen\u00e7a de Chagas passam a ser reservat\u00f3rios do&nbsp;<em>Trypanosoma cruzi.&nbsp;<\/em>Portanto, eles ir\u00e3o transmitir a doen\u00e7a por vias secund\u00e1rias: ao doar sangue ou \u00f3rg\u00e3os, a m\u00e3e com a&nbsp; doen\u00e7a de chagas&nbsp;durante a gesta\u00e7\u00e3o pode transmitir ao beb\u00ea, no parto e na amamenta\u00e7\u00e3o\u201d.<\/p>\n\n\n\n<p><strong>Como \u00e9 o tratamento?<\/strong><\/p>\n\n\n\n<p>Ap\u00f3s a confirma\u00e7\u00e3o da doen\u00e7a, o tratamento deve ser indicado e acompanhado por um m\u00e9dico. Os medicamentos s\u00e3o disponibilizados gratuitamente pelo Sistema \u00danico de Sa\u00fade (SUS).<\/p>\n\n\n\n<figure class=\"wp-block-image size-full\"><img loading=\"lazy\" decoding=\"async\" width=\"919\" height=\"507\" src=\"https:\/\/focotocantinense.com.br\/wp-content\/uploads\/2024\/04\/aaa-1.jpg\" alt=\"\" class=\"wp-image-7321\" srcset=\"https:\/\/focotocantinense.com.br\/wp-content\/uploads\/2024\/04\/aaa-1.jpg 919w, https:\/\/focotocantinense.com.br\/wp-content\/uploads\/2024\/04\/aaa-1-300x166.jpg 300w, https:\/\/focotocantinense.com.br\/wp-content\/uploads\/2024\/04\/aaa-1-768x424.jpg 768w\" sizes=\"auto, (max-width: 919px) 100vw, 919px\" \/><\/figure>\n\n\n\n<p><\/p>\n\n\n\n<p><strong>Dicas de preven\u00e7\u00e3o<\/strong><\/p>\n\n\n\n<p>\u2013 melhorar a habita\u00e7\u00e3o, por meio de reboco e tamponamento de rachaduras e frestas;<\/p>\n\n\n\n<p>\u2013 usar telas em portas e janelas;<\/p>\n\n\n\n<p>\u2013 impedir a perman\u00eancia de animais como c\u00e3o, gato, macaco e outros no interior da casa;<\/p>\n\n\n\n<p>\u2013 evitar montes de lenhas, telhas ou outros entulhos no interior e arredores da casa;<\/p>\n\n\n\n<p>\u2013 construir galinheiro, paiol, tulha, chiqueiro e dep\u00f3sitos, afastados das casas e mant\u00ea-los limpos;<\/p>\n\n\n\n<p>\u2013 retirar ninhos de p\u00e1ssaros dos beirais das casas;<\/p>\n\n\n\n<p>\u2013 fazer limpeza peri\u00f3dica nas casas e em seus arredores;<\/p>\n\n\n\n<p>\u2013 difundir para amigos, parentes, vizinhos, os conhecimentos b\u00e1sicos sobre a doen\u00e7a, transmissor e sobre as medidas preventivas;<\/p>\n\n\n\n<p>\u2013 encaminhar os insetos suspeitos de serem<em>\u00a0barbeiros\u00a0<\/em>para o servi\u00e7o de sa\u00fade mais pr\u00f3ximo.<\/p>\n\n\n\n<figure class=\"wp-block-image size-full\"><img loading=\"lazy\" decoding=\"async\" width=\"843\" height=\"251\" src=\"https:\/\/focotocantinense.com.br\/wp-content\/uploads\/2024\/04\/VINI_181-6.jpg\" alt=\"\" class=\"wp-image-7294\" srcset=\"https:\/\/focotocantinense.com.br\/wp-content\/uploads\/2024\/04\/VINI_181-6.jpg 843w, https:\/\/focotocantinense.com.br\/wp-content\/uploads\/2024\/04\/VINI_181-6-300x89.jpg 300w, https:\/\/focotocantinense.com.br\/wp-content\/uploads\/2024\/04\/VINI_181-6-768x229.jpg 768w\" sizes=\"auto, (max-width: 843px) 100vw, 843px\" \/><\/figure>\n","protected":false},"excerpt":{"rendered":"<p>O Dia Mundial da Doen\u00e7a de Chagas, 14 de abril, \u00e9 para a conscientiza\u00e7\u00e3o&nbsp;dessa doen\u00e7a tropical causada pelo protozo\u00e1rio&nbsp;Trypanosoma cruzi,&nbsp;que \u00e9 transmitido aos humanos por meio de um inseto mais conhecido como barbeiro. A Secretaria de Estado da Sa\u00fade (SES-TO) aproveita a data, para refor\u00e7ar a conscientiza\u00e7\u00e3o da popula\u00e7\u00e3o e para a necessidade da preven\u00e7\u00e3o &hellip;<\/p>\n","protected":false},"author":5,"featured_media":7321,"comment_status":"open","ping_status":"open","sticky":false,"template":"","format":"standard","meta":{"footnotes":""},"categories":[39],"tags":[],"class_list":["post-7320","post","type-post","status-publish","format-standard","has-post-thumbnail","","category-estado"],"_links":{"self":[{"href":"https:\/\/focotocantinense.com.br\/index.php?rest_route=\/wp\/v2\/posts\/7320","targetHints":{"allow":["GET"]}}],"collection":[{"href":"https:\/\/focotocantinense.com.br\/index.php?rest_route=\/wp\/v2\/posts"}],"about":[{"href":"https:\/\/focotocantinense.com.br\/index.php?rest_route=\/wp\/v2\/types\/post"}],"author":[{"embeddable":true,"href":"https:\/\/focotocantinense.com.br\/index.php?rest_route=\/wp\/v2\/users\/5"}],"replies":[{"embeddable":true,"href":"https:\/\/focotocantinense.com.br\/index.php?rest_route=%2Fwp%2Fv2%2Fcomments&post=7320"}],"version-history":[{"count":1,"href":"https:\/\/focotocantinense.com.br\/index.php?rest_route=\/wp\/v2\/posts\/7320\/revisions"}],"predecessor-version":[{"id":7322,"href":"https:\/\/focotocantinense.com.br\/index.php?rest_route=\/wp\/v2\/posts\/7320\/revisions\/7322"}],"wp:featuredmedia":[{"embeddable":true,"href":"https:\/\/focotocantinense.com.br\/index.php?rest_route=\/wp\/v2\/media\/7321"}],"wp:attachment":[{"href":"https:\/\/focotocantinense.com.br\/index.php?rest_route=%2Fwp%2Fv2%2Fmedia&parent=7320"}],"wp:term":[{"taxonomy":"category","embeddable":true,"href":"https:\/\/focotocantinense.com.br\/index.php?rest_route=%2Fwp%2Fv2%2Fcategories&post=7320"},{"taxonomy":"post_tag","embeddable":true,"href":"https:\/\/focotocantinense.com.br\/index.php?rest_route=%2Fwp%2Fv2%2Ftags&post=7320"}],"curies":[{"name":"wp","href":"https:\/\/api.w.org\/{rel}","templated":true}]}}