{"id":7312,"date":"2024-04-12T15:53:58","date_gmt":"2024-04-12T18:53:58","guid":{"rendered":"https:\/\/focotocantinense.com.br\/?p=7312"},"modified":"2024-04-12T16:12:25","modified_gmt":"2024-04-12T19:12:25","slug":"a-convite-do-partido-republicano-paladin-aceita-ser-pre-candidato-a-vereador-em-guarai","status":"publish","type":"post","link":"https:\/\/focotocantinense.com.br\/?p=7312","title":{"rendered":"A convite do Partido Republicano, Paladin aceita ser pr\u00e9-candidato a vereador em Guara\u00ed"},"content":{"rendered":"\n<p>Jos\u00e9 M\u00e1rio Paladin Sampaio, aceitou o convite do partido Republicano para se candidatar a vereador em 2024.\u00a0 Filho de Maria Paladin e Francisco Vaz Sampaio, o pr\u00e9-candidato Paladin \u00e9 casado com Valmira Afonso e pai de Kathleen Paladim.\u00a0 Morador de Guara\u00ed a quase 30 anos, trabalhou em v\u00e1rias empresas como gerente, hoje Paladim tem a sua pr\u00f3pria loja (PALADIM M\u00f3veis e Decora\u00e7\u00f5es).<\/p>\n\n\n\n<p>Paladin foi suplente de vereador e vem crescendo a cada elei\u00e7\u00e3o, com respeito ao povo guaraiense e&nbsp; reconhecido como&nbsp; um cidad\u00e3o trabalhador e honesto, formado em comunica\u00e7\u00e3o social com habilita\u00e7\u00e3o em publicidade e propaganda, Paladin diz que essa \u00e9 a hora certa para assumir uma cadeira na c\u00e2mara municipal de Guara\u00ed e Paladin falou ao Jornal Foco Tocantinesne: \u201cCom a minha experi\u00eancia de vida, trabalho e pai de fam\u00edlia, hoje tenho a certeza que estou preparado para representar o povo de Guara\u00ed na c\u00e2mara municipal, venho crescendo a cada campanha que participei, sei dos anseios e das necessidades do povo desse munic\u00edpio, Guara\u00ed precisa de vereadores comprometidos com o povo e com a coisa p\u00fablica, &nbsp;pensando assim, foi que decidir juntamente com a minha fam\u00edlia a oferecer o meu trabalho ao povo guaraiense que tanto precisa de um representante ativo e trabalhador\u201d. Finalizou o pr\u00e9-candidato a vereador Paladin.<\/p>\n\n\n\n<p>O partido Republicano PR \u00e9 o partido do Governador Wanderlei Barbosa.<\/p>\n\n\n\n<figure class=\"wp-block-image size-large\"><img loading=\"lazy\" decoding=\"async\" width=\"691\" height=\"1024\" src=\"https:\/\/focotocantinense.com.br\/wp-content\/uploads\/2024\/04\/paladin-foto-2-691x1024.jpg\" alt=\"\" class=\"wp-image-7313\" srcset=\"https:\/\/focotocantinense.com.br\/wp-content\/uploads\/2024\/04\/paladin-foto-2-691x1024.jpg 691w, https:\/\/focotocantinense.com.br\/wp-content\/uploads\/2024\/04\/paladin-foto-2-202x300.jpg 202w, https:\/\/focotocantinense.com.br\/wp-content\/uploads\/2024\/04\/paladin-foto-2-768x1138.jpg 768w, https:\/\/focotocantinense.com.br\/wp-content\/uploads\/2024\/04\/paladin-foto-2.jpg 1023w\" sizes=\"auto, (max-width: 691px) 100vw, 691px\" \/><\/figure>\n","protected":false},"excerpt":{"rendered":"<p>Jos\u00e9 M\u00e1rio Paladin Sampaio, aceitou o convite do partido Republicano para se candidatar a vereador em 2024.\u00a0 Filho de Maria Paladin e Francisco Vaz Sampaio, o pr\u00e9-candidato Paladin \u00e9 casado com Valmira Afonso e pai de Kathleen Paladim.\u00a0 Morador de Guara\u00ed a quase 30 anos, trabalhou em v\u00e1rias empresas como gerente, hoje Paladim tem a &hellip;<\/p>\n","protected":false},"author":5,"featured_media":7314,"comment_status":"open","ping_status":"open","sticky":false,"template":"","format":"standard","meta":{"footnotes":""},"categories":[1],"tags":[],"class_list":["post-7312","post","type-post","status-publish","format-standard","has-post-thumbnail","","category-sem-categoria"],"_links":{"self":[{"href":"https:\/\/focotocantinense.com.br\/index.php?rest_route=\/wp\/v2\/posts\/7312","targetHints":{"allow":["GET"]}}],"collection":[{"href":"https:\/\/focotocantinense.com.br\/index.php?rest_route=\/wp\/v2\/posts"}],"about":[{"href":"https:\/\/focotocantinense.com.br\/index.php?rest_route=\/wp\/v2\/types\/post"}],"author":[{"embeddable":true,"href":"https:\/\/focotocantinense.com.br\/index.php?rest_route=\/wp\/v2\/users\/5"}],"replies":[{"embeddable":true,"href":"https:\/\/focotocantinense.com.br\/index.php?rest_route=%2Fwp%2Fv2%2Fcomments&post=7312"}],"version-history":[{"count":5,"href":"https:\/\/focotocantinense.com.br\/index.php?rest_route=\/wp\/v2\/posts\/7312\/revisions"}],"predecessor-version":[{"id":7319,"href":"https:\/\/focotocantinense.com.br\/index.php?rest_route=\/wp\/v2\/posts\/7312\/revisions\/7319"}],"wp:featuredmedia":[{"embeddable":true,"href":"https:\/\/focotocantinense.com.br\/index.php?rest_route=\/wp\/v2\/media\/7314"}],"wp:attachment":[{"href":"https:\/\/focotocantinense.com.br\/index.php?rest_route=%2Fwp%2Fv2%2Fmedia&parent=7312"}],"wp:term":[{"taxonomy":"category","embeddable":true,"href":"https:\/\/focotocantinense.com.br\/index.php?rest_route=%2Fwp%2Fv2%2Fcategories&post=7312"},{"taxonomy":"post_tag","embeddable":true,"href":"https:\/\/focotocantinense.com.br\/index.php?rest_route=%2Fwp%2Fv2%2Ftags&post=7312"}],"curies":[{"name":"wp","href":"https:\/\/api.w.org\/{rel}","templated":true}]}}