{"id":7292,"date":"2024-04-11T18:48:20","date_gmt":"2024-04-11T21:48:20","guid":{"rendered":"https:\/\/focotocantinense.com.br\/?p=7292"},"modified":"2024-04-11T20:04:34","modified_gmt":"2024-04-11T23:04:34","slug":"municipio-de-tocantinia-celebra-termo-de-cooperacao-tecnica-com-lajeado","status":"publish","type":"post","link":"https:\/\/focotocantinense.com.br\/?p=7292","title":{"rendered":"Munic\u00edpio de Tocant\u00ednia celebra\u00a0 termo de coopera\u00e7\u00e3o t\u00e9cnica com Lajeado"},"content":{"rendered":"\n<p><strong>Por Zacarias Martins<\/strong><\/p>\n\n\n\n<p>A Prefeitura de Tocant\u00ednia, por meio da&nbsp; &nbsp;Secretaria Municipal de Assist\u00eancia Social, &nbsp;consolidou, nesta quinta-feira, 10, uma&nbsp; coopera\u00e7\u00e3o t\u00e9cnica com o vizinho munic\u00edpio de Lajeado.<\/p>\n\n\n\n<p>Representando o munic\u00edpio de Tocant\u00ednia, a secret\u00e1ria de Assist\u00eancia Social S\u00e2mua Rosa  assinou o termo de coopera\u00e7\u00e3o t\u00e9cnica visando o compartilhamento dos profissionais\u00a0 do Servi\u00e7o de Acolhimento em Fam\u00edlia Acolhedora para crian\u00e7as e adolescentes.<\/p>\n\n\n\n<p>De acordo com a secret\u00e1ria S\u00e2mua,&nbsp; o estabelecimento da parceria representa avan\u00e7os na implementa\u00e7\u00e3o da Prote\u00e7\u00e3o Social Especial de Alta Complexidade no munic\u00edpio de Tocant\u00ednia; uma vez que ir\u00e1 promover o atendimento e acompanhamento das crian\u00e7as e adolescentes em situa\u00e7\u00e3o de risco e viola\u00e7\u00e3o de direitos.<\/p>\n\n\n\n<p><strong>Sobre o Servi\u00e7o<\/strong><\/p>\n\n\n\n<p>O Servi\u00e7o de Acolhimento em Fam\u00edlia Acolhedora (SFA) \u00e9 uma modalidade de acolhimento que visa oferecer prote\u00e7\u00e3o integral \u00e0s crian\u00e7as e adolescentes que precisam ser afastados temporariamente de suas fam\u00edlias de origem ou &nbsp;por determina\u00e7\u00e3o&nbsp; judicial.<\/p>\n\n\n\n<p><strong>Presen\u00e7as<\/strong><\/p>\n\n\n\n<p>Al\u00e9m da secret\u00e2nia S\u00e2mua Rosa, participaram da solenidade de assinatura do termo de coopera\u00e7\u00e3o, o secret\u00e1rio de Assist\u00eancia Social de Lajeado,  Levi Lopes Gomes, a Promotora Titular da 2\u00aa Promotoria de  Justi\u00e7a de Miracema do Tocantins, Dra Sterlane de Castro Ferreira e a Analista Ministerial Christina Paranagu\u00e1.<\/p>\n\n\n\n<figure class=\"wp-block-image size-large is-resized\"><img loading=\"lazy\" decoding=\"async\" width=\"1024\" height=\"554\" src=\"https:\/\/focotocantinense.com.br\/wp-content\/uploads\/2024\/04\/3-SAMUA-1024x554.jpg\" alt=\"\" class=\"wp-image-7295\" style=\"width:401px;height:auto\" srcset=\"https:\/\/focotocantinense.com.br\/wp-content\/uploads\/2024\/04\/3-SAMUA-1024x554.jpg 1024w, https:\/\/focotocantinense.com.br\/wp-content\/uploads\/2024\/04\/3-SAMUA-300x162.jpg 300w, https:\/\/focotocantinense.com.br\/wp-content\/uploads\/2024\/04\/3-SAMUA-768x415.jpg 768w, https:\/\/focotocantinense.com.br\/wp-content\/uploads\/2024\/04\/3-SAMUA.jpg 1280w\" sizes=\"auto, (max-width: 1024px) 100vw, 1024px\" \/><\/figure>\n\n\n\n<p><\/p>\n\n\n\n<figure class=\"wp-block-image size-full\"><img loading=\"lazy\" decoding=\"async\" width=\"843\" height=\"251\" src=\"https:\/\/focotocantinense.com.br\/wp-content\/uploads\/2024\/04\/VINI_181-6.jpg\" alt=\"\" class=\"wp-image-7294\" srcset=\"https:\/\/focotocantinense.com.br\/wp-content\/uploads\/2024\/04\/VINI_181-6.jpg 843w, https:\/\/focotocantinense.com.br\/wp-content\/uploads\/2024\/04\/VINI_181-6-300x89.jpg 300w, https:\/\/focotocantinense.com.br\/wp-content\/uploads\/2024\/04\/VINI_181-6-768x229.jpg 768w\" sizes=\"auto, (max-width: 843px) 100vw, 843px\" \/><\/figure>\n","protected":false},"excerpt":{"rendered":"<p>Por Zacarias Martins A Prefeitura de Tocant\u00ednia, por meio da&nbsp; &nbsp;Secretaria Municipal de Assist\u00eancia Social, &nbsp;consolidou, nesta quinta-feira, 10, uma&nbsp; coopera\u00e7\u00e3o t\u00e9cnica com o vizinho munic\u00edpio de Lajeado. Representando o munic\u00edpio de Tocant\u00ednia, a secret\u00e1ria de Assist\u00eancia Social S\u00e2mua Rosa assinou o termo de coopera\u00e7\u00e3o t\u00e9cnica visando o compartilhamento dos profissionais\u00a0 do Servi\u00e7o de Acolhimento &hellip;<\/p>\n","protected":false},"author":5,"featured_media":7293,"comment_status":"open","ping_status":"open","sticky":false,"template":"","format":"standard","meta":{"footnotes":""},"categories":[78],"tags":[],"class_list":["post-7292","post","type-post","status-publish","format-standard","has-post-thumbnail","","category-tocantinia"],"_links":{"self":[{"href":"https:\/\/focotocantinense.com.br\/index.php?rest_route=\/wp\/v2\/posts\/7292","targetHints":{"allow":["GET"]}}],"collection":[{"href":"https:\/\/focotocantinense.com.br\/index.php?rest_route=\/wp\/v2\/posts"}],"about":[{"href":"https:\/\/focotocantinense.com.br\/index.php?rest_route=\/wp\/v2\/types\/post"}],"author":[{"embeddable":true,"href":"https:\/\/focotocantinense.com.br\/index.php?rest_route=\/wp\/v2\/users\/5"}],"replies":[{"embeddable":true,"href":"https:\/\/focotocantinense.com.br\/index.php?rest_route=%2Fwp%2Fv2%2Fcomments&post=7292"}],"version-history":[{"count":7,"href":"https:\/\/focotocantinense.com.br\/index.php?rest_route=\/wp\/v2\/posts\/7292\/revisions"}],"predecessor-version":[{"id":7308,"href":"https:\/\/focotocantinense.com.br\/index.php?rest_route=\/wp\/v2\/posts\/7292\/revisions\/7308"}],"wp:featuredmedia":[{"embeddable":true,"href":"https:\/\/focotocantinense.com.br\/index.php?rest_route=\/wp\/v2\/media\/7293"}],"wp:attachment":[{"href":"https:\/\/focotocantinense.com.br\/index.php?rest_route=%2Fwp%2Fv2%2Fmedia&parent=7292"}],"wp:term":[{"taxonomy":"category","embeddable":true,"href":"https:\/\/focotocantinense.com.br\/index.php?rest_route=%2Fwp%2Fv2%2Fcategories&post=7292"},{"taxonomy":"post_tag","embeddable":true,"href":"https:\/\/focotocantinense.com.br\/index.php?rest_route=%2Fwp%2Fv2%2Ftags&post=7292"}],"curies":[{"name":"wp","href":"https:\/\/api.w.org\/{rel}","templated":true}]}}