{"id":7282,"date":"2024-04-11T16:15:48","date_gmt":"2024-04-11T19:15:48","guid":{"rendered":"https:\/\/focotocantinense.com.br\/?p=7282"},"modified":"2024-04-11T16:18:20","modified_gmt":"2024-04-11T19:18:20","slug":"poeta-zacarias-martins-lanca-livro-de-poesias-na-escola-estadual-engenheiro-valdir-lins","status":"publish","type":"post","link":"https:\/\/focotocantinense.com.br\/?p=7282","title":{"rendered":"Poeta Zacarias Martins lan\u00e7a livro de poesias\u00a0 na Escola Estadual\u00a0 Engenheiro \u00a0Valdir Lins"},"content":{"rendered":"\n<p>O poeta e jornalista gurupiense Zacarias Martins, contemplado com recursos pelo Edital Estadual da lei Paulo Gustavo, lan\u00e7ou a terceira edi\u00e7\u00e3o de seu livro de poesias, \u201cPinga-Fogo\u201d, na manh\u00e3 desta quinta-feira, 11, na Escola Estadual Engenheiro Valdir Lins, de Gurupi.<\/p>\n\n\n\n<p>O lan\u00e7amento do livro, seguido de uma roda de conversa com os alunos, fez parte da programa\u00e7\u00e3o do Dia \u201cD\u201d da Leitura, colocado em pr\u00e1tica pela dire\u00e7\u00e3o da escola, visando incentivar o h\u00e1bito da leitura no seio estudantil.<\/p>\n\n\n\n<p>Zacarias Martins \u00e9 autor de sete livros individuais e possui trabalhos publicados em mais de 50 antologias liter\u00e1rias pelo pa\u00eds a fora. Tamb\u00e9m \u00e9 titular da Academia Tocantiensew de Letras (ATL)<\/p>\n\n\n\n<p>O lan\u00e7amento do livro, seguido recital de poesias e uma Roda de Conversa Liter\u00e1ria integrou a movimentada programa\u00e7\u00e3o do Dia \u201cD\u201d da Leitura nessa escola, em Gurupi.<\/p>\n\n\n\n<p>A gestora da unidade escolar, professora Euvanice Rodrigues de Paula disse ter sido muito gratificante a participa\u00e7\u00e3o de Zacarias Martins nessa programa\u00e7\u00e3o da escola, destacando a forma l\u00fadica e bem-humorada com que o poeta transmite sua mensagem e desperta a aten\u00e7\u00e3o dos alunos.<\/p>\n\n\n\n<p>Ao final de sua apresenta\u00e7\u00e3o, Zacarias Martins promoveu o sorteio de v\u00e1rios livros entre os alunos, bem como, doou exemplares do seu trabalho para refor\u00e7ar o acervo da biblioteca da escola.<\/p>\n\n\n\n<figure class=\"wp-block-image size-large is-resized\"><img loading=\"lazy\" decoding=\"async\" width=\"768\" height=\"1024\" src=\"https:\/\/focotocantinense.com.br\/wp-content\/uploads\/2024\/04\/3-Zacarias-Martins-lanca-livro-em-Gurupi-\u2013-Foto-Harranna-Ferraz-Divulgacao-768x1024.jpg\" alt=\"\" class=\"wp-image-7285\" style=\"width:400px;height:auto\" srcset=\"https:\/\/focotocantinense.com.br\/wp-content\/uploads\/2024\/04\/3-Zacarias-Martins-lanca-livro-em-Gurupi-\u2013-Foto-Harranna-Ferraz-Divulgacao-768x1024.jpg 768w, https:\/\/focotocantinense.com.br\/wp-content\/uploads\/2024\/04\/3-Zacarias-Martins-lanca-livro-em-Gurupi-\u2013-Foto-Harranna-Ferraz-Divulgacao-225x300.jpg 225w, https:\/\/focotocantinense.com.br\/wp-content\/uploads\/2024\/04\/3-Zacarias-Martins-lanca-livro-em-Gurupi-\u2013-Foto-Harranna-Ferraz-Divulgacao-1152x1536.jpg 1152w, https:\/\/focotocantinense.com.br\/wp-content\/uploads\/2024\/04\/3-Zacarias-Martins-lanca-livro-em-Gurupi-\u2013-Foto-Harranna-Ferraz-Divulgacao.jpg 1200w\" sizes=\"auto, (max-width: 768px) 100vw, 768px\" \/><\/figure>\n\n\n\n<p><\/p>\n\n\n\n<figure class=\"wp-block-image size-large\"><img loading=\"lazy\" decoding=\"async\" width=\"1024\" height=\"768\" src=\"https:\/\/focotocantinense.com.br\/wp-content\/uploads\/2024\/04\/2-Zacarias-Martins-lanca-livro-em-Gurupi-\u2013-Foto-Harranna-Ferraz-Divulgacao-1024x768.jpg\" alt=\"\" class=\"wp-image-7286\" srcset=\"https:\/\/focotocantinense.com.br\/wp-content\/uploads\/2024\/04\/2-Zacarias-Martins-lanca-livro-em-Gurupi-\u2013-Foto-Harranna-Ferraz-Divulgacao-1024x768.jpg 1024w, https:\/\/focotocantinense.com.br\/wp-content\/uploads\/2024\/04\/2-Zacarias-Martins-lanca-livro-em-Gurupi-\u2013-Foto-Harranna-Ferraz-Divulgacao-300x225.jpg 300w, https:\/\/focotocantinense.com.br\/wp-content\/uploads\/2024\/04\/2-Zacarias-Martins-lanca-livro-em-Gurupi-\u2013-Foto-Harranna-Ferraz-Divulgacao-768x576.jpg 768w, https:\/\/focotocantinense.com.br\/wp-content\/uploads\/2024\/04\/2-Zacarias-Martins-lanca-livro-em-Gurupi-\u2013-Foto-Harranna-Ferraz-Divulgacao-1536x1152.jpg 1536w, https:\/\/focotocantinense.com.br\/wp-content\/uploads\/2024\/04\/2-Zacarias-Martins-lanca-livro-em-Gurupi-\u2013-Foto-Harranna-Ferraz-Divulgacao.jpg 1600w\" sizes=\"auto, (max-width: 1024px) 100vw, 1024px\" \/><\/figure>\n\n\n\n<p><\/p>\n\n\n\n<figure class=\"wp-block-image size-large\"><img loading=\"lazy\" decoding=\"async\" width=\"1024\" height=\"768\" src=\"https:\/\/focotocantinense.com.br\/wp-content\/uploads\/2024\/04\/4-Zacarias-Martins-lanca-livro-em-Gurupi-\u2013-Foto-Harranna-Ferraz-Divulgacao-1024x768.jpg\" alt=\"\" class=\"wp-image-7284\" srcset=\"https:\/\/focotocantinense.com.br\/wp-content\/uploads\/2024\/04\/4-Zacarias-Martins-lanca-livro-em-Gurupi-\u2013-Foto-Harranna-Ferraz-Divulgacao-1024x768.jpg 1024w, https:\/\/focotocantinense.com.br\/wp-content\/uploads\/2024\/04\/4-Zacarias-Martins-lanca-livro-em-Gurupi-\u2013-Foto-Harranna-Ferraz-Divulgacao-300x225.jpg 300w, https:\/\/focotocantinense.com.br\/wp-content\/uploads\/2024\/04\/4-Zacarias-Martins-lanca-livro-em-Gurupi-\u2013-Foto-Harranna-Ferraz-Divulgacao-768x576.jpg 768w, https:\/\/focotocantinense.com.br\/wp-content\/uploads\/2024\/04\/4-Zacarias-Martins-lanca-livro-em-Gurupi-\u2013-Foto-Harranna-Ferraz-Divulgacao-1536x1152.jpg 1536w, https:\/\/focotocantinense.com.br\/wp-content\/uploads\/2024\/04\/4-Zacarias-Martins-lanca-livro-em-Gurupi-\u2013-Foto-Harranna-Ferraz-Divulgacao.jpg 1600w\" sizes=\"auto, (max-width: 1024px) 100vw, 1024px\" \/><\/figure>\n\n\n\n<p><\/p>\n\n\n\n<figure class=\"wp-block-image size-full\"><img loading=\"lazy\" decoding=\"async\" width=\"843\" height=\"251\" src=\"https:\/\/focotocantinense.com.br\/wp-content\/uploads\/2024\/04\/VINI_181-5.jpg\" alt=\"\" class=\"wp-image-7283\" srcset=\"https:\/\/focotocantinense.com.br\/wp-content\/uploads\/2024\/04\/VINI_181-5.jpg 843w, https:\/\/focotocantinense.com.br\/wp-content\/uploads\/2024\/04\/VINI_181-5-300x89.jpg 300w, https:\/\/focotocantinense.com.br\/wp-content\/uploads\/2024\/04\/VINI_181-5-768x229.jpg 768w\" sizes=\"auto, (max-width: 843px) 100vw, 843px\" \/><\/figure>\n","protected":false},"excerpt":{"rendered":"<p>O poeta e jornalista gurupiense Zacarias Martins, contemplado com recursos pelo Edital Estadual da lei Paulo Gustavo, lan\u00e7ou a terceira edi\u00e7\u00e3o de seu livro de poesias, \u201cPinga-Fogo\u201d, na manh\u00e3 desta quinta-feira, 11, na Escola Estadual Engenheiro Valdir Lins, de Gurupi. O lan\u00e7amento do livro, seguido de uma roda de conversa com os alunos, fez parte &hellip;<\/p>\n","protected":false},"author":5,"featured_media":7290,"comment_status":"open","ping_status":"open","sticky":false,"template":"","format":"standard","meta":{"footnotes":""},"categories":[38,1],"tags":[],"class_list":["post-7282","post","type-post","status-publish","format-standard","has-post-thumbnail","","category-gurupi","category-sem-categoria"],"_links":{"self":[{"href":"https:\/\/focotocantinense.com.br\/index.php?rest_route=\/wp\/v2\/posts\/7282","targetHints":{"allow":["GET"]}}],"collection":[{"href":"https:\/\/focotocantinense.com.br\/index.php?rest_route=\/wp\/v2\/posts"}],"about":[{"href":"https:\/\/focotocantinense.com.br\/index.php?rest_route=\/wp\/v2\/types\/post"}],"author":[{"embeddable":true,"href":"https:\/\/focotocantinense.com.br\/index.php?rest_route=\/wp\/v2\/users\/5"}],"replies":[{"embeddable":true,"href":"https:\/\/focotocantinense.com.br\/index.php?rest_route=%2Fwp%2Fv2%2Fcomments&post=7282"}],"version-history":[{"count":2,"href":"https:\/\/focotocantinense.com.br\/index.php?rest_route=\/wp\/v2\/posts\/7282\/revisions"}],"predecessor-version":[{"id":7289,"href":"https:\/\/focotocantinense.com.br\/index.php?rest_route=\/wp\/v2\/posts\/7282\/revisions\/7289"}],"wp:featuredmedia":[{"embeddable":true,"href":"https:\/\/focotocantinense.com.br\/index.php?rest_route=\/wp\/v2\/media\/7290"}],"wp:attachment":[{"href":"https:\/\/focotocantinense.com.br\/index.php?rest_route=%2Fwp%2Fv2%2Fmedia&parent=7282"}],"wp:term":[{"taxonomy":"category","embeddable":true,"href":"https:\/\/focotocantinense.com.br\/index.php?rest_route=%2Fwp%2Fv2%2Fcategories&post=7282"},{"taxonomy":"post_tag","embeddable":true,"href":"https:\/\/focotocantinense.com.br\/index.php?rest_route=%2Fwp%2Fv2%2Ftags&post=7282"}],"curies":[{"name":"wp","href":"https:\/\/api.w.org\/{rel}","templated":true}]}}