{"id":7278,"date":"2024-04-10T19:18:59","date_gmt":"2024-04-10T22:18:59","guid":{"rendered":"https:\/\/focotocantinense.com.br\/?p=7278"},"modified":"2024-04-10T19:18:59","modified_gmt":"2024-04-10T22:18:59","slug":"sebrae-capacita-para-o-empreendedorismo-na-agrotins-2024","status":"publish","type":"post","link":"https:\/\/focotocantinense.com.br\/?p=7278","title":{"rendered":"Sebrae capacita para o empreendedorismo na Agrotins 2024"},"content":{"rendered":"\n<p><em><strong>Palestras, rodadas de neg\u00f3cios, workshops, atendimento e competi\u00e7\u00f5es s\u00e3o algumas das atra\u00e7\u00f5es do Sebrae na maior feira do agroneg\u00f3cio tocantinense<\/strong><\/em><\/p>\n\n\n\n<p>O espa\u00e7o Sebrae marca presen\u00e7a em mais uma edi\u00e7\u00e3o da Feira de Tecnologia Agropecu\u00e1ria (Agrotins 2024), entre os dias 14 e 18 de maio, no Parque Agrotecnol\u00f3gico Engenheiro Agr\u00f4nomo Mauro Medanha. Este ano a feira tem como tema central a Bioeconomia e o Sebrae estar\u00e1 presente com uma programa\u00e7\u00e3o diversificada para atender os donos dos pequenos neg\u00f3cios rurais e promover a\u00e7\u00f5es de incentivo ao empreendedorismo a todos os visitantes.<\/p>\n\n\n\n<p>\u201cA Agrotins \u00e9 uma das maiores feiras de neg\u00f3cios do pa\u00eds e a mais importante feira agropecu\u00e1ria do Tocantins, exponenciando seu crescimento a cada ano com mais tecnologia e novidades para o homem do campo. O Sebrae \u00e9 um parceiro importante, pois temos o compromisso de impulsionar os pequenos do agroneg\u00f3cio do Estado\u201d, afirma o superintendente R\u00e9rison Ant\u00f4nio Castro.<\/p>\n\n\n\n<p>De acordo com Rog\u00e9rio Ramos, diretor t\u00e9cnico do Sebrae, a inten\u00e7\u00e3o nesses quatro dias de evento \u00e9 fomentar o crescimento econ\u00f4mico dos produtores rurais, da ind\u00fastria, do com\u00e9rcio e dos servi\u00e7os no Tocantins. \u201cEstamos comprometidos em proporcionar os meios e as formas necess\u00e1rias para que os empreendedores e empres\u00e1rios encontrem na Agrotins um ambiente favor\u00e1vel para desenvolver seus neg\u00f3cios com sustentabilidade e consci\u00eancia\u201d, diz.<\/p>\n\n\n\n<p>O Espa\u00e7o Sebrae na Agrotins 2024 contar\u00e1 com uma estrutura ampla para proporcionar um ambiente din\u00e2mico e compartilhado com parceiros, onde os visitantes poder\u00e3o explorar oportunidades de neg\u00f3cios, trocar experi\u00eancias e obter insights para o crescimento de suas atividades no setor agropecu\u00e1rio. A programa\u00e7\u00e3o prev\u00ea palestras em audit\u00f3rio com capacidade para at\u00e9 150 lugares, miniaudit\u00f3rios, salas de reuni\u00e3o e hall de circula\u00e7\u00e3o com exposi\u00e7\u00e3o de produtos e servi\u00e7os.<\/p>\n\n\n\n<figure class=\"wp-block-image size-full\"><img loading=\"lazy\" decoding=\"async\" width=\"839\" height=\"482\" src=\"https:\/\/focotocantinense.com.br\/wp-content\/uploads\/2024\/04\/xxxxxxxxxxxxx.jpg\" alt=\"\" class=\"wp-image-7279\" srcset=\"https:\/\/focotocantinense.com.br\/wp-content\/uploads\/2024\/04\/xxxxxxxxxxxxx.jpg 839w, https:\/\/focotocantinense.com.br\/wp-content\/uploads\/2024\/04\/xxxxxxxxxxxxx-300x172.jpg 300w, https:\/\/focotocantinense.com.br\/wp-content\/uploads\/2024\/04\/xxxxxxxxxxxxx-768x441.jpg 768w\" sizes=\"auto, (max-width: 839px) 100vw, 839px\" \/><\/figure>\n\n\n\n<p><\/p>\n\n\n\n<figure class=\"wp-block-image size-full\"><img loading=\"lazy\" decoding=\"async\" width=\"843\" height=\"251\" src=\"https:\/\/focotocantinense.com.br\/wp-content\/uploads\/2024\/04\/VINI_181-4.jpg\" alt=\"\" class=\"wp-image-7280\" srcset=\"https:\/\/focotocantinense.com.br\/wp-content\/uploads\/2024\/04\/VINI_181-4.jpg 843w, https:\/\/focotocantinense.com.br\/wp-content\/uploads\/2024\/04\/VINI_181-4-300x89.jpg 300w, https:\/\/focotocantinense.com.br\/wp-content\/uploads\/2024\/04\/VINI_181-4-768x229.jpg 768w\" sizes=\"auto, (max-width: 843px) 100vw, 843px\" \/><\/figure>\n","protected":false},"excerpt":{"rendered":"<p>Palestras, rodadas de neg\u00f3cios, workshops, atendimento e competi\u00e7\u00f5es s\u00e3o algumas das atra\u00e7\u00f5es do Sebrae na maior feira do agroneg\u00f3cio tocantinense O espa\u00e7o Sebrae marca presen\u00e7a em mais uma edi\u00e7\u00e3o da Feira de Tecnologia Agropecu\u00e1ria (Agrotins 2024), entre os dias 14 e 18 de maio, no Parque Agrotecnol\u00f3gico Engenheiro Agr\u00f4nomo Mauro Medanha. Este ano a feira &hellip;<\/p>\n","protected":false},"author":5,"featured_media":7279,"comment_status":"open","ping_status":"open","sticky":false,"template":"","format":"standard","meta":{"footnotes":""},"categories":[39],"tags":[],"class_list":["post-7278","post","type-post","status-publish","format-standard","has-post-thumbnail","","category-estado"],"_links":{"self":[{"href":"https:\/\/focotocantinense.com.br\/index.php?rest_route=\/wp\/v2\/posts\/7278","targetHints":{"allow":["GET"]}}],"collection":[{"href":"https:\/\/focotocantinense.com.br\/index.php?rest_route=\/wp\/v2\/posts"}],"about":[{"href":"https:\/\/focotocantinense.com.br\/index.php?rest_route=\/wp\/v2\/types\/post"}],"author":[{"embeddable":true,"href":"https:\/\/focotocantinense.com.br\/index.php?rest_route=\/wp\/v2\/users\/5"}],"replies":[{"embeddable":true,"href":"https:\/\/focotocantinense.com.br\/index.php?rest_route=%2Fwp%2Fv2%2Fcomments&post=7278"}],"version-history":[{"count":1,"href":"https:\/\/focotocantinense.com.br\/index.php?rest_route=\/wp\/v2\/posts\/7278\/revisions"}],"predecessor-version":[{"id":7281,"href":"https:\/\/focotocantinense.com.br\/index.php?rest_route=\/wp\/v2\/posts\/7278\/revisions\/7281"}],"wp:featuredmedia":[{"embeddable":true,"href":"https:\/\/focotocantinense.com.br\/index.php?rest_route=\/wp\/v2\/media\/7279"}],"wp:attachment":[{"href":"https:\/\/focotocantinense.com.br\/index.php?rest_route=%2Fwp%2Fv2%2Fmedia&parent=7278"}],"wp:term":[{"taxonomy":"category","embeddable":true,"href":"https:\/\/focotocantinense.com.br\/index.php?rest_route=%2Fwp%2Fv2%2Fcategories&post=7278"},{"taxonomy":"post_tag","embeddable":true,"href":"https:\/\/focotocantinense.com.br\/index.php?rest_route=%2Fwp%2Fv2%2Ftags&post=7278"}],"curies":[{"name":"wp","href":"https:\/\/api.w.org\/{rel}","templated":true}]}}