{"id":7267,"date":"2024-04-10T17:41:27","date_gmt":"2024-04-10T20:41:27","guid":{"rendered":"https:\/\/focotocantinense.com.br\/?p=7267"},"modified":"2024-04-10T18:52:46","modified_gmt":"2024-04-10T21:52:46","slug":"prefeito-joao-alberto-e-surpreendida-com-festa-de-aniversario-promovida-pelos-servidores-municipais-e-comunidades-de-tocantinia","status":"publish","type":"post","link":"https:\/\/focotocantinense.com.br\/?p=7267","title":{"rendered":"Prefeito Jo\u00e3o Alberto \u00e9 surpreendido com festa de anivers\u00e1rio promovida pelos servidores municipais e comunidades de Tocant\u00ednia"},"content":{"rendered":"\n<p><\/p>\n\n\n\n<p>Em uma manh\u00e3 de muitas emo\u00e7\u00f5es, o prefeito de Tocant\u00ednia,  Jo\u00e3o Alberto, recebeu as homenagens pela passagem do seu anivers\u00e1rio, dos servidores municipais e da comunidade em geral, que prepararam uma festa surpresa para o aniversariante nesta quarta-feira, 10.<\/p>\n\n\n\n<p>Era o in\u00edcio de mais um dia de muitos compromissos, por\u00e9m ao entrar no gabinete do prefeito, teve a quebra do protocolo. Jo\u00e3o Alberto foi convidado para se dirigir at\u00e9 o rall da prefeitura. Ao entrar no hall, os servidores, autoridades locais e pessoas da comunidade que o aguardavam, bateram palmas e cantaram parab\u00e9ns.<\/p>\n\n\n\n<p>Durante a celebra\u00e7\u00e3o do anivers\u00e1rio, a primeira-dama S\u00e2mua Rosa, o secret\u00e1rio de Educa\u00e7\u00e3o Andr\u00e9 Goveia, presidente da C\u00e2mara S\u00e9rgio Caldeira, alunos da Rede Municipal de Educa\u00e7\u00e3o e l\u00edderes religiosos, prestaram as homenagens ao prefeito Jo\u00e3o Alberto. Onde foi exposto seu trabalho, o carinho que tem com a popula\u00e7\u00e3o tocantiniense, a determina\u00e7\u00e3o em fazer sempre o melhor para o munic\u00edpio e a garra de enfrentar situa\u00e7\u00f5es adversas.<\/p>\n\n\n\n<p>Pelas redes sociais, Jo\u00e3o Alberto tamb\u00e9m recebeu pelo seu anivers\u00e1rio, centenas de felicita\u00e7\u00f5es dos quatro cantos do munic\u00edpio e de outras localidades.<\/p>\n\n\n\n<p>No breve discurso, o prefeito Jo\u00e3o Alberto, expressou gratid\u00e3o por tudo, pois n\u00e3o esperava a tamanha homenagem e lembrou do in\u00edcio de sua carreira pol\u00edtica, dos desafios e vit\u00f3rias. Exerceu cargo de vereador por quatro mandatos e agora est\u00e1 no cargo do executivo, como prefeito em exerc\u00edcio. Emocionado Jo\u00e3o Alberto tamb\u00e9m se lembra da sua m\u00e3e, que n\u00e3o estar mais presente para acompanhar a sua carreira pol\u00edtica.<\/p>\n\n\n\n<figure class=\"wp-block-image size-large\"><img loading=\"lazy\" decoding=\"async\" width=\"1024\" height=\"749\" src=\"https:\/\/focotocantinense.com.br\/wp-content\/uploads\/2024\/04\/4-REFEITO-DE-TOCANTINIA-1024x749.jpg\" alt=\"\" class=\"wp-image-7271\" srcset=\"https:\/\/focotocantinense.com.br\/wp-content\/uploads\/2024\/04\/4-REFEITO-DE-TOCANTINIA-1024x749.jpg 1024w, https:\/\/focotocantinense.com.br\/wp-content\/uploads\/2024\/04\/4-REFEITO-DE-TOCANTINIA-300x219.jpg 300w, https:\/\/focotocantinense.com.br\/wp-content\/uploads\/2024\/04\/4-REFEITO-DE-TOCANTINIA-768x562.jpg 768w, https:\/\/focotocantinense.com.br\/wp-content\/uploads\/2024\/04\/4-REFEITO-DE-TOCANTINIA-1536x1123.jpg 1536w, https:\/\/focotocantinense.com.br\/wp-content\/uploads\/2024\/04\/4-REFEITO-DE-TOCANTINIA.jpg 1600w\" sizes=\"auto, (max-width: 1024px) 100vw, 1024px\" \/><\/figure>\n\n\n\n<p><\/p>\n\n\n\n<figure class=\"wp-block-image size-large\"><img loading=\"lazy\" decoding=\"async\" width=\"1024\" height=\"689\" src=\"https:\/\/focotocantinense.com.br\/wp-content\/uploads\/2024\/04\/AAAAAA-1-1024x689.jpg\" alt=\"\" class=\"wp-image-7270\" srcset=\"https:\/\/focotocantinense.com.br\/wp-content\/uploads\/2024\/04\/AAAAAA-1-1024x689.jpg 1024w, https:\/\/focotocantinense.com.br\/wp-content\/uploads\/2024\/04\/AAAAAA-1-300x202.jpg 300w, https:\/\/focotocantinense.com.br\/wp-content\/uploads\/2024\/04\/AAAAAA-1-768x517.jpg 768w, https:\/\/focotocantinense.com.br\/wp-content\/uploads\/2024\/04\/AAAAAA-1-1536x1034.jpg 1536w, https:\/\/focotocantinense.com.br\/wp-content\/uploads\/2024\/04\/AAAAAA-1-110x75.jpg 110w, https:\/\/focotocantinense.com.br\/wp-content\/uploads\/2024\/04\/AAAAAA-1.jpg 1600w\" sizes=\"auto, (max-width: 1024px) 100vw, 1024px\" \/><\/figure>\n\n\n\n<p><\/p>\n\n\n\n<figure class=\"wp-block-image size-full\"><img loading=\"lazy\" decoding=\"async\" width=\"843\" height=\"251\" src=\"https:\/\/focotocantinense.com.br\/wp-content\/uploads\/2024\/04\/VINI_181-3.jpg\" alt=\"\" class=\"wp-image-7258\" srcset=\"https:\/\/focotocantinense.com.br\/wp-content\/uploads\/2024\/04\/VINI_181-3.jpg 843w, https:\/\/focotocantinense.com.br\/wp-content\/uploads\/2024\/04\/VINI_181-3-300x89.jpg 300w, https:\/\/focotocantinense.com.br\/wp-content\/uploads\/2024\/04\/VINI_181-3-768x229.jpg 768w\" sizes=\"auto, (max-width: 843px) 100vw, 843px\" \/><\/figure>\n\n\n\n<p><\/p>\n\n\n\n<figure class=\"wp-block-image size-large\"><img loading=\"lazy\" decoding=\"async\" width=\"1024\" height=\"676\" src=\"https:\/\/focotocantinense.com.br\/wp-content\/uploads\/2024\/04\/3-REFEITO-DE-TOCANTINIA-1024x676.jpg\" alt=\"\" class=\"wp-image-7269\" srcset=\"https:\/\/focotocantinense.com.br\/wp-content\/uploads\/2024\/04\/3-REFEITO-DE-TOCANTINIA-1024x676.jpg 1024w, https:\/\/focotocantinense.com.br\/wp-content\/uploads\/2024\/04\/3-REFEITO-DE-TOCANTINIA-300x198.jpg 300w, https:\/\/focotocantinense.com.br\/wp-content\/uploads\/2024\/04\/3-REFEITO-DE-TOCANTINIA-768x507.jpg 768w, https:\/\/focotocantinense.com.br\/wp-content\/uploads\/2024\/04\/3-REFEITO-DE-TOCANTINIA-1536x1014.jpg 1536w, https:\/\/focotocantinense.com.br\/wp-content\/uploads\/2024\/04\/3-REFEITO-DE-TOCANTINIA-310x205.jpg 310w, https:\/\/focotocantinense.com.br\/wp-content\/uploads\/2024\/04\/3-REFEITO-DE-TOCANTINIA.jpg 1600w\" sizes=\"auto, (max-width: 1024px) 100vw, 1024px\" \/><\/figure>\n\n\n\n<p><\/p>\n\n\n\n<figure class=\"wp-block-image size-large\"><img loading=\"lazy\" decoding=\"async\" width=\"1024\" height=\"632\" src=\"https:\/\/focotocantinense.com.br\/wp-content\/uploads\/2024\/04\/2-REFEITO-DE-TOCANTINIA-1024x632.jpg\" alt=\"\" class=\"wp-image-7268\" srcset=\"https:\/\/focotocantinense.com.br\/wp-content\/uploads\/2024\/04\/2-REFEITO-DE-TOCANTINIA-1024x632.jpg 1024w, https:\/\/focotocantinense.com.br\/wp-content\/uploads\/2024\/04\/2-REFEITO-DE-TOCANTINIA-300x185.jpg 300w, https:\/\/focotocantinense.com.br\/wp-content\/uploads\/2024\/04\/2-REFEITO-DE-TOCANTINIA-768x474.jpg 768w, https:\/\/focotocantinense.com.br\/wp-content\/uploads\/2024\/04\/2-REFEITO-DE-TOCANTINIA-1536x948.jpg 1536w, https:\/\/focotocantinense.com.br\/wp-content\/uploads\/2024\/04\/2-REFEITO-DE-TOCANTINIA.jpg 1600w\" sizes=\"auto, (max-width: 1024px) 100vw, 1024px\" \/><\/figure>\n","protected":false},"excerpt":{"rendered":"<p>Em uma manh\u00e3 de muitas emo\u00e7\u00f5es, o prefeito de Tocant\u00ednia, Jo\u00e3o Alberto, recebeu as homenagens pela passagem do seu anivers\u00e1rio, dos servidores municipais e da comunidade em geral, que prepararam uma festa surpresa para o aniversariante nesta quarta-feira, 10. Era o in\u00edcio de mais um dia de muitos compromissos, por\u00e9m ao entrar no gabinete do &hellip;<\/p>\n","protected":false},"author":5,"featured_media":7268,"comment_status":"open","ping_status":"open","sticky":false,"template":"","format":"standard","meta":{"footnotes":""},"categories":[78],"tags":[],"class_list":["post-7267","post","type-post","status-publish","format-standard","has-post-thumbnail","","category-tocantinia"],"_links":{"self":[{"href":"https:\/\/focotocantinense.com.br\/index.php?rest_route=\/wp\/v2\/posts\/7267","targetHints":{"allow":["GET"]}}],"collection":[{"href":"https:\/\/focotocantinense.com.br\/index.php?rest_route=\/wp\/v2\/posts"}],"about":[{"href":"https:\/\/focotocantinense.com.br\/index.php?rest_route=\/wp\/v2\/types\/post"}],"author":[{"embeddable":true,"href":"https:\/\/focotocantinense.com.br\/index.php?rest_route=\/wp\/v2\/users\/5"}],"replies":[{"embeddable":true,"href":"https:\/\/focotocantinense.com.br\/index.php?rest_route=%2Fwp%2Fv2%2Fcomments&post=7267"}],"version-history":[{"count":2,"href":"https:\/\/focotocantinense.com.br\/index.php?rest_route=\/wp\/v2\/posts\/7267\/revisions"}],"predecessor-version":[{"id":7276,"href":"https:\/\/focotocantinense.com.br\/index.php?rest_route=\/wp\/v2\/posts\/7267\/revisions\/7276"}],"wp:featuredmedia":[{"embeddable":true,"href":"https:\/\/focotocantinense.com.br\/index.php?rest_route=\/wp\/v2\/media\/7268"}],"wp:attachment":[{"href":"https:\/\/focotocantinense.com.br\/index.php?rest_route=%2Fwp%2Fv2%2Fmedia&parent=7267"}],"wp:term":[{"taxonomy":"category","embeddable":true,"href":"https:\/\/focotocantinense.com.br\/index.php?rest_route=%2Fwp%2Fv2%2Fcategories&post=7267"},{"taxonomy":"post_tag","embeddable":true,"href":"https:\/\/focotocantinense.com.br\/index.php?rest_route=%2Fwp%2Fv2%2Ftags&post=7267"}],"curies":[{"name":"wp","href":"https:\/\/api.w.org\/{rel}","templated":true}]}}