{"id":7252,"date":"2024-04-09T17:14:42","date_gmt":"2024-04-09T20:14:42","guid":{"rendered":"https:\/\/focotocantinense.com.br\/?p=7252"},"modified":"2024-04-09T19:07:04","modified_gmt":"2024-04-09T22:07:04","slug":"deputado-antonio-andrade-participa-de-assinatura-da-ordem-de-servico-para-construcao-de-casas-em-porto-nacional","status":"publish","type":"post","link":"https:\/\/focotocantinense.com.br\/?p=7252","title":{"rendered":"Deputado Antonio Andrade participa de assinatura da ordem de servi\u00e7o para constru\u00e7\u00e3o de casas em Porto Nacional"},"content":{"rendered":"\n<p>Nesta ter\u00e7a-feira, 9 de abril, o deputado federal Antonio Andrade (Republicanos) marcou presen\u00e7a em Bras\u00edlia, no Minist\u00e9rio das Cidades, da assinatura da ordem de servi\u00e7o de 100 unidades habitacionais em Porto Nacional.<\/p>\n\n\n\n<p>A cerim\u00f4nia de assinatura representa um avan\u00e7o significativo na garantia do direito \u00e0 moradia digna para as fam\u00edlias de Porto.<\/p>\n\n\n\n<p>O evento, que contou com a presen\u00e7a do ministro das Cidades Jader Filho e do deputado federal Alexandre Guimar\u00e3es, ressalta a import\u00e2ncia desse investimento para a cidade e para o estado do Tocantins.<\/p>\n\n\n\n<p>O deputado, em sua fala, destacou o compromisso do governo em promover pol\u00edticas p\u00fablicas que visam atender \u00e0s demandas fundamentais da popula\u00e7\u00e3o, como o acesso \u00e0 moradia.<\/p>\n\n\n\n<p>\u201cAgrade\u00e7o ao ministro a assinatura da ordem de servi\u00e7o para Porto Nacional. Muito obrigado por essa a\u00e7\u00e3o que ir\u00e1 beneficiar muitas pessoas carentes em nossa cidade\u201d, afirmou.<\/p>\n\n\n\n<p>As 100 unidades habitacionais ser\u00e3o constru\u00eddas em uma \u00fanica \u00e1rea ainda a ser definida, priorizando fam\u00edlias em situa\u00e7\u00e3o de vulnerabilidade socioecon\u00f4mica.<\/p>\n\n\n\n<p>O projeto contempla n\u00e3o apenas a constru\u00e7\u00e3o das resid\u00eancias, mas tamb\u00e9m a implementa\u00e7\u00e3o de infraestrutura b\u00e1sica, como redes de \u00e1gua, energia el\u00e9trica e saneamento, visando garantir condi\u00e7\u00f5es adequadas de vida para os futuros moradores.<\/p>\n\n\n\n<p>Al\u00e9m disso, a iniciativa trar\u00e1 impactos positivos para a economia local, gerando empregos diretos e indiretos durante a fase de constru\u00e7\u00e3o e estimulando o desenvolvimento urbano da regi\u00e3o.<\/p>\n\n\n\n<p><\/p>\n\n\n\n<figure class=\"wp-block-image size-full\"><img loading=\"lazy\" decoding=\"async\" width=\"843\" height=\"251\" src=\"https:\/\/focotocantinense.com.br\/wp-content\/uploads\/2024\/04\/VINI_181-3.jpg\" alt=\"\" class=\"wp-image-7258\" srcset=\"https:\/\/focotocantinense.com.br\/wp-content\/uploads\/2024\/04\/VINI_181-3.jpg 843w, https:\/\/focotocantinense.com.br\/wp-content\/uploads\/2024\/04\/VINI_181-3-300x89.jpg 300w, https:\/\/focotocantinense.com.br\/wp-content\/uploads\/2024\/04\/VINI_181-3-768x229.jpg 768w\" sizes=\"auto, (max-width: 843px) 100vw, 843px\" \/><\/figure>\n\n\n\n<p><\/p>\n","protected":false},"excerpt":{"rendered":"<p>Nesta ter\u00e7a-feira, 9 de abril, o deputado federal Antonio Andrade (Republicanos) marcou presen\u00e7a em Bras\u00edlia, no Minist\u00e9rio das Cidades, da assinatura da ordem de servi\u00e7o de 100 unidades habitacionais em Porto Nacional. A cerim\u00f4nia de assinatura representa um avan\u00e7o significativo na garantia do direito \u00e0 moradia digna para as fam\u00edlias de Porto. O evento, que &hellip;<\/p>\n","protected":false},"author":5,"featured_media":7253,"comment_status":"open","ping_status":"open","sticky":false,"template":"","format":"standard","meta":{"footnotes":""},"categories":[1],"tags":[],"class_list":["post-7252","post","type-post","status-publish","format-standard","has-post-thumbnail","","category-sem-categoria"],"_links":{"self":[{"href":"https:\/\/focotocantinense.com.br\/index.php?rest_route=\/wp\/v2\/posts\/7252","targetHints":{"allow":["GET"]}}],"collection":[{"href":"https:\/\/focotocantinense.com.br\/index.php?rest_route=\/wp\/v2\/posts"}],"about":[{"href":"https:\/\/focotocantinense.com.br\/index.php?rest_route=\/wp\/v2\/types\/post"}],"author":[{"embeddable":true,"href":"https:\/\/focotocantinense.com.br\/index.php?rest_route=\/wp\/v2\/users\/5"}],"replies":[{"embeddable":true,"href":"https:\/\/focotocantinense.com.br\/index.php?rest_route=%2Fwp%2Fv2%2Fcomments&post=7252"}],"version-history":[{"count":2,"href":"https:\/\/focotocantinense.com.br\/index.php?rest_route=\/wp\/v2\/posts\/7252\/revisions"}],"predecessor-version":[{"id":7259,"href":"https:\/\/focotocantinense.com.br\/index.php?rest_route=\/wp\/v2\/posts\/7252\/revisions\/7259"}],"wp:featuredmedia":[{"embeddable":true,"href":"https:\/\/focotocantinense.com.br\/index.php?rest_route=\/wp\/v2\/media\/7253"}],"wp:attachment":[{"href":"https:\/\/focotocantinense.com.br\/index.php?rest_route=%2Fwp%2Fv2%2Fmedia&parent=7252"}],"wp:term":[{"taxonomy":"category","embeddable":true,"href":"https:\/\/focotocantinense.com.br\/index.php?rest_route=%2Fwp%2Fv2%2Fcategories&post=7252"},{"taxonomy":"post_tag","embeddable":true,"href":"https:\/\/focotocantinense.com.br\/index.php?rest_route=%2Fwp%2Fv2%2Ftags&post=7252"}],"curies":[{"name":"wp","href":"https:\/\/api.w.org\/{rel}","templated":true}]}}