{"id":7246,"date":"2024-04-09T16:51:59","date_gmt":"2024-04-09T19:51:59","guid":{"rendered":"https:\/\/focotocantinense.com.br\/?p=7246"},"modified":"2024-04-09T19:12:34","modified_gmt":"2024-04-09T22:12:34","slug":"cezar-jose-dias-costa-confirma-filiacao-ao-republicano-e-se-coloca-a-disposicao-do-partido-para-concorre-a-uma-vaga-na-camara-de-vereadores-em-guarai","status":"publish","type":"post","link":"https:\/\/focotocantinense.com.br\/?p=7246","title":{"rendered":"Cezar Jos\u00e9 Dias Costa confirma filia\u00e7\u00e3o ao Republicano e se coloca a disposi\u00e7\u00e3o do partido para concorrer a uma vaga na c\u00e2mara de vereadores em Guara\u00ed"},"content":{"rendered":"\n<p><\/p>\n\n\n\n<p>O jovem Cezar Jose Dias Costa, nascido em Guara\u00ed, filho do ex-vereador  Sebasti\u00e3o Jos\u00e9 Costa e da professora Leda Maria Dias Costa, filha do saudoso Sr.&nbsp;Pacifico Silva o qual ajudou a fundar o  mun\u00edcipio no inicio dos anos setenta.  <\/p>\n\n\n\n<p>Cezar Jose Dias Costa agora \u00e9  Pr\u00e9-Candidato a vereador pelo partido republicanos, sendo indicado pelo seu bom desempenho em aliviar partes da necessidade de Guara\u00ed na \u00e1rea da sa\u00fade e em outras \u00e1reas, Cezar Costa sempre buscou junto a  assembleia legislativa parcerias e benef\u00edcios em prol da popula\u00e7\u00e3o guaraiense.   <\/p>\n\n\n\n<p>Com tudo isso, Cezar Jos\u00e9 Dias Costa disse que: &#8220;Acredito que esse \u00e9 um momento especial para o mun\u00edcipio de Guara\u00ed, assim venho com muita alegria colocar o meu nome a disposi\u00e7\u00e3o da popula\u00e7\u00e3o por que acredito que podemos fazer muito mais por Guara\u00ed, com inova\u00e7\u00e3o politica, transpar\u00eancia, trabalho e compromisso com povo Guaraiense. Por esses motivo e principalmente pelo amor que tenho pela minha cidade que venho colocar o meu nome como pr\u00e9-candidato a vereador e assim oferecer ao povo de Guara\u00ed essas novas oportunidades a partir de 2025.&#8221;<\/p>\n\n\n\n<figure class=\"wp-block-image is-resized\"><img loading=\"lazy\" decoding=\"async\" width=\"1537\" height=\"952\" src=\"https:\/\/focotocantinense.com.br\/wp-content\/uploads\/2024\/04\/cesar-costa-candidato-prim.jpg\" alt=\"\" class=\"wp-image-7247\" style=\"width:377px;height:auto\" srcset=\"https:\/\/focotocantinense.com.br\/wp-content\/uploads\/2024\/04\/cesar-costa-candidato-prim.jpg 1537w, https:\/\/focotocantinense.com.br\/wp-content\/uploads\/2024\/04\/cesar-costa-candidato-prim-300x186.jpg 300w, https:\/\/focotocantinense.com.br\/wp-content\/uploads\/2024\/04\/cesar-costa-candidato-prim-1024x634.jpg 1024w, https:\/\/focotocantinense.com.br\/wp-content\/uploads\/2024\/04\/cesar-costa-candidato-prim-768x476.jpg 768w\" sizes=\"auto, (max-width: 1537px) 100vw, 1537px\" \/><\/figure>\n\n\n\n<p><\/p>\n\n\n\n<p><\/p>\n\n\n\n<figure class=\"wp-block-image size-full\"><img loading=\"lazy\" decoding=\"async\" width=\"843\" height=\"251\" src=\"https:\/\/focotocantinense.com.br\/wp-content\/uploads\/2024\/04\/VINI_181-3.jpg\" alt=\"\" class=\"wp-image-7258\" srcset=\"https:\/\/focotocantinense.com.br\/wp-content\/uploads\/2024\/04\/VINI_181-3.jpg 843w, https:\/\/focotocantinense.com.br\/wp-content\/uploads\/2024\/04\/VINI_181-3-300x89.jpg 300w, https:\/\/focotocantinense.com.br\/wp-content\/uploads\/2024\/04\/VINI_181-3-768x229.jpg 768w\" sizes=\"auto, (max-width: 843px) 100vw, 843px\" \/><\/figure>\n","protected":false},"excerpt":{"rendered":"<p>O jovem Cezar Jose Dias Costa, nascido em Guara\u00ed, filho do ex-vereador Sebasti\u00e3o Jos\u00e9 Costa e da professora Leda Maria Dias Costa, filha do saudoso Sr.&nbsp;Pacifico Silva o qual ajudou a fundar o mun\u00edcipio no inicio dos anos setenta. Cezar Jose Dias Costa agora \u00e9 Pr\u00e9-Candidato a vereador pelo partido republicanos, sendo indicado pelo seu &hellip;<\/p>\n","protected":false},"author":5,"featured_media":7247,"comment_status":"open","ping_status":"open","sticky":false,"template":"","format":"standard","meta":{"footnotes":""},"categories":[1],"tags":[],"class_list":["post-7246","post","type-post","status-publish","format-standard","has-post-thumbnail","","category-sem-categoria"],"_links":{"self":[{"href":"https:\/\/focotocantinense.com.br\/index.php?rest_route=\/wp\/v2\/posts\/7246","targetHints":{"allow":["GET"]}}],"collection":[{"href":"https:\/\/focotocantinense.com.br\/index.php?rest_route=\/wp\/v2\/posts"}],"about":[{"href":"https:\/\/focotocantinense.com.br\/index.php?rest_route=\/wp\/v2\/types\/post"}],"author":[{"embeddable":true,"href":"https:\/\/focotocantinense.com.br\/index.php?rest_route=\/wp\/v2\/users\/5"}],"replies":[{"embeddable":true,"href":"https:\/\/focotocantinense.com.br\/index.php?rest_route=%2Fwp%2Fv2%2Fcomments&post=7246"}],"version-history":[{"count":5,"href":"https:\/\/focotocantinense.com.br\/index.php?rest_route=\/wp\/v2\/posts\/7246\/revisions"}],"predecessor-version":[{"id":7265,"href":"https:\/\/focotocantinense.com.br\/index.php?rest_route=\/wp\/v2\/posts\/7246\/revisions\/7265"}],"wp:featuredmedia":[{"embeddable":true,"href":"https:\/\/focotocantinense.com.br\/index.php?rest_route=\/wp\/v2\/media\/7247"}],"wp:attachment":[{"href":"https:\/\/focotocantinense.com.br\/index.php?rest_route=%2Fwp%2Fv2%2Fmedia&parent=7246"}],"wp:term":[{"taxonomy":"category","embeddable":true,"href":"https:\/\/focotocantinense.com.br\/index.php?rest_route=%2Fwp%2Fv2%2Fcategories&post=7246"},{"taxonomy":"post_tag","embeddable":true,"href":"https:\/\/focotocantinense.com.br\/index.php?rest_route=%2Fwp%2Fv2%2Ftags&post=7246"}],"curies":[{"name":"wp","href":"https:\/\/api.w.org\/{rel}","templated":true}]}}