{"id":7241,"date":"2024-04-07T10:32:43","date_gmt":"2024-04-07T13:32:43","guid":{"rendered":"https:\/\/focotocantinense.com.br\/?p=7241"},"modified":"2024-04-09T19:09:51","modified_gmt":"2024-04-09T22:09:51","slug":"ricardo-coelho-se-filia-ao-podemos-e-anuncia-pre-candidatura-a-vereador-em-porto-nacional","status":"publish","type":"post","link":"https:\/\/focotocantinense.com.br\/?p=7241","title":{"rendered":"Ricardo Coelho se filia ao Podemos e anuncia pr\u00e9-candidatura a vereador em Porto Nacional"},"content":{"rendered":"\n<p>Com forte atua\u00e7\u00e3o no distrito de Luzimangues, o advogado disputar\u00e1 o pleito de 2024 ao lado do deputado federal Antonio Andrade, pr\u00e9-candidato \u00e0 prefeito no munic\u00edpio<\/p>\n\n\n\n<p>O advogado Ricardo Coelho, se filiou neste s\u00e1bado (6), de abril ao Podemos, partido presidido em Porto Nacional pelo ex-prefeito, Otoniel Andrade, e na oportunidade confirmou pr\u00e9-candidatura a vereador.<\/p>\n\n\n\n<p>O an\u00fancio foi feito com a presen\u00e7a de autoridades como o deputado federal Antonio Andrade, que \u00e9 pr\u00e9-candidato a prefeito no munic\u00edpio, o presidente do diret\u00f3rio municipal do Partido, Otoniel Andrade e do vereador Soares Filho, pr\u00e9-candidato a vice-prefeito de Porto Nacional.<\/p>\n\n\n\n<p>Na ocasi\u00e3o, Ricardo declarou: \u201cMeu intuito ao colocar o nome \u00e0 disposi\u00e7\u00e3o nessa elei\u00e7\u00e3o \u00e9 trabalhar para desenvolver a\u00e7\u00f5es que possam melhorar a vida da popula\u00e7\u00e3o, de forma efetiva e com comprometimento\u201d, afirmou o advogado.<\/p>\n\n\n\n<p>Otoniel Andrade, parabenizou o pr\u00e9-candidato ressaltando seu potencial para assumir uma vaga na C\u00e2mara de Vereadores de Porto Nacional. \u201cO Ricardo \u00e9 um homem competente e trabalhador. Tenho plena certeza que far\u00e1 um bom trabalho se eleito, lutando pela transforma\u00e7\u00e3o que nossa cidade precisa. Tem tudo para ser um excelente vereador\u201d, pontuou o presidente do diret\u00f3rio municipal do Podemos.<\/p>\n\n\n\n<p>J\u00e1 Antonio Andrade, agradeceu \u00e0 confian\u00e7a do advogado em seu projeto. \u201c\u00c9 uma satisfa\u00e7\u00e3o receber o Ricardo no Podemos, partido que est\u00e1 conosco nesse projeto de desenvolvimento e avan\u00e7os para Porto Nacional, estou contente com a parceria\u201d, destacou.<\/p>\n\n\n\n<p>Sobre Ricardo Coelho<\/p>\n\n\n\n<p>Ricardo Ara\u00fajo Coelho \u00e9 advogado e empres\u00e1rio que reside e tem uma forte atua\u00e7\u00e3o no distrito de Luzimangues. Aos 33 anos, se apresenta como um potencial destaque para o pleito de 2024. Essa \u00e9 a segunda vez que ele ir\u00e1 disputar uma vaga na C\u00e2mara de Vereadores portuense. Em 2020, se candidatou a vereador pelo partido Solidariedade, na \u00e9poca apoiando o ent\u00e3o candidato a prefeito Otoniel Andrade. Conforme Ricardo, uma premissa de campanha ser\u00e1 dar voz aos anseios da popula\u00e7\u00e3o.<\/p>\n\n\n\n<figure class=\"wp-block-image size-large\"><img loading=\"lazy\" decoding=\"async\" width=\"1024\" height=\"768\" src=\"https:\/\/focotocantinense.com.br\/wp-content\/uploads\/2024\/04\/IMG-20240406-WA0225-1024x768.jpg\" alt=\"\" class=\"wp-image-7242\" srcset=\"https:\/\/focotocantinense.com.br\/wp-content\/uploads\/2024\/04\/IMG-20240406-WA0225-1024x768.jpg 1024w, https:\/\/focotocantinense.com.br\/wp-content\/uploads\/2024\/04\/IMG-20240406-WA0225-300x225.jpg 300w, https:\/\/focotocantinense.com.br\/wp-content\/uploads\/2024\/04\/IMG-20240406-WA0225-768x576.jpg 768w, https:\/\/focotocantinense.com.br\/wp-content\/uploads\/2024\/04\/IMG-20240406-WA0225-1536x1152.jpg 1536w, https:\/\/focotocantinense.com.br\/wp-content\/uploads\/2024\/04\/IMG-20240406-WA0225-2048x1536.jpg 2048w\" sizes=\"auto, (max-width: 1024px) 100vw, 1024px\" \/><\/figure>\n\n\n\n<p><\/p>\n\n\n\n<p><\/p>\n\n\n\n<figure class=\"wp-block-image size-full\"><img loading=\"lazy\" decoding=\"async\" width=\"843\" height=\"251\" src=\"https:\/\/focotocantinense.com.br\/wp-content\/uploads\/2024\/04\/VINI_181-3.jpg\" alt=\"\" class=\"wp-image-7258\" srcset=\"https:\/\/focotocantinense.com.br\/wp-content\/uploads\/2024\/04\/VINI_181-3.jpg 843w, https:\/\/focotocantinense.com.br\/wp-content\/uploads\/2024\/04\/VINI_181-3-300x89.jpg 300w, https:\/\/focotocantinense.com.br\/wp-content\/uploads\/2024\/04\/VINI_181-3-768x229.jpg 768w\" sizes=\"auto, (max-width: 843px) 100vw, 843px\" \/><\/figure>\n","protected":false},"excerpt":{"rendered":"<p>Com forte atua\u00e7\u00e3o no distrito de Luzimangues, o advogado disputar\u00e1 o pleito de 2024 ao lado do deputado federal Antonio Andrade, pr\u00e9-candidato \u00e0 prefeito no munic\u00edpio O advogado Ricardo Coelho, se filiou neste s\u00e1bado (6), de abril ao Podemos, partido presidido em Porto Nacional pelo ex-prefeito, Otoniel Andrade, e na oportunidade confirmou pr\u00e9-candidatura a vereador. &hellip;<\/p>\n","protected":false},"author":5,"featured_media":7242,"comment_status":"open","ping_status":"open","sticky":false,"template":"","format":"standard","meta":{"footnotes":""},"categories":[46,1],"tags":[],"class_list":["post-7241","post","type-post","status-publish","format-standard","has-post-thumbnail","","category-porto_nacional","category-sem-categoria"],"_links":{"self":[{"href":"https:\/\/focotocantinense.com.br\/index.php?rest_route=\/wp\/v2\/posts\/7241","targetHints":{"allow":["GET"]}}],"collection":[{"href":"https:\/\/focotocantinense.com.br\/index.php?rest_route=\/wp\/v2\/posts"}],"about":[{"href":"https:\/\/focotocantinense.com.br\/index.php?rest_route=\/wp\/v2\/types\/post"}],"author":[{"embeddable":true,"href":"https:\/\/focotocantinense.com.br\/index.php?rest_route=\/wp\/v2\/users\/5"}],"replies":[{"embeddable":true,"href":"https:\/\/focotocantinense.com.br\/index.php?rest_route=%2Fwp%2Fv2%2Fcomments&post=7241"}],"version-history":[{"count":2,"href":"https:\/\/focotocantinense.com.br\/index.php?rest_route=\/wp\/v2\/posts\/7241\/revisions"}],"predecessor-version":[{"id":7261,"href":"https:\/\/focotocantinense.com.br\/index.php?rest_route=\/wp\/v2\/posts\/7241\/revisions\/7261"}],"wp:featuredmedia":[{"embeddable":true,"href":"https:\/\/focotocantinense.com.br\/index.php?rest_route=\/wp\/v2\/media\/7242"}],"wp:attachment":[{"href":"https:\/\/focotocantinense.com.br\/index.php?rest_route=%2Fwp%2Fv2%2Fmedia&parent=7241"}],"wp:term":[{"taxonomy":"category","embeddable":true,"href":"https:\/\/focotocantinense.com.br\/index.php?rest_route=%2Fwp%2Fv2%2Fcategories&post=7241"},{"taxonomy":"post_tag","embeddable":true,"href":"https:\/\/focotocantinense.com.br\/index.php?rest_route=%2Fwp%2Fv2%2Ftags&post=7241"}],"curies":[{"name":"wp","href":"https:\/\/api.w.org\/{rel}","templated":true}]}}