{"id":7235,"date":"2024-04-06T20:07:11","date_gmt":"2024-04-06T23:07:11","guid":{"rendered":"https:\/\/focotocantinense.com.br\/?p=7235"},"modified":"2024-04-06T20:07:12","modified_gmt":"2024-04-06T23:07:12","slug":"gurupi-amplia-oferta-de-atividades-fisica-e-agora-todas-as-15-unidades-de-saude-contam-com-profissionais-da-area","status":"publish","type":"post","link":"https:\/\/focotocantinense.com.br\/?p=7235","title":{"rendered":"Gurupi amplia oferta de atividades f\u00edsica e agora todas as 15 Unidades de Sa\u00fade contam com profissionais da \u00e1rea"},"content":{"rendered":"\n<p>A Prefeitura de Gurupi, por meio da Secretaria Municipal de Sa\u00fade (Semus), ampliou o atendimento em sa\u00fade e qualidade de vida \u00e0 comunidade gurupiense. 11 novos profissionais de Educa\u00e7\u00e3o F\u00edsica foram contratados para atuar em todas as 15 Unidades de Sa\u00fade da Fam\u00edlia (USF) do munic\u00edpio. At\u00e9 o m\u00eas de mar\u00e7o, o munic\u00edpio contava com 4 profissionais que atendiam nas USFs dos bairros Sol Nascente, Campo Bello, S\u00e3o Jos\u00e9 e Vila \u00cdris e mais um que atendia na Pra\u00e7a da B\u00edblia.<\/p>\n\n\n\n<p>A a\u00e7\u00e3o faz parte da ades\u00e3o do Munic\u00edpio ao Programa Incentivo de Atividade F\u00edsica (IAF) para a Aten\u00e7\u00e3o Prim\u00e1ria, do governo Federal. expressou sua satisfa\u00e7\u00e3o com essa amplia\u00e7\u00e3o, enfatizando o compromisso da gest\u00e3o com o cuidado e o bem-estar dos mun\u00edcipes.<\/p>\n\n\n\n<p>\u201cA amplia\u00e7\u00e3o do nosso atendimento a esse programa refor\u00e7a nosso compromisso com o cuidado com nossa gente. Muitas pessoas n\u00e3o t\u00eam condi\u00e7\u00f5es de ter um acompanhamento com um profissional, e agora tem essa oportunidade de ter acesso a esses profissionais em todas as USFs da nossa cidade. Sabemos da import\u00e2ncia da atividade f\u00edsica para prevenir doen\u00e7as e ter uma melhor qualidade de vida\u201d, disse a Prefeita.<\/p>\n\n\n\n<p>A secret\u00e1ria Luana Nunes explicou que os interessados em participar das atividades de Educa\u00e7\u00e3o F\u00edsica oferecidas podem procurar a Unidade de Sa\u00fade mais pr\u00f3xima da resid\u00eancia, munidos de documento pessoal e cart\u00e3o SUS. Ela destacou a relev\u00e2ncia dessas a\u00e7\u00f5es para a sa\u00fade da comunidade.<\/p>\n\n\n\n<p>\u00a0\u201c Este programa \u00e9 uma oportunidade incr\u00edvel para todos aqueles que desejam adotar a pr\u00e1tica de atividade f\u00edsica e contar com acompanhamento profissional. Como m\u00e9dica, sei da import\u00e2ncia dos exerc\u00edcios f\u00edsicos na preven\u00e7\u00e3o de diversas doen\u00e7as e no combate ao sedentarismo. Convido a todos a procurarem nossas unidades para mais informa\u00e7\u00f5es sobre hor\u00e1rios e aproveitarem essa oportunidade&#8221;, disse a secret\u00e1ria.<\/p>\n\n\n\n<figure class=\"wp-block-image size-large\"><img loading=\"lazy\" decoding=\"async\" width=\"1024\" height=\"436\" src=\"https:\/\/focotocantinense.com.br\/wp-content\/uploads\/2024\/04\/aaaaaa-1024x436.jpg\" alt=\"\" class=\"wp-image-7236\" srcset=\"https:\/\/focotocantinense.com.br\/wp-content\/uploads\/2024\/04\/aaaaaa-1024x436.jpg 1024w, https:\/\/focotocantinense.com.br\/wp-content\/uploads\/2024\/04\/aaaaaa-300x128.jpg 300w, https:\/\/focotocantinense.com.br\/wp-content\/uploads\/2024\/04\/aaaaaa-768x327.jpg 768w, https:\/\/focotocantinense.com.br\/wp-content\/uploads\/2024\/04\/aaaaaa.jpg 1124w\" sizes=\"auto, (max-width: 1024px) 100vw, 1024px\" \/><\/figure>\n\n\n\n<p><\/p>\n\n\n\n<figure class=\"wp-block-image size-large\"><img loading=\"lazy\" decoding=\"async\" width=\"1024\" height=\"576\" src=\"https:\/\/focotocantinense.com.br\/wp-content\/uploads\/2024\/04\/ssss-1024x576.jpeg\" alt=\"\" class=\"wp-image-7238\" srcset=\"https:\/\/focotocantinense.com.br\/wp-content\/uploads\/2024\/04\/ssss-1024x576.jpeg 1024w, https:\/\/focotocantinense.com.br\/wp-content\/uploads\/2024\/04\/ssss-300x169.jpeg 300w, https:\/\/focotocantinense.com.br\/wp-content\/uploads\/2024\/04\/ssss-768x432.jpeg 768w, https:\/\/focotocantinense.com.br\/wp-content\/uploads\/2024\/04\/ssss-1536x864.jpeg 1536w, https:\/\/focotocantinense.com.br\/wp-content\/uploads\/2024\/04\/ssss.jpeg 1600w\" sizes=\"auto, (max-width: 1024px) 100vw, 1024px\" \/><\/figure>\n\n\n\n<p><\/p>\n\n\n\n<figure class=\"wp-block-image size-full\"><img loading=\"lazy\" decoding=\"async\" width=\"843\" height=\"251\" src=\"https:\/\/focotocantinense.com.br\/wp-content\/uploads\/2024\/04\/VINI_181-2.jpg\" alt=\"\" class=\"wp-image-7237\" srcset=\"https:\/\/focotocantinense.com.br\/wp-content\/uploads\/2024\/04\/VINI_181-2.jpg 843w, https:\/\/focotocantinense.com.br\/wp-content\/uploads\/2024\/04\/VINI_181-2-300x89.jpg 300w, https:\/\/focotocantinense.com.br\/wp-content\/uploads\/2024\/04\/VINI_181-2-768x229.jpg 768w\" sizes=\"auto, (max-width: 843px) 100vw, 843px\" \/><\/figure>\n","protected":false},"excerpt":{"rendered":"<p>A Prefeitura de Gurupi, por meio da Secretaria Municipal de Sa\u00fade (Semus), ampliou o atendimento em sa\u00fade e qualidade de vida \u00e0 comunidade gurupiense. 11 novos profissionais de Educa\u00e7\u00e3o F\u00edsica foram contratados para atuar em todas as 15 Unidades de Sa\u00fade da Fam\u00edlia (USF) do munic\u00edpio. At\u00e9 o m\u00eas de mar\u00e7o, o munic\u00edpio contava com &hellip;<\/p>\n","protected":false},"author":5,"featured_media":7236,"comment_status":"open","ping_status":"open","sticky":false,"template":"","format":"standard","meta":{"footnotes":""},"categories":[38],"tags":[],"class_list":["post-7235","post","type-post","status-publish","format-standard","has-post-thumbnail","","category-gurupi"],"_links":{"self":[{"href":"https:\/\/focotocantinense.com.br\/index.php?rest_route=\/wp\/v2\/posts\/7235","targetHints":{"allow":["GET"]}}],"collection":[{"href":"https:\/\/focotocantinense.com.br\/index.php?rest_route=\/wp\/v2\/posts"}],"about":[{"href":"https:\/\/focotocantinense.com.br\/index.php?rest_route=\/wp\/v2\/types\/post"}],"author":[{"embeddable":true,"href":"https:\/\/focotocantinense.com.br\/index.php?rest_route=\/wp\/v2\/users\/5"}],"replies":[{"embeddable":true,"href":"https:\/\/focotocantinense.com.br\/index.php?rest_route=%2Fwp%2Fv2%2Fcomments&post=7235"}],"version-history":[{"count":1,"href":"https:\/\/focotocantinense.com.br\/index.php?rest_route=\/wp\/v2\/posts\/7235\/revisions"}],"predecessor-version":[{"id":7239,"href":"https:\/\/focotocantinense.com.br\/index.php?rest_route=\/wp\/v2\/posts\/7235\/revisions\/7239"}],"wp:featuredmedia":[{"embeddable":true,"href":"https:\/\/focotocantinense.com.br\/index.php?rest_route=\/wp\/v2\/media\/7236"}],"wp:attachment":[{"href":"https:\/\/focotocantinense.com.br\/index.php?rest_route=%2Fwp%2Fv2%2Fmedia&parent=7235"}],"wp:term":[{"taxonomy":"category","embeddable":true,"href":"https:\/\/focotocantinense.com.br\/index.php?rest_route=%2Fwp%2Fv2%2Fcategories&post=7235"},{"taxonomy":"post_tag","embeddable":true,"href":"https:\/\/focotocantinense.com.br\/index.php?rest_route=%2Fwp%2Fv2%2Ftags&post=7235"}],"curies":[{"name":"wp","href":"https:\/\/api.w.org\/{rel}","templated":true}]}}