{"id":7232,"date":"2024-04-05T20:39:11","date_gmt":"2024-04-05T23:39:11","guid":{"rendered":"https:\/\/focotocantinense.com.br\/?p=7232"},"modified":"2024-04-05T20:39:11","modified_gmt":"2024-04-05T23:39:11","slug":"curso-de-jornalismo-e-ascom-celebram-dia-do-jornalista-com-programacao-especial","status":"publish","type":"post","link":"https:\/\/focotocantinense.com.br\/?p=7232","title":{"rendered":"Curso de Jornalismo e Ascom celebram dia do Jornalista com programa\u00e7\u00e3o especial"},"content":{"rendered":"\n<p><br>No pr\u00f3ximo dia 07, \u00e9 celebrado o Dia do Jornalista. Para comemorar a data, a coordena\u00e7\u00e3o do curso de Jornalismo, em parceria com a Assessoria de Comunica\u00e7\u00e3o &#8211; Ascom, da Universidade de Gurupi \u2013 UnirG promover\u00e3o um evento com uma programa\u00e7\u00e3o voltada aos acad\u00eamicos e profissionais da \u00e1rea. O evento ser\u00e1 realizado nos dias 08 e 09, no audit\u00f3rio do centro administrativo.<\/p>\n\n\n\n<p>Segundo a coordenadora do curso, Me. Anette Maria Bento, ser\u00e1 um momento para celebrar os profissionais que nos mant\u00eam informados, inspirados e conectados com o mundo. O evento ter\u00e1 como tema \u201c\u00adSemana do Jornalismo UnirG: di\u00e1logos acad\u00eamicos sobre narrativas locais\u201d.<\/p>\n\n\n\n<p>&#8220;Dos relatos emocionantes \u00e0s investiga\u00e7\u00f5es profundas, dos acontecimentos locais \u00e0s not\u00edcias globais, os jornalistas desempenham um papel fundamental em nossa sociedade, trazendo luz \u00e0 verdade e promovendo a democracia e a liberdade de express\u00e3o\u201d, disse a coordenadora.<\/p>\n\n\n\n<p>As comemora\u00e7\u00f5es iniciam na segunda-feira pela manh\u00e3, \u00e0s 08h, no audit\u00f3rio do centro administrativo da Funda\u00e7\u00e3o UnirG, com um bate papo promovido pela Ascom, que promover\u00e1 um&nbsp;<em>Caf\u00e9 com a Imprensa<\/em>. Na ocasi\u00e3o, a jornalista e presidente do Sindicato dos Jornalistas do Tocantins (SindJor-TO), Alessandra Bacelar, ser\u00e1 a convidada especial. Acad\u00eamicos e profissionais da \u00e1rea devem participar.<\/p>\n\n\n\n<p>A noite dos dias 08 e 09, a partir das 19h,<strong>&nbsp;<\/strong>a programa\u00e7\u00e3o seguir\u00e1 com o lan\u00e7amento de tr\u00eas document\u00e1rios audiovisuais, produzidos pelos pr\u00f3prios estudantes. Uma roda de conversa sobre as narrativas locais e a import\u00e2ncia da escolha de pautas que reflitam o car\u00e1ter jornal\u00edstico regional tamb\u00e9m integrar\u00e1 as comemora\u00e7\u00f5es do evento.<\/p>\n\n\n\n<p>\u201cJuntos iremos sempre continuar a valorizar e apoiar o jornalismo regional, respons\u00e1vel, cr\u00edtico e \u00e9tico, pois \u00e9 fundamental para a nossa democracia e para o entendimento do nosso territ\u00f3rio tocantinense\u201d, conclui a coordenadora, Anette Maria Bento.<\/p>\n\n\n\n<figure class=\"wp-block-image size-large\"><img loading=\"lazy\" decoding=\"async\" width=\"1024\" height=\"470\" src=\"https:\/\/focotocantinense.com.br\/wp-content\/uploads\/2024\/04\/AAAAAAAAAAA-1024x470.jpg\" alt=\"\" class=\"wp-image-7233\" srcset=\"https:\/\/focotocantinense.com.br\/wp-content\/uploads\/2024\/04\/AAAAAAAAAAA-1024x470.jpg 1024w, https:\/\/focotocantinense.com.br\/wp-content\/uploads\/2024\/04\/AAAAAAAAAAA-300x138.jpg 300w, https:\/\/focotocantinense.com.br\/wp-content\/uploads\/2024\/04\/AAAAAAAAAAA-768x353.jpg 768w, https:\/\/focotocantinense.com.br\/wp-content\/uploads\/2024\/04\/AAAAAAAAAAA.jpg 1037w\" sizes=\"auto, (max-width: 1024px) 100vw, 1024px\" \/><\/figure>\n\n\n\n<p><\/p>\n\n\n\n<figure class=\"wp-block-image\"><img decoding=\"async\" src=\"http:\/\/n1to.com.br\/img\/uploads\/VINI_181_188.jpg\" alt=\"\"\/><\/figure>\n","protected":false},"excerpt":{"rendered":"<p>No pr\u00f3ximo dia 07, \u00e9 celebrado o Dia do Jornalista. Para comemorar a data, a coordena\u00e7\u00e3o do curso de Jornalismo, em parceria com a Assessoria de Comunica\u00e7\u00e3o &#8211; Ascom, da Universidade de Gurupi \u2013 UnirG promover\u00e3o um evento com uma programa\u00e7\u00e3o voltada aos acad\u00eamicos e profissionais da \u00e1rea. O evento ser\u00e1 realizado nos dias 08 &hellip;<\/p>\n","protected":false},"author":5,"featured_media":7233,"comment_status":"open","ping_status":"open","sticky":false,"template":"","format":"standard","meta":{"footnotes":""},"categories":[112],"tags":[],"class_list":["post-7232","post","type-post","status-publish","format-standard","has-post-thumbnail","","category-unirg"],"_links":{"self":[{"href":"https:\/\/focotocantinense.com.br\/index.php?rest_route=\/wp\/v2\/posts\/7232","targetHints":{"allow":["GET"]}}],"collection":[{"href":"https:\/\/focotocantinense.com.br\/index.php?rest_route=\/wp\/v2\/posts"}],"about":[{"href":"https:\/\/focotocantinense.com.br\/index.php?rest_route=\/wp\/v2\/types\/post"}],"author":[{"embeddable":true,"href":"https:\/\/focotocantinense.com.br\/index.php?rest_route=\/wp\/v2\/users\/5"}],"replies":[{"embeddable":true,"href":"https:\/\/focotocantinense.com.br\/index.php?rest_route=%2Fwp%2Fv2%2Fcomments&post=7232"}],"version-history":[{"count":1,"href":"https:\/\/focotocantinense.com.br\/index.php?rest_route=\/wp\/v2\/posts\/7232\/revisions"}],"predecessor-version":[{"id":7234,"href":"https:\/\/focotocantinense.com.br\/index.php?rest_route=\/wp\/v2\/posts\/7232\/revisions\/7234"}],"wp:featuredmedia":[{"embeddable":true,"href":"https:\/\/focotocantinense.com.br\/index.php?rest_route=\/wp\/v2\/media\/7233"}],"wp:attachment":[{"href":"https:\/\/focotocantinense.com.br\/index.php?rest_route=%2Fwp%2Fv2%2Fmedia&parent=7232"}],"wp:term":[{"taxonomy":"category","embeddable":true,"href":"https:\/\/focotocantinense.com.br\/index.php?rest_route=%2Fwp%2Fv2%2Fcategories&post=7232"},{"taxonomy":"post_tag","embeddable":true,"href":"https:\/\/focotocantinense.com.br\/index.php?rest_route=%2Fwp%2Fv2%2Ftags&post=7232"}],"curies":[{"name":"wp","href":"https:\/\/api.w.org\/{rel}","templated":true}]}}