{"id":7221,"date":"2024-04-03T16:10:56","date_gmt":"2024-04-03T19:10:56","guid":{"rendered":"https:\/\/focotocantinense.com.br\/?p=7221"},"modified":"2024-04-03T16:11:47","modified_gmt":"2024-04-03T19:11:47","slug":"sindicato-das-industrias-de-mineracao-do-tocantins-amplia-base-de-representacao","status":"publish","type":"post","link":"https:\/\/focotocantinense.com.br\/?p=7221","title":{"rendered":"Sindicato das Ind\u00fastrias de Minera\u00e7\u00e3o do Tocantins amplia base de representa\u00e7\u00e3o"},"content":{"rendered":"\n<p><br>O an\u00fancio da integra\u00e7\u00e3o de dois importantes segmentos minerais, o met\u00e1lico e n\u00e3o-met\u00e1lico, foi feito na manh\u00e3 desta quarta-feira, 3, pelo presidente do Sindicato das Ind\u00fastrias de Minera\u00e7\u00e3o do Tocantins (Sindmeto), Wagno Milhomem, durante reuni\u00e3o da entidade que contou com a participa\u00e7\u00e3o de representantes da Ag\u00eancia de Minera\u00e7\u00e3o do Tocantins (Ameto), Governo do Estado, Universidade Federal do Tocantins (UFT), Federa\u00e7\u00e3o das Ind\u00fastrias(FIETO), Academia Tocantinense do Agroneg\u00f3cio e empres\u00e1rios do setor. Na ocasi\u00e3o, o Servi\u00e7o Nacional de Aprendizagem Industrial (SENAI) e o Servi\u00e7o Social da Ind\u00fastria (SESI) apresentaram seus portf\u00f3lios de servi\u00e7os \u00e0s empresas de minera\u00e7\u00e3o presentes.<\/p>\n\n\n\n<p>\u201cAntes, o sindicato s\u00f3 representava o segmento n\u00e3o-met\u00e1lico, agora o met\u00e1lico passa a fazer parte e essa \u00e9 a primeira reuni\u00e3o dessa importante integra\u00e7\u00e3o para o setor de minera\u00e7\u00e3o do Tocantins. A partir de agora o sindicato fica ainda mais fortalecido e com mais responsabilidade para exercer sua representa\u00e7\u00e3o\u201d, destaca Milhomem.<\/p>\n\n\n\n<p>Para o l\u00edder classista, a integra\u00e7\u00e3o dos segmentos n\u00e3o-met\u00e1lico e met\u00e1lico representa um novo momento na hist\u00f3ria do sindicato, al\u00e9m de refor\u00e7ar a ideia de cria\u00e7\u00e3o do Plano Estadual de Minera\u00e7\u00e3o, uma antiga aspira\u00e7\u00e3o da entidade que para sua implementa\u00e7\u00e3o dever\u00e1 contar tamb\u00e9m com o apoio da Ameto, FIETO e Governo do Estado, por meio de seus \u00f3rg\u00e3os ligados ao setor. \u201cCom isso, o Tocantins ficar\u00e1 mais atrativo para investimentos no setor de minera\u00e7\u00e3o que tem grande potencial\u201d, acrescenta.<\/p>\n\n\n\n<figure class=\"wp-block-image size-full is-resized\"><img loading=\"lazy\" decoding=\"async\" width=\"972\" height=\"511\" src=\"https:\/\/focotocantinense.com.br\/wp-content\/uploads\/2024\/04\/AAAA-1.jpg\" alt=\"\" class=\"wp-image-7222\" style=\"width:402px;height:auto\" srcset=\"https:\/\/focotocantinense.com.br\/wp-content\/uploads\/2024\/04\/AAAA-1.jpg 972w, https:\/\/focotocantinense.com.br\/wp-content\/uploads\/2024\/04\/AAAA-1-300x158.jpg 300w, https:\/\/focotocantinense.com.br\/wp-content\/uploads\/2024\/04\/AAAA-1-768x404.jpg 768w\" sizes=\"auto, (max-width: 972px) 100vw, 972px\" \/><\/figure>\n\n\n\n<p><\/p>\n\n\n\n<figure class=\"wp-block-image\"><img decoding=\"async\" src=\"http:\/\/n1to.com.br\/img\/uploads\/VINI_181_184.jpg\" alt=\"\"\/><\/figure>\n","protected":false},"excerpt":{"rendered":"<p>O an\u00fancio da integra\u00e7\u00e3o de dois importantes segmentos minerais, o met\u00e1lico e n\u00e3o-met\u00e1lico, foi feito na manh\u00e3 desta quarta-feira, 3, pelo presidente do Sindicato das Ind\u00fastrias de Minera\u00e7\u00e3o do Tocantins (Sindmeto), Wagno Milhomem, durante reuni\u00e3o da entidade que contou com a participa\u00e7\u00e3o de representantes da Ag\u00eancia de Minera\u00e7\u00e3o do Tocantins (Ameto), Governo do Estado, Universidade &hellip;<\/p>\n","protected":false},"author":5,"featured_media":7222,"comment_status":"open","ping_status":"open","sticky":false,"template":"","format":"standard","meta":{"footnotes":""},"categories":[37],"tags":[],"class_list":["post-7221","post","type-post","status-publish","format-standard","has-post-thumbnail","","category-palmas"],"_links":{"self":[{"href":"https:\/\/focotocantinense.com.br\/index.php?rest_route=\/wp\/v2\/posts\/7221","targetHints":{"allow":["GET"]}}],"collection":[{"href":"https:\/\/focotocantinense.com.br\/index.php?rest_route=\/wp\/v2\/posts"}],"about":[{"href":"https:\/\/focotocantinense.com.br\/index.php?rest_route=\/wp\/v2\/types\/post"}],"author":[{"embeddable":true,"href":"https:\/\/focotocantinense.com.br\/index.php?rest_route=\/wp\/v2\/users\/5"}],"replies":[{"embeddable":true,"href":"https:\/\/focotocantinense.com.br\/index.php?rest_route=%2Fwp%2Fv2%2Fcomments&post=7221"}],"version-history":[{"count":2,"href":"https:\/\/focotocantinense.com.br\/index.php?rest_route=\/wp\/v2\/posts\/7221\/revisions"}],"predecessor-version":[{"id":7224,"href":"https:\/\/focotocantinense.com.br\/index.php?rest_route=\/wp\/v2\/posts\/7221\/revisions\/7224"}],"wp:featuredmedia":[{"embeddable":true,"href":"https:\/\/focotocantinense.com.br\/index.php?rest_route=\/wp\/v2\/media\/7222"}],"wp:attachment":[{"href":"https:\/\/focotocantinense.com.br\/index.php?rest_route=%2Fwp%2Fv2%2Fmedia&parent=7221"}],"wp:term":[{"taxonomy":"category","embeddable":true,"href":"https:\/\/focotocantinense.com.br\/index.php?rest_route=%2Fwp%2Fv2%2Fcategories&post=7221"},{"taxonomy":"post_tag","embeddable":true,"href":"https:\/\/focotocantinense.com.br\/index.php?rest_route=%2Fwp%2Fv2%2Ftags&post=7221"}],"curies":[{"name":"wp","href":"https:\/\/api.w.org\/{rel}","templated":true}]}}