{"id":7211,"date":"2024-04-02T18:13:34","date_gmt":"2024-04-02T21:13:34","guid":{"rendered":"https:\/\/focotocantinense.com.br\/?p=7211"},"modified":"2024-04-02T18:17:09","modified_gmt":"2024-04-02T21:17:09","slug":"valmir-cardoso-se-filia-ao-partido-progressista-de-lagoa-da-confusao","status":"publish","type":"post","link":"https:\/\/focotocantinense.com.br\/?p=7211","title":{"rendered":"Valmir Cardoso se filia ao Partido Progressista de Lagoa da Confus\u00e3o"},"content":{"rendered":"\n<p>O suplente de vereador em Lagoa da Confus\u00e3o, Valmir Cardoso, se desfiliou \u00a0do Solidariedade (SD) e assinou nesta ter\u00e7a-feira, dia 2, a sua ficha de filia\u00e7\u00e3o ao\u00a0 Partido Progressista (PP).<\/p>\n\n\n\n<p>A ficha de filia\u00e7\u00e3o de Valmir foi abonada pelo presidente do PP no munic\u00edpio, Ademilton de Souza Milho, que comemorou a chegada do novo integrante ao partido.<\/p>\n\n\n\n<p>Valmir \u00e9 pr\u00e9-candidato a vereador e disse que est\u00e1 com muita disposi\u00e7\u00e3o para participar do pleito eleitoral deste ano, de olho numa das cadeiras da C\u00e2mara Municipal, de Lagoa da Confus\u00e3o.<\/p>\n\n\n\n<figure class=\"wp-block-image size-full is-resized\"><img loading=\"lazy\" decoding=\"async\" width=\"694\" height=\"581\" src=\"https:\/\/focotocantinense.com.br\/wp-content\/uploads\/2024\/04\/72761d56-599f-4b1e-bc1d-5ece78bb8b3a.jpg\" alt=\"\" class=\"wp-image-7212\" style=\"width:397px;height:auto\" srcset=\"https:\/\/focotocantinense.com.br\/wp-content\/uploads\/2024\/04\/72761d56-599f-4b1e-bc1d-5ece78bb8b3a.jpg 694w, https:\/\/focotocantinense.com.br\/wp-content\/uploads\/2024\/04\/72761d56-599f-4b1e-bc1d-5ece78bb8b3a-300x251.jpg 300w\" sizes=\"auto, (max-width: 694px) 100vw, 694px\" \/><\/figure>\n\n\n\n<figure class=\"wp-block-image size-full\"><img loading=\"lazy\" decoding=\"async\" width=\"843\" height=\"251\" src=\"https:\/\/focotocantinense.com.br\/wp-content\/uploads\/2024\/04\/VINI_181.jpg\" alt=\"\" class=\"wp-image-7207\" srcset=\"https:\/\/focotocantinense.com.br\/wp-content\/uploads\/2024\/04\/VINI_181.jpg 843w, https:\/\/focotocantinense.com.br\/wp-content\/uploads\/2024\/04\/VINI_181-300x89.jpg 300w, https:\/\/focotocantinense.com.br\/wp-content\/uploads\/2024\/04\/VINI_181-768x229.jpg 768w\" sizes=\"auto, (max-width: 843px) 100vw, 843px\" \/><\/figure>\n","protected":false},"excerpt":{"rendered":"<p>O suplente de vereador em Lagoa da Confus\u00e3o, Valmir Cardoso, se desfiliou \u00a0do Solidariedade (SD) e assinou nesta ter\u00e7a-feira, dia 2, a sua ficha de filia\u00e7\u00e3o ao\u00a0 Partido Progressista (PP). A ficha de filia\u00e7\u00e3o de Valmir foi abonada pelo presidente do PP no munic\u00edpio, Ademilton de Souza Milho, que comemorou a chegada do novo integrante &hellip;<\/p>\n","protected":false},"author":5,"featured_media":7212,"comment_status":"open","ping_status":"open","sticky":false,"template":"","format":"standard","meta":{"footnotes":""},"categories":[40],"tags":[],"class_list":["post-7211","post","type-post","status-publish","format-standard","has-post-thumbnail","","category-politica"],"_links":{"self":[{"href":"https:\/\/focotocantinense.com.br\/index.php?rest_route=\/wp\/v2\/posts\/7211","targetHints":{"allow":["GET"]}}],"collection":[{"href":"https:\/\/focotocantinense.com.br\/index.php?rest_route=\/wp\/v2\/posts"}],"about":[{"href":"https:\/\/focotocantinense.com.br\/index.php?rest_route=\/wp\/v2\/types\/post"}],"author":[{"embeddable":true,"href":"https:\/\/focotocantinense.com.br\/index.php?rest_route=\/wp\/v2\/users\/5"}],"replies":[{"embeddable":true,"href":"https:\/\/focotocantinense.com.br\/index.php?rest_route=%2Fwp%2Fv2%2Fcomments&post=7211"}],"version-history":[{"count":5,"href":"https:\/\/focotocantinense.com.br\/index.php?rest_route=\/wp\/v2\/posts\/7211\/revisions"}],"predecessor-version":[{"id":7217,"href":"https:\/\/focotocantinense.com.br\/index.php?rest_route=\/wp\/v2\/posts\/7211\/revisions\/7217"}],"wp:featuredmedia":[{"embeddable":true,"href":"https:\/\/focotocantinense.com.br\/index.php?rest_route=\/wp\/v2\/media\/7212"}],"wp:attachment":[{"href":"https:\/\/focotocantinense.com.br\/index.php?rest_route=%2Fwp%2Fv2%2Fmedia&parent=7211"}],"wp:term":[{"taxonomy":"category","embeddable":true,"href":"https:\/\/focotocantinense.com.br\/index.php?rest_route=%2Fwp%2Fv2%2Fcategories&post=7211"},{"taxonomy":"post_tag","embeddable":true,"href":"https:\/\/focotocantinense.com.br\/index.php?rest_route=%2Fwp%2Fv2%2Ftags&post=7211"}],"curies":[{"name":"wp","href":"https:\/\/api.w.org\/{rel}","templated":true}]}}