{"id":7199,"date":"2024-04-01T14:56:29","date_gmt":"2024-04-01T17:56:29","guid":{"rendered":"https:\/\/focotocantinense.com.br\/?p=7199"},"modified":"2024-04-01T14:57:46","modified_gmt":"2024-04-01T17:57:46","slug":"com-a-presenca-de-autoridades-vereador-soares-filho-se-filia-ao-pp","status":"publish","type":"post","link":"https:\/\/focotocantinense.com.br\/?p=7199","title":{"rendered":"Com a presen\u00e7a de autoridades, vereador Soares Filho se filia ao PP"},"content":{"rendered":"\n<p>Ao lado do presidente do diret\u00f3rio estadual Vicentinho J\u00fanior, do deputado federal Antonio Andrade e de Otoniel Andrade, Soares refor\u00e7ou seu compromisso com os interesses da popula\u00e7\u00e3o<\/p>\n\n\n\n<p>O vereador Soares Filho, \u00e9 o mais novo filiado do Progressistas. O an\u00fancio, assim como a filia\u00e7\u00e3o foi feito nesta segunda-feira, 1, de abril em Palmas.<\/p>\n\n\n\n<p>Na oportunidade, estiveram presentes o deputado federal Antonio Andrade (Republicanos), o presidente do diret\u00f3rio estadual do PP, deputado Vicentinho J\u00fanior e o ex-prefeito de Porto Nacional, Otoniel Andrade.<\/p>\n\n\n\n<p>Na ocasi\u00e3o, Soares agradeceu ao Solidariedade, destacando estar contente e animado com o in\u00edcio de uma nova jornada em sua trajet\u00f3ria pol\u00edtica no PP, mas seguir\u00e1 trabalhando em conjunto.<\/p>\n\n\n\n<p>\u201cO Progressistas \u00e9 um partido que admiro, e o Vicentinho J\u00fanior \u00e9 um grande parceiro que j\u00e1 fez muito por Luzimangues, estando presente e destinando recursos em diversas \u00e1reas. Por isso, estou bem tranquilo e convicto das minhas decis\u00f5es, sou muito grato pela acolhida no partido. O foco agora \u00e9 seguir trabalhando e defendendo os interesses da popula\u00e7\u00e3o\u201d, frisou o vereador.<\/p>\n\n\n\n<figure class=\"wp-block-gallery has-nested-images columns-default is-cropped wp-block-gallery-1 is-layout-flex wp-block-gallery-is-layout-flex\">\n<figure class=\"wp-block-image\"><img decoding=\"async\" src=\"blob:https:\/\/focotocantinense.com.br\/d2fd523d-952e-4d39-add8-149109d06e38\" alt=\"\"\/><\/figure>\n<\/figure>\n","protected":false},"excerpt":{"rendered":"<p>Ao lado do presidente do diret\u00f3rio estadual Vicentinho J\u00fanior, do deputado federal Antonio Andrade e de Otoniel Andrade, Soares refor\u00e7ou seu compromisso com os interesses da popula\u00e7\u00e3o O vereador Soares Filho, \u00e9 o mais novo filiado do Progressistas. O an\u00fancio, assim como a filia\u00e7\u00e3o foi feito nesta segunda-feira, 1, de abril em Palmas. Na oportunidade, &hellip;<\/p>\n","protected":false},"author":5,"featured_media":7200,"comment_status":"open","ping_status":"open","sticky":false,"template":"","format":"standard","meta":{"footnotes":""},"categories":[1],"tags":[],"class_list":["post-7199","post","type-post","status-publish","format-standard","has-post-thumbnail","","category-sem-categoria"],"_links":{"self":[{"href":"https:\/\/focotocantinense.com.br\/index.php?rest_route=\/wp\/v2\/posts\/7199","targetHints":{"allow":["GET"]}}],"collection":[{"href":"https:\/\/focotocantinense.com.br\/index.php?rest_route=\/wp\/v2\/posts"}],"about":[{"href":"https:\/\/focotocantinense.com.br\/index.php?rest_route=\/wp\/v2\/types\/post"}],"author":[{"embeddable":true,"href":"https:\/\/focotocantinense.com.br\/index.php?rest_route=\/wp\/v2\/users\/5"}],"replies":[{"embeddable":true,"href":"https:\/\/focotocantinense.com.br\/index.php?rest_route=%2Fwp%2Fv2%2Fcomments&post=7199"}],"version-history":[{"count":3,"href":"https:\/\/focotocantinense.com.br\/index.php?rest_route=\/wp\/v2\/posts\/7199\/revisions"}],"predecessor-version":[{"id":7204,"href":"https:\/\/focotocantinense.com.br\/index.php?rest_route=\/wp\/v2\/posts\/7199\/revisions\/7204"}],"wp:featuredmedia":[{"embeddable":true,"href":"https:\/\/focotocantinense.com.br\/index.php?rest_route=\/wp\/v2\/media\/7200"}],"wp:attachment":[{"href":"https:\/\/focotocantinense.com.br\/index.php?rest_route=%2Fwp%2Fv2%2Fmedia&parent=7199"}],"wp:term":[{"taxonomy":"category","embeddable":true,"href":"https:\/\/focotocantinense.com.br\/index.php?rest_route=%2Fwp%2Fv2%2Fcategories&post=7199"},{"taxonomy":"post_tag","embeddable":true,"href":"https:\/\/focotocantinense.com.br\/index.php?rest_route=%2Fwp%2Fv2%2Ftags&post=7199"}],"curies":[{"name":"wp","href":"https:\/\/api.w.org\/{rel}","templated":true}]}}