{"id":7194,"date":"2024-03-29T20:08:20","date_gmt":"2024-03-29T23:08:20","guid":{"rendered":"https:\/\/focotocantinense.com.br\/?p=7194"},"modified":"2024-03-29T20:13:18","modified_gmt":"2024-03-29T23:13:18","slug":"em-tocantinopolis-vereador-delegado-tiago-daniel-parabeniza-os-jovens-no-dia-mundial-da-juventude","status":"publish","type":"post","link":"https:\/\/focotocantinense.com.br\/?p=7194","title":{"rendered":"Em Tocantin\u00f3polis,\u00a0 vereador Delegado Tiago Daniel \u00a0parabeniza os jovens no Dia Mundial da Juventude"},"content":{"rendered":"\n<p>O Dia Mundial da Juventude celebra-se anualmente no dia 30 de mar\u00e7o, com o objetivo de reconhecer o papel fundamental dos jovens nas sociedades. Este dia afirma-se como uma oportunidade de chamar a aten\u00e7\u00e3o da comunidade internacional para as quest\u00f5es juvenis.&nbsp;<\/p>\n\n\n\n<p><br>\u201cVivemos em um momento com v\u00e1rios desafios para a juventude. Emprego e renda talvez sejam as principais barreiras a serem vencidas. \u00c9 necess\u00e1rio a realiza\u00e7\u00e3o de a\u00e7\u00f5es para garantir a qualifica\u00e7\u00e3o dos jovens e tamb\u00e9m propostas e projetos que estejam em sintonia com as suas necessidades, desejos e sonhos\u201d, declarou o Delegado Tiago Daniel de Moraes, vereador em Tocantin\u00f3polis..<\/p>\n\n\n\n<p>A data \u00e9 marcada para celebrar a contribui\u00e7\u00e3o dos jovens na cria\u00e7\u00e3o da sociedade e acontecem atos de conscientiza\u00e7\u00e3o para os desafios que ter\u00e3o de enfrentar.<\/p>\n\n\n\n<p>Todos os anos, a Organiza\u00e7\u00e3o das Na\u00e7\u00f5es Unidas escolhe um tema para ser discutido (sa\u00fade, emprego e estabilidade social) junto aos jovens que ainda ter\u00e3o v\u00e1rios desafios pela frente. De acordo com a ONU, \u201cos jovens devem estar na vanguarda das inova\u00e7\u00f5es e mudan\u00e7as globais\u201d.<\/p>\n\n\n\n<figure class=\"wp-block-image size-large\"><img loading=\"lazy\" decoding=\"async\" width=\"819\" height=\"1024\" src=\"https:\/\/focotocantinense.com.br\/wp-content\/uploads\/2024\/03\/431946251_18423162190029384_8989472867671482918_n-819x1024.jpg\" alt=\"\" class=\"wp-image-7195\" srcset=\"https:\/\/focotocantinense.com.br\/wp-content\/uploads\/2024\/03\/431946251_18423162190029384_8989472867671482918_n-819x1024.jpg 819w, https:\/\/focotocantinense.com.br\/wp-content\/uploads\/2024\/03\/431946251_18423162190029384_8989472867671482918_n-240x300.jpg 240w, https:\/\/focotocantinense.com.br\/wp-content\/uploads\/2024\/03\/431946251_18423162190029384_8989472867671482918_n-768x960.jpg 768w, https:\/\/focotocantinense.com.br\/wp-content\/uploads\/2024\/03\/431946251_18423162190029384_8989472867671482918_n.jpg 900w\" sizes=\"auto, (max-width: 819px) 100vw, 819px\" \/><\/figure>\n\n\n\n<p><\/p>\n\n\n\n<figure class=\"wp-block-image size-full\"><img loading=\"lazy\" decoding=\"async\" width=\"843\" height=\"251\" src=\"https:\/\/focotocantinense.com.br\/wp-content\/uploads\/2024\/03\/VINI_181-20.jpg\" alt=\"\" class=\"wp-image-7196\" srcset=\"https:\/\/focotocantinense.com.br\/wp-content\/uploads\/2024\/03\/VINI_181-20.jpg 843w, https:\/\/focotocantinense.com.br\/wp-content\/uploads\/2024\/03\/VINI_181-20-300x89.jpg 300w, https:\/\/focotocantinense.com.br\/wp-content\/uploads\/2024\/03\/VINI_181-20-768x229.jpg 768w\" sizes=\"auto, (max-width: 843px) 100vw, 843px\" \/><\/figure>\n","protected":false},"excerpt":{"rendered":"<p>O Dia Mundial da Juventude celebra-se anualmente no dia 30 de mar\u00e7o, com o objetivo de reconhecer o papel fundamental dos jovens nas sociedades. Este dia afirma-se como uma oportunidade de chamar a aten\u00e7\u00e3o da comunidade internacional para as quest\u00f5es juvenis.&nbsp; \u201cVivemos em um momento com v\u00e1rios desafios para a juventude. Emprego e renda talvez &hellip;<\/p>\n","protected":false},"author":5,"featured_media":7198,"comment_status":"open","ping_status":"open","sticky":false,"template":"","format":"standard","meta":{"footnotes":""},"categories":[87],"tags":[],"class_list":["post-7194","post","type-post","status-publish","format-standard","has-post-thumbnail","","category-tocantinopolis"],"_links":{"self":[{"href":"https:\/\/focotocantinense.com.br\/index.php?rest_route=\/wp\/v2\/posts\/7194","targetHints":{"allow":["GET"]}}],"collection":[{"href":"https:\/\/focotocantinense.com.br\/index.php?rest_route=\/wp\/v2\/posts"}],"about":[{"href":"https:\/\/focotocantinense.com.br\/index.php?rest_route=\/wp\/v2\/types\/post"}],"author":[{"embeddable":true,"href":"https:\/\/focotocantinense.com.br\/index.php?rest_route=\/wp\/v2\/users\/5"}],"replies":[{"embeddable":true,"href":"https:\/\/focotocantinense.com.br\/index.php?rest_route=%2Fwp%2Fv2%2Fcomments&post=7194"}],"version-history":[{"count":1,"href":"https:\/\/focotocantinense.com.br\/index.php?rest_route=\/wp\/v2\/posts\/7194\/revisions"}],"predecessor-version":[{"id":7197,"href":"https:\/\/focotocantinense.com.br\/index.php?rest_route=\/wp\/v2\/posts\/7194\/revisions\/7197"}],"wp:featuredmedia":[{"embeddable":true,"href":"https:\/\/focotocantinense.com.br\/index.php?rest_route=\/wp\/v2\/media\/7198"}],"wp:attachment":[{"href":"https:\/\/focotocantinense.com.br\/index.php?rest_route=%2Fwp%2Fv2%2Fmedia&parent=7194"}],"wp:term":[{"taxonomy":"category","embeddable":true,"href":"https:\/\/focotocantinense.com.br\/index.php?rest_route=%2Fwp%2Fv2%2Fcategories&post=7194"},{"taxonomy":"post_tag","embeddable":true,"href":"https:\/\/focotocantinense.com.br\/index.php?rest_route=%2Fwp%2Fv2%2Ftags&post=7194"}],"curies":[{"name":"wp","href":"https:\/\/api.w.org\/{rel}","templated":true}]}}