{"id":7174,"date":"2024-03-29T15:53:35","date_gmt":"2024-03-29T18:53:35","guid":{"rendered":"https:\/\/focotocantinense.com.br\/?p=7174"},"modified":"2024-03-29T15:53:36","modified_gmt":"2024-03-29T18:53:36","slug":"governador-wanderlei-barbosa-oficializa-estadualizacao-de-estrada-que-liga-parana-ao-estado-de-goias","status":"publish","type":"post","link":"https:\/\/focotocantinense.com.br\/?p=7174","title":{"rendered":"Governador Wanderlei Barbosa oficializa estadualiza\u00e7\u00e3o de estrada que liga Paran\u00e3 ao estado de Goi\u00e1s"},"content":{"rendered":"\n<p>O governador do Tocantins, Wanderlei Barbosa, acompanhado da primeira-dama Karynne Sotero, oficializou nesta quinta-feira, 28, a estadualiza\u00e7\u00e3o do trecho que interliga a TO-387 ao distrito de Campo Alegre, em Paran\u00e3, e \u00e0 divisa com o estado de Goi\u00e1s. A assinatura da Lei 4.389, de 28 de mar\u00e7o de 2024, ocorreu em solenidade realizada na Escola Estadual Floresta, no munic\u00edpio de Paran\u00e3.<\/p>\n\n\n\n<p>O trecho conta com 115 km e constitui uma importante via de acesso para produtores rurais de toda a regi\u00e3o. A iniciativa vai permitir que o Governo do Tocantins realize melhorias, favorecendo tamb\u00e9m o turismo, uma vez que Paran\u00e3 e regi\u00e3o fazem parte do roteiro tur\u00edstico do sudeste tocantinense, facilitando o acesso aos principais atrativos e ao estado de Goi\u00e1s.<\/p>\n\n\n\n<p>&#8220;Vamos realizar o projeto executivo para lan\u00e7armos o asfalto no pr\u00f3ximo ano. Com essa obra, vamos ligar as Serras Gerais do Tocantins \u00e0 Chapada dos Veadeiros, em Goi\u00e1s. Isso traz esperan\u00e7a de dias ainda melhores para o nosso povo&#8221;, ressaltou o governador Wanderlei Barbosa.&nbsp;<\/p>\n\n\n\n<p>O prefeito de Paran\u00e3, F\u00e1bio da Farm\u00e1cia, destacou o evento como um dia hist\u00f3rico para o munic\u00edpio e, principalmente, para a popula\u00e7\u00e3o de Campo Alegre. &#8220;O Governador sempre estendeu a m\u00e3o para Paran\u00e3. Essa estadualiza\u00e7\u00e3o abre perspectivas de melhorias para cerca de 8 mil pessoas que utilizam esse trajeto&#8221;, pontuou o gestor.&nbsp;<\/p>\n\n\n\n<p>A proposta de transferir a estrada do munic\u00edpio de Paran\u00e3 para o estado do Tocantins \u00e9 do deputado estadual Valdemar J\u00fanior, aprovada por unanimidade na Assembleia Legislativa do Tocantins (Aleto) e sancionada pelo governador Wanderlei Barbosa. &#8220;Atendemos uma reivindica\u00e7\u00e3o do prefeito de Paran\u00e3 e da popula\u00e7\u00e3o da regi\u00e3o, porque precisamos de uma estrada em boas condi\u00e7\u00f5es ligando essa regi\u00e3o ao Goi\u00e1s, para promovermos a agricultura, a pecu\u00e1ria e o turismo&#8221;, salientou o deputado.&nbsp;<\/p>\n\n\n\n<p>O presidente da Ag\u00eancia de Transportes, Obras e Infraestrutura (Ageto), M\u00e1rcio Pinheiro, adiantou que a determina\u00e7\u00e3o do governador Wanderlei Barbosa \u00e9 proporcionar melhores condi\u00e7\u00f5es de trafegabilidade aos usu\u00e1rios da rodovia. &#8220;J\u00e1 percorremos o trecho para conhecer, ent\u00e3o, em um primeiro momento, o que temos que fazer \u00e9 proporcionar melhores condi\u00e7\u00f5es de trafegabilidade&#8221;, explicou.<\/p>\n\n\n\n<p>&#8220;O governador Wanderlei Barbosa est\u00e1 permitindo que essas maravilhas do Tocantins possam ser acessadas pelo Brasil, pelo mundo e Campo Alegre ainda vai ser muita not\u00edcia&#8221;, comentou o secret\u00e1rio de Estado do Turismo, Hercy Filho.<\/p>\n\n\n\n<p>O agricultor Luziano Torres falou sobre as perspectivas de melhorias do trecho rodovi\u00e1rio. &#8220;Voc\u00eas n\u00e3o imaginam a alegria em ver que o governador Wanderlei Barbosa veio aqui e com boas not\u00edcias. Essa estrada agora vai melhorar e facilitar para n\u00f3s que moramos na ro\u00e7a e desenvolver essa regi\u00e3o&#8221;, comemorou.&nbsp;<\/p>\n\n\n\n<p>Tamb\u00e9m participaram do evento os secret\u00e1rios de Estado da Educa\u00e7\u00e3o, F\u00e1bio Vaz; do Meio Ambiente e Recurso H\u00eddricos, Marcello Lelis; e o secret\u00e1rio-chefe da Casa Civil, Deocleciano Gomes.<\/p>\n\n\n\n<p><strong>Cidad\u00e3o Honor\u00e1rio&nbsp;<\/strong><\/p>\n\n\n\n<p>Na solenidade, o governador Wanderlei Barbosa foi agraciado com o\u00a0<em>T\u00edtulo de Cidad\u00e3o Paran\u00e3ense<\/em>. A honraria foi concedida pela C\u00e2mara de Vereadores de Paran\u00e3 e entregue pelo presidente da Casa de Leis, vereador Adjailton Carioca.\u00a0<\/p>\n\n\n\n<figure class=\"wp-block-image\"><img decoding=\"async\" src=\"https:\/\/central.to.gov.br\/image\/370552?w=670&amp;h=383\" alt=\"\"\/><\/figure>\n\n\n\n<p><em><strong>O governador Wanderlei Barbosa destacou que com essa obra, o Governo do Tocantins vai ligar as Serras Gerais \u00e0 Chapada dos Veadeiros, em Goi\u00e1s &#8211; Foto:\u00a0 Marcio Vieira\/Governo do Tocantins\u00a0<\/strong><\/em><\/p>\n\n\n\n<figure class=\"wp-block-image size-large\"><img loading=\"lazy\" decoding=\"async\" width=\"1024\" height=\"585\" src=\"https:\/\/focotocantinense.com.br\/wp-content\/uploads\/2024\/03\/f1_governador_wanderlei_barbosa_no_momento_da_assinatura_da_lei_4389_que_estadualiza_a_rodovia_vicinal_foto_marcio_vieira_governo_do_tocantinsjpg-1024x585.jpg\" alt=\"\" class=\"wp-image-7175\" srcset=\"https:\/\/focotocantinense.com.br\/wp-content\/uploads\/2024\/03\/f1_governador_wanderlei_barbosa_no_momento_da_assinatura_da_lei_4389_que_estadualiza_a_rodovia_vicinal_foto_marcio_vieira_governo_do_tocantinsjpg-1024x585.jpg 1024w, https:\/\/focotocantinense.com.br\/wp-content\/uploads\/2024\/03\/f1_governador_wanderlei_barbosa_no_momento_da_assinatura_da_lei_4389_que_estadualiza_a_rodovia_vicinal_foto_marcio_vieira_governo_do_tocantinsjpg-300x171.jpg 300w, https:\/\/focotocantinense.com.br\/wp-content\/uploads\/2024\/03\/f1_governador_wanderlei_barbosa_no_momento_da_assinatura_da_lei_4389_que_estadualiza_a_rodovia_vicinal_foto_marcio_vieira_governo_do_tocantinsjpg-768x439.jpg 768w, https:\/\/focotocantinense.com.br\/wp-content\/uploads\/2024\/03\/f1_governador_wanderlei_barbosa_no_momento_da_assinatura_da_lei_4389_que_estadualiza_a_rodovia_vicinal_foto_marcio_vieira_governo_do_tocantinsjpg-1536x877.jpg 1536w, https:\/\/focotocantinense.com.br\/wp-content\/uploads\/2024\/03\/f1_governador_wanderlei_barbosa_no_momento_da_assinatura_da_lei_4389_que_estadualiza_a_rodovia_vicinal_foto_marcio_vieira_governo_do_tocantinsjpg-2048x1170.jpg 2048w\" sizes=\"auto, (max-width: 1024px) 100vw, 1024px\" \/><\/figure>\n\n\n\n<p><\/p>\n\n\n\n<p><\/p>\n\n\n\n<p><\/p>\n\n\n\n<figure class=\"wp-block-image size-full\"><img loading=\"lazy\" decoding=\"async\" width=\"843\" height=\"251\" src=\"https:\/\/focotocantinense.com.br\/wp-content\/uploads\/2024\/03\/VINI_181-18.jpg\" alt=\"\" class=\"wp-image-7176\" srcset=\"https:\/\/focotocantinense.com.br\/wp-content\/uploads\/2024\/03\/VINI_181-18.jpg 843w, https:\/\/focotocantinense.com.br\/wp-content\/uploads\/2024\/03\/VINI_181-18-300x89.jpg 300w, https:\/\/focotocantinense.com.br\/wp-content\/uploads\/2024\/03\/VINI_181-18-768x229.jpg 768w\" sizes=\"auto, (max-width: 843px) 100vw, 843px\" \/><\/figure>\n","protected":false},"excerpt":{"rendered":"<p>O governador do Tocantins, Wanderlei Barbosa, acompanhado da primeira-dama Karynne Sotero, oficializou nesta quinta-feira, 28, a estadualiza\u00e7\u00e3o do trecho que interliga a TO-387 ao distrito de Campo Alegre, em Paran\u00e3, e \u00e0 divisa com o estado de Goi\u00e1s. A assinatura da Lei 4.389, de 28 de mar\u00e7o de 2024, ocorreu em solenidade realizada na Escola &hellip;<\/p>\n","protected":false},"author":5,"featured_media":7175,"comment_status":"open","ping_status":"open","sticky":false,"template":"","format":"standard","meta":{"footnotes":""},"categories":[60],"tags":[],"class_list":["post-7174","post","type-post","status-publish","format-standard","has-post-thumbnail","","category-parana"],"_links":{"self":[{"href":"https:\/\/focotocantinense.com.br\/index.php?rest_route=\/wp\/v2\/posts\/7174","targetHints":{"allow":["GET"]}}],"collection":[{"href":"https:\/\/focotocantinense.com.br\/index.php?rest_route=\/wp\/v2\/posts"}],"about":[{"href":"https:\/\/focotocantinense.com.br\/index.php?rest_route=\/wp\/v2\/types\/post"}],"author":[{"embeddable":true,"href":"https:\/\/focotocantinense.com.br\/index.php?rest_route=\/wp\/v2\/users\/5"}],"replies":[{"embeddable":true,"href":"https:\/\/focotocantinense.com.br\/index.php?rest_route=%2Fwp%2Fv2%2Fcomments&post=7174"}],"version-history":[{"count":1,"href":"https:\/\/focotocantinense.com.br\/index.php?rest_route=\/wp\/v2\/posts\/7174\/revisions"}],"predecessor-version":[{"id":7177,"href":"https:\/\/focotocantinense.com.br\/index.php?rest_route=\/wp\/v2\/posts\/7174\/revisions\/7177"}],"wp:featuredmedia":[{"embeddable":true,"href":"https:\/\/focotocantinense.com.br\/index.php?rest_route=\/wp\/v2\/media\/7175"}],"wp:attachment":[{"href":"https:\/\/focotocantinense.com.br\/index.php?rest_route=%2Fwp%2Fv2%2Fmedia&parent=7174"}],"wp:term":[{"taxonomy":"category","embeddable":true,"href":"https:\/\/focotocantinense.com.br\/index.php?rest_route=%2Fwp%2Fv2%2Fcategories&post=7174"},{"taxonomy":"post_tag","embeddable":true,"href":"https:\/\/focotocantinense.com.br\/index.php?rest_route=%2Fwp%2Fv2%2Ftags&post=7174"}],"curies":[{"name":"wp","href":"https:\/\/api.w.org\/{rel}","templated":true}]}}