{"id":717,"date":"2021-02-18T19:29:05","date_gmt":"2021-02-18T22:29:05","guid":{"rendered":"http:\/\/focotocantinense.com.br\/?p=717"},"modified":"2021-02-18T19:29:08","modified_gmt":"2021-02-18T22:29:08","slug":"prefeitura-de-gurupi-realiza-reuniao-de-planejamento-com-secretariado-diretores-e-representantes-de-ies","status":"publish","type":"post","link":"https:\/\/focotocantinense.com.br\/?p=717","title":{"rendered":"Prefeitura de Gurupi realiza Reuni\u00e3o de Planejamento com secretariado, diretores e representantes de IES"},"content":{"rendered":"\n<p>A Prefeitura de Gurupi, em parceria com o Governo do Estado, est\u00e1 promovendo nesta quinta-feira, 18, reuni\u00e3o de planejamento com os secret\u00e1rios e diretores municipais, e representantes de Institui\u00e7\u00f5es de Ensino Superior. Vieram para abordar o tema, o secret\u00e1rio estadual de Planejamento e Or\u00e7amento, Sergislei Silva Moura; o superintendente de Planejamento Governamental, Romildo Leite e o economista e gerente de Desenvolvimento Regional, Raimundo Nonato Cas\u00e9 de Brito. O encontro est\u00e1 sendo realizado no Centro de Conven\u00e7\u00f5es Mauro Cunha, e seguir\u00e1 nesta tarde.&nbsp;<\/p>\n\n\n\n<p>Durante a manh\u00e3 foram demonstradas as metodologias utilizadas na elabora\u00e7\u00e3o do Plano Plurianual (PPA), das consultas p\u00fablicas, nas quais s\u00e3o discutidas as diretrizes para a forma\u00e7\u00e3o do PPA, que \u00e9 o documento que nortear\u00e1 as a\u00e7\u00f5es da administra\u00e7\u00e3o p\u00fablica, e tamb\u00e9m as poss\u00edveis formata\u00e7\u00f5es para a realiza\u00e7\u00e3o do planejamento em Gurupi, tendo em vista a pandemia do Coronav\u00edrus.<\/p>\n\n\n\n<p>A prefeita Josi Nunes falou da parceria do governo do Estado para a realiza\u00e7\u00e3o desse encontro, bem como da import\u00e2ncia de trabalhar em sintonia. \u201cIsso \u00e9 fruto da parceria e apoio integral que temos do governador Mauro Carlesse. O objetivo \u00e9 pensar o processo de planejamento. \u00c9 fazer tamb\u00e9m uma prospec\u00e7\u00e3o para o futuro, em cima do que n\u00f3s temos, do que queremos alcan\u00e7ar. N\u00f3s temos um instrumento norteador, que \u00e9 o nosso plano de governo, mas que n\u00e3o \u00e9 r\u00edgido, ele poder\u00e1 e, com certeza, sofrer\u00e1 algumas altera\u00e7\u00f5es, que vai depender muito desse di\u00e1logo que vamos ter daqui para frente, entre n\u00f3s, entre as Institui\u00e7\u00f5es de Ensino Superior e com a sociedade organizada. O nosso objetivo \u00e9 trabalhar para que possamos apresentar resultados efetivos para a nossa sociedade e para fazermos isso temos que estar em sintonia\u201d, disse.<\/p>\n\n\n\n<p>O Secret\u00e1rio estadual Sergislei falou sobre a elabora\u00e7\u00e3o do PPA. \u201cA gest\u00e3o municipal tem que fazer, no primeiro ano de gest\u00e3o, o Plano Plurianual (PPA) para os pr\u00f3ximos quatro anos. \u00c9 o planejamento das principais a\u00e7\u00f5es e dos resultados que possam ser entregues \u00e0 popula\u00e7\u00e3o. Tudo que \u00e9 referenciado dentro de uma gest\u00e3o p\u00fablica tem que ser planejado. O PPA \u00e9 uma a\u00e7\u00e3o important\u00edssima, que deve ser discutida com a popula\u00e7\u00e3o. O objetivo principal de hoje \u00e9 fazer uma demonstra\u00e7\u00e3o do que \u00e9 o PPA, demonstrar qual a sensibiliza\u00e7\u00e3o que se pode chegar no munic\u00edpio de Gurupi\u201d, explicou.<\/p>\n\n\n\n<p>Al\u00e9m dos secret\u00e1rios e diretores municipais participaram do encontro, representando as IES, o presidente da Funda\u00e7\u00e3o UnirG, Thiago Miranda, o diretor do IFTO, Marcelo Terra, e o diretor da UFT, Rodrigo Tavares.<\/p>\n","protected":false},"excerpt":{"rendered":"<p>A Prefeitura de Gurupi, em parceria com o Governo do Estado, est\u00e1 promovendo nesta quinta-feira, 18, reuni\u00e3o de planejamento com os secret\u00e1rios e diretores municipais, e representantes de Institui\u00e7\u00f5es de Ensino Superior. Vieram para abordar o tema, o secret\u00e1rio estadual de Planejamento e Or\u00e7amento, Sergislei Silva Moura; o superintendente de Planejamento Governamental, Romildo Leite e &hellip;<\/p>\n","protected":false},"author":1,"featured_media":718,"comment_status":"open","ping_status":"open","sticky":false,"template":"","format":"standard","meta":{"footnotes":""},"categories":[38,1],"tags":[],"class_list":["post-717","post","type-post","status-publish","format-standard","has-post-thumbnail","","category-gurupi","category-sem-categoria"],"_links":{"self":[{"href":"https:\/\/focotocantinense.com.br\/index.php?rest_route=\/wp\/v2\/posts\/717","targetHints":{"allow":["GET"]}}],"collection":[{"href":"https:\/\/focotocantinense.com.br\/index.php?rest_route=\/wp\/v2\/posts"}],"about":[{"href":"https:\/\/focotocantinense.com.br\/index.php?rest_route=\/wp\/v2\/types\/post"}],"author":[{"embeddable":true,"href":"https:\/\/focotocantinense.com.br\/index.php?rest_route=\/wp\/v2\/users\/1"}],"replies":[{"embeddable":true,"href":"https:\/\/focotocantinense.com.br\/index.php?rest_route=%2Fwp%2Fv2%2Fcomments&post=717"}],"version-history":[{"count":1,"href":"https:\/\/focotocantinense.com.br\/index.php?rest_route=\/wp\/v2\/posts\/717\/revisions"}],"predecessor-version":[{"id":719,"href":"https:\/\/focotocantinense.com.br\/index.php?rest_route=\/wp\/v2\/posts\/717\/revisions\/719"}],"wp:featuredmedia":[{"embeddable":true,"href":"https:\/\/focotocantinense.com.br\/index.php?rest_route=\/wp\/v2\/media\/718"}],"wp:attachment":[{"href":"https:\/\/focotocantinense.com.br\/index.php?rest_route=%2Fwp%2Fv2%2Fmedia&parent=717"}],"wp:term":[{"taxonomy":"category","embeddable":true,"href":"https:\/\/focotocantinense.com.br\/index.php?rest_route=%2Fwp%2Fv2%2Fcategories&post=717"},{"taxonomy":"post_tag","embeddable":true,"href":"https:\/\/focotocantinense.com.br\/index.php?rest_route=%2Fwp%2Fv2%2Ftags&post=717"}],"curies":[{"name":"wp","href":"https:\/\/api.w.org\/{rel}","templated":true}]}}