{"id":7168,"date":"2024-03-28T17:10:24","date_gmt":"2024-03-28T20:10:24","guid":{"rendered":"https:\/\/focotocantinense.com.br\/?p=7168"},"modified":"2024-03-28T17:11:42","modified_gmt":"2024-03-28T20:11:42","slug":"prefeitura-de-sao-valerio-intensifica-compromisso-com-a-educacao-ao-visitar-escola-de-tempo-integral","status":"publish","type":"post","link":"https:\/\/focotocantinense.com.br\/?p=7168","title":{"rendered":"Prefeitura de S\u00e3o Val\u00e9rio intensifica compromisso com a educa\u00e7\u00e3o ao visitar Escola de Tempo Integral"},"content":{"rendered":"\n<p><strong>Por Jonas Amaral<\/strong><\/p>\n\n\n\n<p>Na manh\u00e3 ensolarada da \u00faltima ter\u00e7a-feira, dia 26 de mar\u00e7o, uma comitiva composta pelo Prefeito de S\u00e3o Val\u00e9rio, Ol\u00edmpio Arraes, a Primeira-dama e secret\u00e1ria de Assist\u00eancia Social Iseni Arraes, a secret\u00e1ria Municipal de Educa\u00e7\u00e3o Maria Nelcilene, al\u00e9m de demais secret\u00e1rios, vereadores, a Diretora do Col\u00e9gio Municipal, C\u00e9lia Maria, e servidores municipais, realizaram uma visita emblem\u00e1tica \u00e0 rec\u00e9m-constru\u00edda Escola de Tempo Integral.<\/p>\n\n\n\n<p>Com 12 amplas salas e sua parte f\u00edsica e estrutural finalizada, a Escola de Tempo Integral representa o compromisso da gest\u00e3o municipal com a educa\u00e7\u00e3o de qualidade em S\u00e3o Val\u00e9rio. O pr\u00f3ximo passo, como destacado durante a visita, \u00e9 a aquisi\u00e7\u00e3o de todo o mobili\u00e1rio necess\u00e1rio para o pleno funcionamento da institui\u00e7\u00e3o, visando proporcionar aos alunos um ambiente prop\u00edcio ao aprendizado e aos servidores condi\u00e7\u00f5es adequadas para o exerc\u00edcio de suas fun\u00e7\u00f5es.<\/p>\n\n\n\n<p>Em sua fala durante a visita, o Prefeito Ol\u00edmpio Arraes enfatizou o compromisso inabal\u00e1vel da administra\u00e7\u00e3o municipal com a educa\u00e7\u00e3o:&nbsp;<em>\u201cInvestir na educa\u00e7\u00e3o \u00e9 investir no futuro de nossa cidade. Estamos empenhados em proporcionar aos nossos alunos uma educa\u00e7\u00e3o de qualidade, com estruturas adequadas e profissionais capacitados. A conclus\u00e3o da Escola de Tempo Integral \u00e9 apenas o primeiro passo de uma jornada que busca sempre o melhor para nossa comunidade escolar\u201d,&nbsp;<\/em>destacou o gestor.<\/p>\n\n\n\n<figure class=\"wp-block-image size-large is-resized\"><img loading=\"lazy\" decoding=\"async\" width=\"1024\" height=\"851\" src=\"https:\/\/focotocantinense.com.br\/wp-content\/uploads\/2024\/03\/AAAAA-2-1024x851.jpg\" alt=\"\" class=\"wp-image-7169\" style=\"width:408px;height:auto\" srcset=\"https:\/\/focotocantinense.com.br\/wp-content\/uploads\/2024\/03\/AAAAA-2-1024x851.jpg 1024w, https:\/\/focotocantinense.com.br\/wp-content\/uploads\/2024\/03\/AAAAA-2-300x249.jpg 300w, https:\/\/focotocantinense.com.br\/wp-content\/uploads\/2024\/03\/AAAAA-2-768x638.jpg 768w, https:\/\/focotocantinense.com.br\/wp-content\/uploads\/2024\/03\/AAAAA-2.jpg 1328w\" sizes=\"auto, (max-width: 1024px) 100vw, 1024px\" \/><\/figure>\n\n\n\n<figure class=\"wp-block-image size-large\"><img loading=\"lazy\" decoding=\"async\" width=\"1024\" height=\"851\" src=\"https:\/\/focotocantinense.com.br\/wp-content\/uploads\/2024\/03\/BBBB-5-1024x851.jpg\" alt=\"\" class=\"wp-image-7170\" srcset=\"https:\/\/focotocantinense.com.br\/wp-content\/uploads\/2024\/03\/BBBB-5-1024x851.jpg 1024w, https:\/\/focotocantinense.com.br\/wp-content\/uploads\/2024\/03\/BBBB-5-300x249.jpg 300w, https:\/\/focotocantinense.com.br\/wp-content\/uploads\/2024\/03\/BBBB-5-768x638.jpg 768w, https:\/\/focotocantinense.com.br\/wp-content\/uploads\/2024\/03\/BBBB-5.jpg 1328w\" sizes=\"auto, (max-width: 1024px) 100vw, 1024px\" \/><\/figure>\n\n\n\n<p><\/p>\n\n\n\n<p>J\u00e1 a secret\u00e1ria Municipal de Educa\u00e7\u00e3o, Maria Nelcilene, ressaltou a import\u00e2ncia da colabora\u00e7\u00e3o de todos os envolvidos para o sucesso desse empreendimento educacional:<em>\u00a0\u201cEstamos construindo mais do que uma escola, estamos construindo oportunidades para nossos jovens. Com o apoio de toda a comunidade escolar, iremos garantir que a Escola de Tempo Integral seja um espa\u00e7o de aprendizado e crescimento para nossos alunos, preparando-os para os desafios do mundo moderno\u201d,\u00a0<\/em>comentou a secret\u00e1ria.<\/p>\n\n\n\n<p>A visita \u00e0 Escola de Tempo Integral representa um marco significativo na trajet\u00f3ria educacional de S\u00e3o Val\u00e9rio, destacando o comprometimento da gest\u00e3o municipal com a constante melhoria da qualidade de ensino e da infraestrutura oferecida tanto aos alunos quanto aos servidores. Este evento refor\u00e7a o papel fundamental da educa\u00e7\u00e3o como alicerce para o progresso social e econ\u00f4mico da comunidade de S\u00e3o Val\u00e9rio.<\/p>\n\n\n\n<figure class=\"wp-block-image\"><img decoding=\"async\" src=\"http:\/\/n1to.com.br\/img\/uploads\/VINI_181_176.jpg\" alt=\"\"\/><\/figure>\n","protected":false},"excerpt":{"rendered":"<p>Por Jonas Amaral Na manh\u00e3 ensolarada da \u00faltima ter\u00e7a-feira, dia 26 de mar\u00e7o, uma comitiva composta pelo Prefeito de S\u00e3o Val\u00e9rio, Ol\u00edmpio Arraes, a Primeira-dama e secret\u00e1ria de Assist\u00eancia Social Iseni Arraes, a secret\u00e1ria Municipal de Educa\u00e7\u00e3o Maria Nelcilene, al\u00e9m de demais secret\u00e1rios, vereadores, a Diretora do Col\u00e9gio Municipal, C\u00e9lia Maria, e servidores municipais, realizaram &hellip;<\/p>\n","protected":false},"author":5,"featured_media":7169,"comment_status":"open","ping_status":"open","sticky":false,"template":"","format":"standard","meta":{"footnotes":""},"categories":[57],"tags":[],"class_list":["post-7168","post","type-post","status-publish","format-standard","has-post-thumbnail","","category-sao-valerio"],"_links":{"self":[{"href":"https:\/\/focotocantinense.com.br\/index.php?rest_route=\/wp\/v2\/posts\/7168","targetHints":{"allow":["GET"]}}],"collection":[{"href":"https:\/\/focotocantinense.com.br\/index.php?rest_route=\/wp\/v2\/posts"}],"about":[{"href":"https:\/\/focotocantinense.com.br\/index.php?rest_route=\/wp\/v2\/types\/post"}],"author":[{"embeddable":true,"href":"https:\/\/focotocantinense.com.br\/index.php?rest_route=\/wp\/v2\/users\/5"}],"replies":[{"embeddable":true,"href":"https:\/\/focotocantinense.com.br\/index.php?rest_route=%2Fwp%2Fv2%2Fcomments&post=7168"}],"version-history":[{"count":3,"href":"https:\/\/focotocantinense.com.br\/index.php?rest_route=\/wp\/v2\/posts\/7168\/revisions"}],"predecessor-version":[{"id":7173,"href":"https:\/\/focotocantinense.com.br\/index.php?rest_route=\/wp\/v2\/posts\/7168\/revisions\/7173"}],"wp:featuredmedia":[{"embeddable":true,"href":"https:\/\/focotocantinense.com.br\/index.php?rest_route=\/wp\/v2\/media\/7169"}],"wp:attachment":[{"href":"https:\/\/focotocantinense.com.br\/index.php?rest_route=%2Fwp%2Fv2%2Fmedia&parent=7168"}],"wp:term":[{"taxonomy":"category","embeddable":true,"href":"https:\/\/focotocantinense.com.br\/index.php?rest_route=%2Fwp%2Fv2%2Fcategories&post=7168"},{"taxonomy":"post_tag","embeddable":true,"href":"https:\/\/focotocantinense.com.br\/index.php?rest_route=%2Fwp%2Fv2%2Ftags&post=7168"}],"curies":[{"name":"wp","href":"https:\/\/api.w.org\/{rel}","templated":true}]}}