{"id":7160,"date":"2024-03-27T16:13:11","date_gmt":"2024-03-27T19:13:11","guid":{"rendered":"https:\/\/focotocantinense.com.br\/?p=7160"},"modified":"2024-03-27T16:13:40","modified_gmt":"2024-03-27T19:13:40","slug":"criancas-encantam-a-primeira-dama-samua-rosa-em-visita-a-emei-tereza-hilario-ribeiro-em-tocantinia","status":"publish","type":"post","link":"https:\/\/focotocantinense.com.br\/?p=7160","title":{"rendered":"Crian\u00e7as encantam a primeira-dama S\u00e2mua Rosa em visita a EMEI Tereza Hil\u00e1rio Ribeiro em Tocant\u00ednia"},"content":{"rendered":"\n<p>O que era para ser uma visita r\u00e1pida da primeira-dama de Tocant\u00ednia, S\u00e2mua Rosa, \u00e0 Escola Municipal de Educa\u00e7\u00e3o Infantil Tereza Hil\u00e1rio Ribeiro, nesta ter\u00e7a-feira, 26, se tornou um momento memor\u00e1vel e cheio de afeto. A espontaneidade das crian\u00e7as surpreendeu a primeira-dama, ao conhecer os espa\u00e7os onde elas passam a grande parte do tempo.<\/p>\n\n\n\n<p>Acompanhada da gestora da escola, Sueli Borges, a visita da primeira-dama come\u00e7ou no local onde acontecem as atividades de todas as turmas. Na ocasi\u00e3o, estava acontecendo \u00e0 elei\u00e7\u00e3o para representante Mirim 2024, nas turmas pr\u00e9-escolar. Essa iniciativa \u00e9 essencial para cultivar valores de participa\u00e7\u00e3o, comunica\u00e7\u00e3o e democracia desde cedo.<\/p>\n\n\n\n<p>Depois S\u00e2mua passou nas salas de atividades pedag\u00f3gicas, se interagiu e recebeu muitos carinhos das crian\u00e7as durante o encontro.<\/p>\n\n\n\n<p>A gestora Sueli, enfatizou a import\u00e2ncia da visita, \u201creceber a primeira-dama na EMEI, \u00e9 motivo de muito orgulho e alegria para todos n\u00f3s. Apresentar nosso trabalho a ela e constatar seu olhar de admira\u00e7\u00e3o nos estimula realizar um trabalho pedag\u00f3gico cada vez melhor\u201d, destacou.<\/p>\n\n\n\n<figure class=\"wp-block-image size-large is-resized\"><img loading=\"lazy\" decoding=\"async\" width=\"1024\" height=\"676\" src=\"https:\/\/focotocantinense.com.br\/wp-content\/uploads\/2024\/03\/AAAAA-1-1024x676.jpg\" alt=\"\" class=\"wp-image-7161\" style=\"width:389px;height:auto\" srcset=\"https:\/\/focotocantinense.com.br\/wp-content\/uploads\/2024\/03\/AAAAA-1-1024x676.jpg 1024w, https:\/\/focotocantinense.com.br\/wp-content\/uploads\/2024\/03\/AAAAA-1-300x198.jpg 300w, https:\/\/focotocantinense.com.br\/wp-content\/uploads\/2024\/03\/AAAAA-1-768x507.jpg 768w, https:\/\/focotocantinense.com.br\/wp-content\/uploads\/2024\/03\/AAAAA-1-1536x1015.jpg 1536w, https:\/\/focotocantinense.com.br\/wp-content\/uploads\/2024\/03\/AAAAA-1-310x205.jpg 310w, https:\/\/focotocantinense.com.br\/wp-content\/uploads\/2024\/03\/AAAAA-1.jpg 1600w\" sizes=\"auto, (max-width: 1024px) 100vw, 1024px\" \/><\/figure>\n\n\n\n<p><\/p>\n\n\n\n<figure class=\"wp-block-image size-large\"><img loading=\"lazy\" decoding=\"async\" width=\"1024\" height=\"688\" src=\"https:\/\/focotocantinense.com.br\/wp-content\/uploads\/2024\/03\/CCCC-1024x688.jpg\" alt=\"\" class=\"wp-image-7164\" srcset=\"https:\/\/focotocantinense.com.br\/wp-content\/uploads\/2024\/03\/CCCC-1024x688.jpg 1024w, https:\/\/focotocantinense.com.br\/wp-content\/uploads\/2024\/03\/CCCC-300x202.jpg 300w, https:\/\/focotocantinense.com.br\/wp-content\/uploads\/2024\/03\/CCCC-768x516.jpg 768w, https:\/\/focotocantinense.com.br\/wp-content\/uploads\/2024\/03\/CCCC-1536x1032.jpg 1536w, https:\/\/focotocantinense.com.br\/wp-content\/uploads\/2024\/03\/CCCC-110x75.jpg 110w, https:\/\/focotocantinense.com.br\/wp-content\/uploads\/2024\/03\/CCCC.jpg 1600w\" sizes=\"auto, (max-width: 1024px) 100vw, 1024px\" \/><\/figure>\n\n\n\n<p><\/p>\n\n\n\n<p><\/p>\n\n\n\n<figure class=\"wp-block-image size-large\"><img loading=\"lazy\" decoding=\"async\" width=\"1024\" height=\"737\" src=\"https:\/\/focotocantinense.com.br\/wp-content\/uploads\/2024\/03\/BBBB-4-1024x737.jpg\" alt=\"\" class=\"wp-image-7163\" srcset=\"https:\/\/focotocantinense.com.br\/wp-content\/uploads\/2024\/03\/BBBB-4-1024x737.jpg 1024w, https:\/\/focotocantinense.com.br\/wp-content\/uploads\/2024\/03\/BBBB-4-300x216.jpg 300w, https:\/\/focotocantinense.com.br\/wp-content\/uploads\/2024\/03\/BBBB-4-768x553.jpg 768w, https:\/\/focotocantinense.com.br\/wp-content\/uploads\/2024\/03\/BBBB-4-1536x1106.jpg 1536w, https:\/\/focotocantinense.com.br\/wp-content\/uploads\/2024\/03\/BBBB-4.jpg 1600w\" sizes=\"auto, (max-width: 1024px) 100vw, 1024px\" \/><\/figure>\n\n\n\n<p><\/p>\n\n\n\n<figure class=\"wp-block-image size-full\"><img loading=\"lazy\" decoding=\"async\" width=\"843\" height=\"251\" src=\"https:\/\/focotocantinense.com.br\/wp-content\/uploads\/2024\/03\/VINI_181-17.jpg\" alt=\"\" class=\"wp-image-7162\" srcset=\"https:\/\/focotocantinense.com.br\/wp-content\/uploads\/2024\/03\/VINI_181-17.jpg 843w, https:\/\/focotocantinense.com.br\/wp-content\/uploads\/2024\/03\/VINI_181-17-300x89.jpg 300w, https:\/\/focotocantinense.com.br\/wp-content\/uploads\/2024\/03\/VINI_181-17-768x229.jpg 768w\" sizes=\"auto, (max-width: 843px) 100vw, 843px\" \/><\/figure>\n","protected":false},"excerpt":{"rendered":"<p>O que era para ser uma visita r\u00e1pida da primeira-dama de Tocant\u00ednia, S\u00e2mua Rosa, \u00e0 Escola Municipal de Educa\u00e7\u00e3o Infantil Tereza Hil\u00e1rio Ribeiro, nesta ter\u00e7a-feira, 26, se tornou um momento memor\u00e1vel e cheio de afeto. A espontaneidade das crian\u00e7as surpreendeu a primeira-dama, ao conhecer os espa\u00e7os onde elas passam a grande parte do tempo. Acompanhada &hellip;<\/p>\n","protected":false},"author":5,"featured_media":7161,"comment_status":"open","ping_status":"open","sticky":false,"template":"","format":"standard","meta":{"footnotes":""},"categories":[78],"tags":[],"class_list":["post-7160","post","type-post","status-publish","format-standard","has-post-thumbnail","","category-tocantinia"],"_links":{"self":[{"href":"https:\/\/focotocantinense.com.br\/index.php?rest_route=\/wp\/v2\/posts\/7160","targetHints":{"allow":["GET"]}}],"collection":[{"href":"https:\/\/focotocantinense.com.br\/index.php?rest_route=\/wp\/v2\/posts"}],"about":[{"href":"https:\/\/focotocantinense.com.br\/index.php?rest_route=\/wp\/v2\/types\/post"}],"author":[{"embeddable":true,"href":"https:\/\/focotocantinense.com.br\/index.php?rest_route=\/wp\/v2\/users\/5"}],"replies":[{"embeddable":true,"href":"https:\/\/focotocantinense.com.br\/index.php?rest_route=%2Fwp%2Fv2%2Fcomments&post=7160"}],"version-history":[{"count":2,"href":"https:\/\/focotocantinense.com.br\/index.php?rest_route=\/wp\/v2\/posts\/7160\/revisions"}],"predecessor-version":[{"id":7166,"href":"https:\/\/focotocantinense.com.br\/index.php?rest_route=\/wp\/v2\/posts\/7160\/revisions\/7166"}],"wp:featuredmedia":[{"embeddable":true,"href":"https:\/\/focotocantinense.com.br\/index.php?rest_route=\/wp\/v2\/media\/7161"}],"wp:attachment":[{"href":"https:\/\/focotocantinense.com.br\/index.php?rest_route=%2Fwp%2Fv2%2Fmedia&parent=7160"}],"wp:term":[{"taxonomy":"category","embeddable":true,"href":"https:\/\/focotocantinense.com.br\/index.php?rest_route=%2Fwp%2Fv2%2Fcategories&post=7160"},{"taxonomy":"post_tag","embeddable":true,"href":"https:\/\/focotocantinense.com.br\/index.php?rest_route=%2Fwp%2Fv2%2Ftags&post=7160"}],"curies":[{"name":"wp","href":"https:\/\/api.w.org\/{rel}","templated":true}]}}