{"id":7152,"date":"2024-03-26T17:17:14","date_gmt":"2024-03-26T20:17:14","guid":{"rendered":"https:\/\/focotocantinense.com.br\/?p=7152"},"modified":"2024-03-26T17:17:15","modified_gmt":"2024-03-26T20:17:15","slug":"roda-de-conversa-em-tocantinia-foca-sobre-a-importancia-da-diversidade-na-escola","status":"publish","type":"post","link":"https:\/\/focotocantinense.com.br\/?p=7152","title":{"rendered":"Roda de conversa em Tocant\u00ednia foca sobre a import\u00e2ncia da diversidade na escola"},"content":{"rendered":"\n<p><strong>Por Zacarias Martins<\/strong><\/p>\n\n\n\n<p><br>Dentro do leque de a\u00e7\u00f5es do Projeto Leitura Viva, colocado \u00a0em pr\u00e1tica pela Secretaria Municipal de Educa\u00e7\u00e3o de Tocant\u00ednia, foi realizada uma roda de conversa na manh\u00e3 desta ter\u00e7a-feira, 26 com \u00a0a assistente social Jana\u00edna de Sousa Lopes, no Centro de Refer\u00eancia do Projeto Leitura Viva, tendo como p\u00fablico-alvo, servidores e alunos da rede municipal de Educa\u00e7\u00e3o.<br><br>A tem\u00e1tica abordada pela assistente social foi relacionada sobre a import\u00e2ncia da diversidade na escola, buscando promover a compreens\u00e3o de que as diferen\u00e7as entre as pessoas devem ser respeitadas para que, assim, possa ser criado um espa\u00e7o mais justo e igualit\u00e1rio dentro da escola.<br><br><strong>Debate<\/strong><br>O professor Andr\u00e9 Goveia, secret\u00e1rio de Educa\u00e7\u00e3o de Tocant\u00ednia, \u00a0diz entender que o debate sobre diversidade na escola ajuda a criar um ambiente mais inclusivo, onde todos os alunos se sintam bem-vindos e valorizados. \u00a0\u201cIsso pode ajudar a diminuir casos de bullying e outros comportamentos prejudiciais que podem ocorrer quando os alunos se sentem exclu\u00eddos\u201d, pontua o secret\u00e1rio.<br><br>Andr\u00e9 Goveia lembra ainda que o \u00a0debate sobre diversidade tamb\u00e9m ajuda a promover a compreens\u00e3o de que as diferen\u00e7as entre as pessoas devem ser valorizadas e respeitadas, ajudando a criar um espa\u00e7o justo e igualit\u00e1rio.<br><br>\u201cEsses pontos s\u00e3o citados na Base Nacional Comum Curricular (BNCC), que ressalta a necessidade de estimular a\u00e7\u00f5es para a transforma\u00e7\u00e3o da sociedade.\u00a0Al\u00e9m disso, falar sobre diversidade \u00e9 essencial para combater o preconceito. O mundo em que vivemos \u00e9 diverso e globalizado, portanto, \u00e9 importante que os alunos sejam expostos a diferentes perspectivas e culturas durante a forma\u00e7\u00e3o\u201d, concluiu Andr\u00e9 Goveia.<\/p>\n\n\n\n<figure class=\"wp-block-image size-large\"><img loading=\"lazy\" decoding=\"async\" width=\"1024\" height=\"771\" src=\"https:\/\/focotocantinense.com.br\/wp-content\/uploads\/2024\/03\/dddd-1024x771.jpg\" alt=\"\" class=\"wp-image-7157\" srcset=\"https:\/\/focotocantinense.com.br\/wp-content\/uploads\/2024\/03\/dddd-1024x771.jpg 1024w, https:\/\/focotocantinense.com.br\/wp-content\/uploads\/2024\/03\/dddd-300x226.jpg 300w, https:\/\/focotocantinense.com.br\/wp-content\/uploads\/2024\/03\/dddd-768x578.jpg 768w, https:\/\/focotocantinense.com.br\/wp-content\/uploads\/2024\/03\/dddd-1536x1156.jpg 1536w, https:\/\/focotocantinense.com.br\/wp-content\/uploads\/2024\/03\/dddd.jpg 1600w\" sizes=\"auto, (max-width: 1024px) 100vw, 1024px\" \/><\/figure>\n\n\n\n<p><\/p>\n\n\n\n<figure class=\"wp-block-image size-large\"><img loading=\"lazy\" decoding=\"async\" width=\"1024\" height=\"768\" src=\"https:\/\/focotocantinense.com.br\/wp-content\/uploads\/2024\/03\/AAAAAAAAA-1-1024x768.jpg\" alt=\"\" class=\"wp-image-7155\" srcset=\"https:\/\/focotocantinense.com.br\/wp-content\/uploads\/2024\/03\/AAAAAAAAA-1-1024x768.jpg 1024w, https:\/\/focotocantinense.com.br\/wp-content\/uploads\/2024\/03\/AAAAAAAAA-1-300x225.jpg 300w, https:\/\/focotocantinense.com.br\/wp-content\/uploads\/2024\/03\/AAAAAAAAA-1-768x576.jpg 768w, https:\/\/focotocantinense.com.br\/wp-content\/uploads\/2024\/03\/AAAAAAAAA-1-1536x1152.jpg 1536w, https:\/\/focotocantinense.com.br\/wp-content\/uploads\/2024\/03\/AAAAAAAAA-1.jpg 1600w\" sizes=\"auto, (max-width: 1024px) 100vw, 1024px\" \/><\/figure>\n\n\n\n<p><\/p>\n\n\n\n<p><\/p>\n\n\n\n<figure class=\"wp-block-image size-large\"><img loading=\"lazy\" decoding=\"async\" width=\"1024\" height=\"771\" src=\"https:\/\/focotocantinense.com.br\/wp-content\/uploads\/2024\/03\/BBBBB-1024x771.jpg\" alt=\"\" class=\"wp-image-7156\" srcset=\"https:\/\/focotocantinense.com.br\/wp-content\/uploads\/2024\/03\/BBBBB-1024x771.jpg 1024w, https:\/\/focotocantinense.com.br\/wp-content\/uploads\/2024\/03\/BBBBB-300x226.jpg 300w, https:\/\/focotocantinense.com.br\/wp-content\/uploads\/2024\/03\/BBBBB-768x578.jpg 768w, https:\/\/focotocantinense.com.br\/wp-content\/uploads\/2024\/03\/BBBBB-1536x1156.jpg 1536w, https:\/\/focotocantinense.com.br\/wp-content\/uploads\/2024\/03\/BBBBB.jpg 1600w\" sizes=\"auto, (max-width: 1024px) 100vw, 1024px\" \/><\/figure>\n\n\n\n<figure class=\"wp-block-image size-full\"><img loading=\"lazy\" decoding=\"async\" width=\"843\" height=\"251\" src=\"https:\/\/focotocantinense.com.br\/wp-content\/uploads\/2024\/03\/VINI_181-16.jpg\" alt=\"\" class=\"wp-image-7154\" srcset=\"https:\/\/focotocantinense.com.br\/wp-content\/uploads\/2024\/03\/VINI_181-16.jpg 843w, https:\/\/focotocantinense.com.br\/wp-content\/uploads\/2024\/03\/VINI_181-16-300x89.jpg 300w, https:\/\/focotocantinense.com.br\/wp-content\/uploads\/2024\/03\/VINI_181-16-768x229.jpg 768w\" sizes=\"auto, (max-width: 843px) 100vw, 843px\" \/><\/figure>\n","protected":false},"excerpt":{"rendered":"<p>Por Zacarias Martins Dentro do leque de a\u00e7\u00f5es do Projeto Leitura Viva, colocado \u00a0em pr\u00e1tica pela Secretaria Municipal de Educa\u00e7\u00e3o de Tocant\u00ednia, foi realizada uma roda de conversa na manh\u00e3 desta ter\u00e7a-feira, 26 com \u00a0a assistente social Jana\u00edna de Sousa Lopes, no Centro de Refer\u00eancia do Projeto Leitura Viva, tendo como p\u00fablico-alvo, servidores e alunos &hellip;<\/p>\n","protected":false},"author":5,"featured_media":7153,"comment_status":"open","ping_status":"open","sticky":false,"template":"","format":"standard","meta":{"footnotes":""},"categories":[78],"tags":[],"class_list":["post-7152","post","type-post","status-publish","format-standard","has-post-thumbnail","","category-tocantinia"],"_links":{"self":[{"href":"https:\/\/focotocantinense.com.br\/index.php?rest_route=\/wp\/v2\/posts\/7152","targetHints":{"allow":["GET"]}}],"collection":[{"href":"https:\/\/focotocantinense.com.br\/index.php?rest_route=\/wp\/v2\/posts"}],"about":[{"href":"https:\/\/focotocantinense.com.br\/index.php?rest_route=\/wp\/v2\/types\/post"}],"author":[{"embeddable":true,"href":"https:\/\/focotocantinense.com.br\/index.php?rest_route=\/wp\/v2\/users\/5"}],"replies":[{"embeddable":true,"href":"https:\/\/focotocantinense.com.br\/index.php?rest_route=%2Fwp%2Fv2%2Fcomments&post=7152"}],"version-history":[{"count":1,"href":"https:\/\/focotocantinense.com.br\/index.php?rest_route=\/wp\/v2\/posts\/7152\/revisions"}],"predecessor-version":[{"id":7158,"href":"https:\/\/focotocantinense.com.br\/index.php?rest_route=\/wp\/v2\/posts\/7152\/revisions\/7158"}],"wp:featuredmedia":[{"embeddable":true,"href":"https:\/\/focotocantinense.com.br\/index.php?rest_route=\/wp\/v2\/media\/7153"}],"wp:attachment":[{"href":"https:\/\/focotocantinense.com.br\/index.php?rest_route=%2Fwp%2Fv2%2Fmedia&parent=7152"}],"wp:term":[{"taxonomy":"category","embeddable":true,"href":"https:\/\/focotocantinense.com.br\/index.php?rest_route=%2Fwp%2Fv2%2Fcategories&post=7152"},{"taxonomy":"post_tag","embeddable":true,"href":"https:\/\/focotocantinense.com.br\/index.php?rest_route=%2Fwp%2Fv2%2Ftags&post=7152"}],"curies":[{"name":"wp","href":"https:\/\/api.w.org\/{rel}","templated":true}]}}