{"id":714,"date":"2021-02-18T19:22:13","date_gmt":"2021-02-18T22:22:13","guid":{"rendered":"http:\/\/focotocantinense.com.br\/?p=714"},"modified":"2021-02-18T19:22:20","modified_gmt":"2021-02-18T22:22:20","slug":"secretaria-de-saude-de-gurupi-realiza-vacinacao-na-residencia-dos-idosos-acamados","status":"publish","type":"post","link":"https:\/\/focotocantinense.com.br\/?p=714","title":{"rendered":"Secretaria de Sa\u00fade de Gurupi realiza vacina\u00e7\u00e3o na resid\u00eancia dos idosos acamados"},"content":{"rendered":"\n<p>Dando continuidade \u00e0 imuniza\u00e7\u00e3o contra Covid-19 nos idosos acima de 80 anos, a equipe volante de vacina\u00e7\u00e3o da Secretaria Municipal de Sa\u00fade de Gurupi est\u00e1 indo \u00e0s resid\u00eancias dos idosos acamados ou com dificuldade de locomo\u00e7\u00e3o para aplicar as doses. O trabalho iniciou na segunda-feira, 15, quando foram vacinados 10 idosos acamados. Nesta quinta-feira, 18, a equipe est\u00e1 com uma lista com 67 nomes de pessoas que devem receber a dose nos pr\u00f3ximos dias.<\/p>\n\n\n\n<p>Conforme a coordenadora de Imuniza\u00e7\u00e3o da Secretaria Municipal de Sa\u00fade Lima, as Unidades B\u00e1sicas de Sa\u00fade, por meio do trabalho das Agentes Comunit\u00e1rio de Sa\u00fade est\u00e3o repassando \u00e0 Secretaria a lista com nomes das pessoas que necessitam da dose.<\/p>\n\n\n\n<p>Uma das primeiras a receber a vacina nesta quinta-feira, foi dona Aldaires Batista de Oliveira, de 91 anos. A filha da idosa, Alderina Batista, falou sobre a satisfa\u00e7\u00e3o de receber a equipe em casa. \u201cEst\u00e1vamos ansiosos pela vacina, pois vemos todos os dias quantas v\u00edtimas essa doen\u00e7a est\u00e1 fazendo e recebermos a vacina em casa \u00e9 uma maravilha\u201d, comentou.<\/p>\n\n\n\n<p>Quem tamb\u00e9m j\u00e1 recebeu a vacina em casa foi a idosa Avelina Gon\u00e7alves de 86 anos. A filha que cuida dela, M\u00e1rcia Gon\u00e7alves, disse que o trabalho da equipe de ir \u00e0 casa da pessoa que n\u00e3o consegue ir aos pontos de vacina\u00e7\u00e3o \u00e9 uma maravilha. \u201cQuando ficamos sabendo que j\u00e1 havia iniciado a vacina\u00e7\u00e3o dos idosos ficamos ansiosos, mas n\u00e3o t\u00ednhamos como levar minha m\u00e3e ao ponto de vacina\u00e7\u00e3o e a equipe vir aqui em casa foi \u00f3timo, porque sair com ela \u00e9 muito dif\u00edcil devido ela fazer uso de oxig\u00eanio\u201d, explicou ressaltando ainda que essa vacina representa a esperan\u00e7a de dias melhores e que ela aguarda ansiosa para o dia em que ela mesma poder\u00e1 tomar a dose.<\/p>\n\n\n\n<p>Para o Secret\u00e1rio Municipal de Sa\u00fade, Zander Lu\u00eds Guimar\u00e3es, esse trabalho \u00e9 essencial para manter a cobertura vacinal de quem n\u00e3o consegue ir ao ponto de vacina\u00e7\u00e3o. Ele pede que os familiares que tenham algum idoso que tem dificuldade de locomo\u00e7\u00e3o ou esteja acamado procure a UBS de sua regi\u00e3o para que a equipe possa ir ao local.<\/p>\n\n\n\n<p>O secret\u00e1rio ainda informou que ap\u00f3s 28 dias da primeira dose a equipe voltar\u00e1 \u00e0 casa dos idosos para aplicar a segunda dose.<\/p>\n","protected":false},"excerpt":{"rendered":"<p>Dando continuidade \u00e0 imuniza\u00e7\u00e3o contra Covid-19 nos idosos acima de 80 anos, a equipe volante de vacina\u00e7\u00e3o da Secretaria Municipal de Sa\u00fade de Gurupi est\u00e1 indo \u00e0s resid\u00eancias dos idosos acamados ou com dificuldade de locomo\u00e7\u00e3o para aplicar as doses. O trabalho iniciou na segunda-feira, 15, quando foram vacinados 10 idosos acamados. Nesta quinta-feira, 18, &hellip;<\/p>\n","protected":false},"author":1,"featured_media":715,"comment_status":"open","ping_status":"open","sticky":false,"template":"","format":"standard","meta":{"footnotes":""},"categories":[38,44,1],"tags":[],"class_list":["post-714","post","type-post","status-publish","format-standard","has-post-thumbnail","","category-gurupi","category-saude","category-sem-categoria"],"_links":{"self":[{"href":"https:\/\/focotocantinense.com.br\/index.php?rest_route=\/wp\/v2\/posts\/714","targetHints":{"allow":["GET"]}}],"collection":[{"href":"https:\/\/focotocantinense.com.br\/index.php?rest_route=\/wp\/v2\/posts"}],"about":[{"href":"https:\/\/focotocantinense.com.br\/index.php?rest_route=\/wp\/v2\/types\/post"}],"author":[{"embeddable":true,"href":"https:\/\/focotocantinense.com.br\/index.php?rest_route=\/wp\/v2\/users\/1"}],"replies":[{"embeddable":true,"href":"https:\/\/focotocantinense.com.br\/index.php?rest_route=%2Fwp%2Fv2%2Fcomments&post=714"}],"version-history":[{"count":1,"href":"https:\/\/focotocantinense.com.br\/index.php?rest_route=\/wp\/v2\/posts\/714\/revisions"}],"predecessor-version":[{"id":716,"href":"https:\/\/focotocantinense.com.br\/index.php?rest_route=\/wp\/v2\/posts\/714\/revisions\/716"}],"wp:featuredmedia":[{"embeddable":true,"href":"https:\/\/focotocantinense.com.br\/index.php?rest_route=\/wp\/v2\/media\/715"}],"wp:attachment":[{"href":"https:\/\/focotocantinense.com.br\/index.php?rest_route=%2Fwp%2Fv2%2Fmedia&parent=714"}],"wp:term":[{"taxonomy":"category","embeddable":true,"href":"https:\/\/focotocantinense.com.br\/index.php?rest_route=%2Fwp%2Fv2%2Fcategories&post=714"},{"taxonomy":"post_tag","embeddable":true,"href":"https:\/\/focotocantinense.com.br\/index.php?rest_route=%2Fwp%2Fv2%2Ftags&post=714"}],"curies":[{"name":"wp","href":"https:\/\/api.w.org\/{rel}","templated":true}]}}