{"id":7138,"date":"2024-03-26T15:17:00","date_gmt":"2024-03-26T18:17:00","guid":{"rendered":"https:\/\/focotocantinense.com.br\/?p=7138"},"modified":"2024-03-26T15:21:18","modified_gmt":"2024-03-26T18:21:18","slug":"prefeito-joao-alberto-anuncia-reajuste-nos-salarios-dos-servidores-efetivos-do-quadro-geral-de-tocantinia","status":"publish","type":"post","link":"https:\/\/focotocantinense.com.br\/?p=7138","title":{"rendered":"Prefeito Jo\u00e3o Alberto anuncia reajuste nos sal\u00e1rios dos servidores efetivos do quadro geral de Tocant\u00ednia"},"content":{"rendered":"\n<p><\/p>\n\n\n\n<p>Na manh\u00e3 desta segunda-feira, 25, o prefeito em exerc\u00edcio de Tocant\u00ednia, Jo\u00e3o Alberto Coelho Machado, se reuniu com o presidente da Associa\u00e7\u00e3o dos Servidores P\u00fablicos Municipais no Estado do Tocantins (ASPMET), Ronaldo S\u00e9rgio e representantes dos servidores efetivos para anunciar o reajuste salarial.<br>Na oportunidade, o prefeito Jo\u00e3o Alberto, apresentou atrav\u00e9s do Projeto de Lei n\u00ba 004, de 21 de mar\u00e7o de 2024, que prop\u00f5es o reajuste de 10% nos sal\u00e1rios dos servidores efetivos do quadro geral do munic\u00edpio. O projeto de lei foi encaminhado \u00e0 C\u00e2mara Municipal, que convocou uma sess\u00e3o extraordin\u00e1ria para as 20 horas, ainda na segunda-feira, 25, para os vereadores votar o reajuste.<\/p>\n\n\n\n<p><br>Ap\u00f3s aprecia\u00e7\u00e3o do Projeto de Lei da autoria do executivo municipal, os vereadores votaram e aprovaram por unanimidade o percentual do reajuste nos sal\u00e1rios dos servidores, que entra em vigor a partir do dia 01 de abril. Na ocasi\u00e3o, os vereadores tamb\u00e9m aprovaram o reajuste de 5% nos sal\u00e1rios dos servidores da C\u00e2mara Municipal.<\/p>\n\n\n\n<p><br>Durante a vota\u00e7\u00e3o do PL, os parlamentares enalteceram a import\u00e2ncia do reajuste para que servidores sintam-se valorizados nos seus trabalhos prestados para a popula\u00e7\u00e3o.<\/p>\n\n\n\n<p><br>O presidente da ASPMET, Ronaldo S\u00e9rgio, agradeceu o prefeito Jo\u00e3o Alberto, pelo comprometimento na valoriza\u00e7\u00e3o dos servidores e aos vereadores que aprovaram o projeto.<\/p>\n\n\n\n<p><br>O prefeito Jo\u00e3o Alberto, destaca a import\u00e2ncia da medida. \u201cO reajuste salarial \u00e9 fundamental para valorizar os trabalhos dos servidores p\u00fablicos municipais, reconhecendo a dedica\u00e7\u00e3o e contribui\u00e7\u00e3o para um bom funcionamento da administra\u00e7\u00e3o municipal\u201d. Destacou o prefeito.<\/p>\n\n\n\n<figure class=\"wp-block-image size-large\"><img loading=\"lazy\" decoding=\"async\" width=\"1024\" height=\"678\" src=\"https:\/\/focotocantinense.com.br\/wp-content\/uploads\/2024\/03\/1111111111111-1-1024x678.jpg\" alt=\"\" class=\"wp-image-7140\" srcset=\"https:\/\/focotocantinense.com.br\/wp-content\/uploads\/2024\/03\/1111111111111-1-1024x678.jpg 1024w, https:\/\/focotocantinense.com.br\/wp-content\/uploads\/2024\/03\/1111111111111-1-300x199.jpg 300w, https:\/\/focotocantinense.com.br\/wp-content\/uploads\/2024\/03\/1111111111111-1-768x509.jpg 768w, https:\/\/focotocantinense.com.br\/wp-content\/uploads\/2024\/03\/1111111111111-1-310x205.jpg 310w, https:\/\/focotocantinense.com.br\/wp-content\/uploads\/2024\/03\/1111111111111-1.jpg 1280w\" sizes=\"auto, (max-width: 1024px) 100vw, 1024px\" \/><\/figure>\n\n\n\n<p><\/p>\n\n\n\n<figure class=\"wp-block-image size-large\"><img loading=\"lazy\" decoding=\"async\" width=\"1024\" height=\"651\" src=\"https:\/\/focotocantinense.com.br\/wp-content\/uploads\/2024\/03\/22222-1024x651.jpg\" alt=\"\" class=\"wp-image-7142\" srcset=\"https:\/\/focotocantinense.com.br\/wp-content\/uploads\/2024\/03\/22222-1024x651.jpg 1024w, https:\/\/focotocantinense.com.br\/wp-content\/uploads\/2024\/03\/22222-300x191.jpg 300w, https:\/\/focotocantinense.com.br\/wp-content\/uploads\/2024\/03\/22222-768x488.jpg 768w, https:\/\/focotocantinense.com.br\/wp-content\/uploads\/2024\/03\/22222-1536x976.jpg 1536w, https:\/\/focotocantinense.com.br\/wp-content\/uploads\/2024\/03\/22222.jpg 1600w\" sizes=\"auto, (max-width: 1024px) 100vw, 1024px\" \/><\/figure>\n\n\n\n<p><\/p>\n\n\n\n<figure class=\"wp-block-image size-full\"><img loading=\"lazy\" decoding=\"async\" width=\"843\" height=\"251\" src=\"https:\/\/focotocantinense.com.br\/wp-content\/uploads\/2024\/03\/VINI_181-14.jpg\" alt=\"\" class=\"wp-image-7133\" srcset=\"https:\/\/focotocantinense.com.br\/wp-content\/uploads\/2024\/03\/VINI_181-14.jpg 843w, https:\/\/focotocantinense.com.br\/wp-content\/uploads\/2024\/03\/VINI_181-14-300x89.jpg 300w, https:\/\/focotocantinense.com.br\/wp-content\/uploads\/2024\/03\/VINI_181-14-768x229.jpg 768w\" sizes=\"auto, (max-width: 843px) 100vw, 843px\" \/><\/figure>\n","protected":false},"excerpt":{"rendered":"<p>Na manh\u00e3 desta segunda-feira, 25, o prefeito em exerc\u00edcio de Tocant\u00ednia, Jo\u00e3o Alberto Coelho Machado, se reuniu com o presidente da Associa\u00e7\u00e3o dos Servidores P\u00fablicos Municipais no Estado do Tocantins (ASPMET), Ronaldo S\u00e9rgio e representantes dos servidores efetivos para anunciar o reajuste salarial.Na oportunidade, o prefeito Jo\u00e3o Alberto, apresentou atrav\u00e9s do Projeto de Lei n\u00ba &hellip;<\/p>\n","protected":false},"author":5,"featured_media":7139,"comment_status":"open","ping_status":"open","sticky":false,"template":"","format":"standard","meta":{"footnotes":""},"categories":[78],"tags":[],"class_list":["post-7138","post","type-post","status-publish","format-standard","has-post-thumbnail","","category-tocantinia"],"_links":{"self":[{"href":"https:\/\/focotocantinense.com.br\/index.php?rest_route=\/wp\/v2\/posts\/7138","targetHints":{"allow":["GET"]}}],"collection":[{"href":"https:\/\/focotocantinense.com.br\/index.php?rest_route=\/wp\/v2\/posts"}],"about":[{"href":"https:\/\/focotocantinense.com.br\/index.php?rest_route=\/wp\/v2\/types\/post"}],"author":[{"embeddable":true,"href":"https:\/\/focotocantinense.com.br\/index.php?rest_route=\/wp\/v2\/users\/5"}],"replies":[{"embeddable":true,"href":"https:\/\/focotocantinense.com.br\/index.php?rest_route=%2Fwp%2Fv2%2Fcomments&post=7138"}],"version-history":[{"count":2,"href":"https:\/\/focotocantinense.com.br\/index.php?rest_route=\/wp\/v2\/posts\/7138\/revisions"}],"predecessor-version":[{"id":7143,"href":"https:\/\/focotocantinense.com.br\/index.php?rest_route=\/wp\/v2\/posts\/7138\/revisions\/7143"}],"wp:featuredmedia":[{"embeddable":true,"href":"https:\/\/focotocantinense.com.br\/index.php?rest_route=\/wp\/v2\/media\/7139"}],"wp:attachment":[{"href":"https:\/\/focotocantinense.com.br\/index.php?rest_route=%2Fwp%2Fv2%2Fmedia&parent=7138"}],"wp:term":[{"taxonomy":"category","embeddable":true,"href":"https:\/\/focotocantinense.com.br\/index.php?rest_route=%2Fwp%2Fv2%2Fcategories&post=7138"},{"taxonomy":"post_tag","embeddable":true,"href":"https:\/\/focotocantinense.com.br\/index.php?rest_route=%2Fwp%2Fv2%2Ftags&post=7138"}],"curies":[{"name":"wp","href":"https:\/\/api.w.org\/{rel}","templated":true}]}}