{"id":7132,"date":"2024-03-23T19:31:36","date_gmt":"2024-03-23T22:31:36","guid":{"rendered":"https:\/\/focotocantinense.com.br\/?p=7132"},"modified":"2024-03-23T19:33:02","modified_gmt":"2024-03-23T22:33:02","slug":"igor-franca-assina-ficha-de-filiacao-ao-partido-progressista-em-gurupi","status":"publish","type":"post","link":"https:\/\/focotocantinense.com.br\/?p=7132","title":{"rendered":"Igor Fran\u00e7a assina ficha de filia\u00e7\u00e3o ao Partido Progressista em Gurupi"},"content":{"rendered":"\n<p><strong>Por Zacarias Martins<\/strong><\/p>\n\n\n\n<p><strong>Na manh\u00e3 deste s\u00e1bado, 23, o empres\u00e1rio gurupiense Igor Fran\u00e7a, de&nbsp; 27 anos, assinou sua ficha de filia\u00e7\u00e3o ao&nbsp; Partido Progressista (PP). O partido &nbsp;integra o grupo pol\u00edtico de apoio ao deputado estadual Eduardo Fortes, do PSD.<\/strong><\/p>\n\n\n\n<p><strong>Igor Fran\u00e7a \u00e9 pr\u00e9-candidato a vereador e disse que est\u00e1 com a firme determina\u00e7\u00e3o de colocar o seu nome \u00e0 disposi\u00e7\u00e3o do eleitorado gurupiense &nbsp;&nbsp;com uma proposta de renova\u00e7\u00e3o da pol\u00edtica municipal em Gurupi.<\/strong><\/p>\n\n\n\n<p><strong>\u201cGurupi precisa de pol\u00edticos com mentalidade inovadora, comprometimento e, &nbsp;principalmente,&nbsp; que respeite e honre&nbsp; os votos recebidos. E na busca de mudan\u00e7as&nbsp; na pol\u00edtica gurupiense \u00e9 que coloco o meu nome para aprecia\u00e7\u00e3o da comunidade gurupiense no pleito eleitoral deste ano\u201d, finalizou Igor Fran\u00e7a.<\/strong><\/p>\n\n\n\n<figure class=\"wp-block-image size-full is-resized\"><img loading=\"lazy\" decoding=\"async\" width=\"669\" height=\"401\" src=\"https:\/\/focotocantinense.com.br\/wp-content\/uploads\/2024\/03\/e02f55af-a2ea-4f07-9d29-66fa6cb76141.jpg\" alt=\"\" class=\"wp-image-7134\" style=\"width:388px;height:auto\" srcset=\"https:\/\/focotocantinense.com.br\/wp-content\/uploads\/2024\/03\/e02f55af-a2ea-4f07-9d29-66fa6cb76141.jpg 669w, https:\/\/focotocantinense.com.br\/wp-content\/uploads\/2024\/03\/e02f55af-a2ea-4f07-9d29-66fa6cb76141-300x180.jpg 300w\" sizes=\"auto, (max-width: 669px) 100vw, 669px\" \/><\/figure>\n\n\n\n<p><strong><em>Igor Fran\u00e7a e o deputado estaudal Eduardo Fortes: juntos por uma Gurupi de grandes oportunidades para todos.<\/em><\/strong><\/p>\n\n\n\n<figure class=\"wp-block-image size-full\"><img loading=\"lazy\" decoding=\"async\" width=\"843\" height=\"251\" src=\"https:\/\/focotocantinense.com.br\/wp-content\/uploads\/2024\/03\/VINI_181-14.jpg\" alt=\"\" class=\"wp-image-7133\" srcset=\"https:\/\/focotocantinense.com.br\/wp-content\/uploads\/2024\/03\/VINI_181-14.jpg 843w, https:\/\/focotocantinense.com.br\/wp-content\/uploads\/2024\/03\/VINI_181-14-300x89.jpg 300w, https:\/\/focotocantinense.com.br\/wp-content\/uploads\/2024\/03\/VINI_181-14-768x229.jpg 768w\" sizes=\"auto, (max-width: 843px) 100vw, 843px\" \/><\/figure>\n","protected":false},"excerpt":{"rendered":"<p>Por Zacarias Martins Na manh\u00e3 deste s\u00e1bado, 23, o empres\u00e1rio gurupiense Igor Fran\u00e7a, de&nbsp; 27 anos, assinou sua ficha de filia\u00e7\u00e3o ao&nbsp; Partido Progressista (PP). O partido &nbsp;integra o grupo pol\u00edtico de apoio ao deputado estadual Eduardo Fortes, do PSD. Igor Fran\u00e7a \u00e9 pr\u00e9-candidato a vereador e disse que est\u00e1 com a firme determina\u00e7\u00e3o de &hellip;<\/p>\n","protected":false},"author":5,"featured_media":7134,"comment_status":"open","ping_status":"open","sticky":false,"template":"","format":"standard","meta":{"footnotes":""},"categories":[40,1],"tags":[],"class_list":["post-7132","post","type-post","status-publish","format-standard","has-post-thumbnail","","category-politica","category-sem-categoria"],"_links":{"self":[{"href":"https:\/\/focotocantinense.com.br\/index.php?rest_route=\/wp\/v2\/posts\/7132","targetHints":{"allow":["GET"]}}],"collection":[{"href":"https:\/\/focotocantinense.com.br\/index.php?rest_route=\/wp\/v2\/posts"}],"about":[{"href":"https:\/\/focotocantinense.com.br\/index.php?rest_route=\/wp\/v2\/types\/post"}],"author":[{"embeddable":true,"href":"https:\/\/focotocantinense.com.br\/index.php?rest_route=\/wp\/v2\/users\/5"}],"replies":[{"embeddable":true,"href":"https:\/\/focotocantinense.com.br\/index.php?rest_route=%2Fwp%2Fv2%2Fcomments&post=7132"}],"version-history":[{"count":2,"href":"https:\/\/focotocantinense.com.br\/index.php?rest_route=\/wp\/v2\/posts\/7132\/revisions"}],"predecessor-version":[{"id":7136,"href":"https:\/\/focotocantinense.com.br\/index.php?rest_route=\/wp\/v2\/posts\/7132\/revisions\/7136"}],"wp:featuredmedia":[{"embeddable":true,"href":"https:\/\/focotocantinense.com.br\/index.php?rest_route=\/wp\/v2\/media\/7134"}],"wp:attachment":[{"href":"https:\/\/focotocantinense.com.br\/index.php?rest_route=%2Fwp%2Fv2%2Fmedia&parent=7132"}],"wp:term":[{"taxonomy":"category","embeddable":true,"href":"https:\/\/focotocantinense.com.br\/index.php?rest_route=%2Fwp%2Fv2%2Fcategories&post=7132"},{"taxonomy":"post_tag","embeddable":true,"href":"https:\/\/focotocantinense.com.br\/index.php?rest_route=%2Fwp%2Fv2%2Ftags&post=7132"}],"curies":[{"name":"wp","href":"https:\/\/api.w.org\/{rel}","templated":true}]}}