{"id":7125,"date":"2024-03-23T12:52:40","date_gmt":"2024-03-23T15:52:40","guid":{"rendered":"https:\/\/focotocantinense.com.br\/?p=7125"},"modified":"2024-03-23T12:52:41","modified_gmt":"2024-03-23T15:52:41","slug":"roda-de-conversa-com-autores-tocantinenses-movimenta-o-colegio-estadual-nossa-senhora-da-providencia-em-lajeado","status":"publish","type":"post","link":"https:\/\/focotocantinense.com.br\/?p=7125","title":{"rendered":"Roda de conversa com autores tocantinenses movimenta o Col\u00e9gio Estadual Nossa Senhora da Provid\u00eancia, em Lajeado"},"content":{"rendered":"\n<p>Na sexta-feira, 22, o Col\u00e9gio Estadual Nossa Senhora da Provid\u00eancia, em Lajeado (TO), realizou uma roda de conversa liter\u00e1ria para os alunos do Ensino M\u00e9dio &nbsp;com os escritores Zacarias Martins e Jo\u00e3o Gomes da Silva, que residem em Gurupi.<\/p>\n\n\n\n<p>\u201cEssa a\u00e7\u00e3o faz parte do Projeto Integrador de Linguagens. Al\u00e9m disso, tamb\u00e9m integra o Projeto Clube da Leitura Jovens Escritores, do &nbsp;nosso col\u00e9gio. Tem o prop\u00f3sito de motivar os alunos no processo de leitura, contribuindo para a forma\u00e7\u00e3o de cidad\u00e3os cr\u00edticos e participativos, com compet\u00eancia para expressar suas ideias, obtendo melhor intera\u00e7\u00e3o na sociedade\u201d, &nbsp;informou a gestora dessa unidade escolar, Leila M\u00e1rcia Ascenso Gama.<\/p>\n\n\n\n<p><strong>Promovendo o ato de ler<\/strong><\/p>\n\n\n\n<p>A Coordenadora Pedag\u00f3gica da \u00e1rea de Linguagens e professora de L\u00edngua Portuguesa do Col\u00e9gio Estadual Nossa Senhora da Provid\u00eancia, Nara Niceia Coelho Bignardi Garcia Silveira,&nbsp; destaca que despertar algu\u00e9m para ler e escrever exige esfor\u00e7o, sendo necess\u00e1rio parcerias e compromisso s\u00e9rio por parte de todos os envolvidos nos m\u00e9todos educacionais, por isso, ela entende que a presen\u00e7a de dois autores destacados da Literatura Tocantinense enobrece ainda mais o ensino aprendizagem dos alunos do col\u00e9gio.<\/p>\n\n\n\n<p>\u201cDessa forma, o ato de ler tem grande import\u00e2ncia e deve ser promovido sempre. Logo, a pr\u00e1tica da leitura contribui na forma\u00e7\u00e3o, no desenvolvimento de comportamentos, na capacidade de percep\u00e7\u00e3o e assimila\u00e7\u00e3o do universo da escrita; promove o conhecimento e supera\u00e7\u00e3o das dificuldades na pr\u00f3pria vida\u201d, explicou.<\/p>\n\n\n\n<p>Ao final da roda de conversa, os autores doaram v\u00e1rios livros para compor o acervo da biblioteca do col\u00e9gio e durante o evento alguns estudantes foram contemplados com o sorteio de livros.<\/p>\n\n\n\n<p><strong>Credenciais dos autores<\/strong><\/p>\n\n\n\n<p><strong>Zacarias Martins &#8211;&nbsp;<\/strong>O autor \u00e9&nbsp; poeta, jornalista profissional, cronista, conferencista e ativista cultural. \u00c9 autor de seis livros individuais de poesias:&nbsp;<strong>Transas do Cora\u00e7\u00e3o<\/strong>&nbsp;(1978), O&nbsp;<strong>Poeta de Bel\u00e9m<\/strong>&nbsp;(1979),&nbsp;<strong>Poetar&nbsp;<\/strong>(1980),&nbsp;<strong>O Profeta da Felicidade<\/strong>&nbsp;(1984)&nbsp;<strong>Vox Versus&nbsp;<\/strong>(1986) e&nbsp;<strong>Pinga-Fogo<\/strong>&nbsp;(2004), al\u00e9m do livro de cr\u00f4nicas&nbsp;<strong>Hist\u00f3rias da Hist\u00f3ria de Gurupi<\/strong>, que foi adotado por duas vezes para o vestibular da Universidade de Gurupi \u2013 UnirG.&nbsp; Em 2022 lan\u00e7ou o seu primeiro livro infantil:<strong>&nbsp;As Aventuras de Gurupito<\/strong>.&nbsp; Ainda tem trabalhos publicados&nbsp; em dezenas de antologias liter\u00e1rias. \u00c9 membro fundador da Academia Tocantinense de Letras (ATL) e hoje, tamb\u00e9m integra o Conselho de Pol\u00edtica Cultural do Estado do Tocantins, como conselheiro de Cultura.<\/p>\n\n\n\n<p><strong>Jo\u00e3o Gomes da Silva &#8211;\u00a0<\/strong>\u00c9 te\u00f3logo, escritor, conferencista e professor de teologia. \u00c9 autor dos livros &#8220;<strong>Passa de mim este c\u00e1lice<\/strong>&#8220;, (1999);\u00a0<strong>&#8220;As duas faces da religi\u00e3o<\/strong>&#8221; (2003);\u00a0<strong>&#8220;O o\u00e1sis e as serpentes&#8221;<\/strong>\u00a0(2005) e\u00a0<strong>&#8220;O Clonador<\/strong>&#8221; (2006), todos \u00a0de cunho teol\u00f3gico e\u00a0 publicados em v\u00e1rias edi\u00e7\u00f5es. Em 2006 teve o seu texto &#8220;Com medo de Deus&#8221; inserido na antologia liter\u00e1ria nacional &#8220;Novos Talentos da Cr\u00f4nica Brasileira&#8221;, editada pela C\u00e2mara Brasileira de Jovens Escritores (CBJE), do Rio de Janeiro. \u00c9 integrante da Academia Gurupiense de Letras (AGL), onde ocupa a Cadeira 21.\u00a0<\/p>\n\n\n\n<figure class=\"wp-block-image size-large\"><img loading=\"lazy\" decoding=\"async\" width=\"1024\" height=\"768\" src=\"https:\/\/focotocantinense.com.br\/wp-content\/uploads\/2024\/03\/1-Os-escritorrs-Zacarias-Martins-e-Joao-Gomes-da-Silva-participam-de-Roda-de-Conversa-em-Lajeado-Foto-Divulgacao-1-1024x768.jpg\" alt=\"\" class=\"wp-image-7130\" srcset=\"https:\/\/focotocantinense.com.br\/wp-content\/uploads\/2024\/03\/1-Os-escritorrs-Zacarias-Martins-e-Joao-Gomes-da-Silva-participam-de-Roda-de-Conversa-em-Lajeado-Foto-Divulgacao-1-1024x768.jpg 1024w, https:\/\/focotocantinense.com.br\/wp-content\/uploads\/2024\/03\/1-Os-escritorrs-Zacarias-Martins-e-Joao-Gomes-da-Silva-participam-de-Roda-de-Conversa-em-Lajeado-Foto-Divulgacao-1-300x225.jpg 300w, https:\/\/focotocantinense.com.br\/wp-content\/uploads\/2024\/03\/1-Os-escritorrs-Zacarias-Martins-e-Joao-Gomes-da-Silva-participam-de-Roda-de-Conversa-em-Lajeado-Foto-Divulgacao-1-768x576.jpg 768w, https:\/\/focotocantinense.com.br\/wp-content\/uploads\/2024\/03\/1-Os-escritorrs-Zacarias-Martins-e-Joao-Gomes-da-Silva-participam-de-Roda-de-Conversa-em-Lajeado-Foto-Divulgacao-1.jpg 1280w\" sizes=\"auto, (max-width: 1024px) 100vw, 1024px\" \/><\/figure>\n\n\n\n<p><\/p>\n\n\n\n<figure class=\"wp-block-image size-large\"><img loading=\"lazy\" decoding=\"async\" width=\"1024\" height=\"770\" src=\"https:\/\/focotocantinense.com.br\/wp-content\/uploads\/2024\/03\/2-Os-escritorrs-Zacarias-Martins-e-Joao-Gomes-da-Silva-participam-de-Roda-de-Conversa-em-Lajeado-Foto-Divulgacao-1024x770.jpg\" alt=\"\" class=\"wp-image-7129\" srcset=\"https:\/\/focotocantinense.com.br\/wp-content\/uploads\/2024\/03\/2-Os-escritorrs-Zacarias-Martins-e-Joao-Gomes-da-Silva-participam-de-Roda-de-Conversa-em-Lajeado-Foto-Divulgacao-1024x770.jpg 1024w, https:\/\/focotocantinense.com.br\/wp-content\/uploads\/2024\/03\/2-Os-escritorrs-Zacarias-Martins-e-Joao-Gomes-da-Silva-participam-de-Roda-de-Conversa-em-Lajeado-Foto-Divulgacao-300x226.jpg 300w, https:\/\/focotocantinense.com.br\/wp-content\/uploads\/2024\/03\/2-Os-escritorrs-Zacarias-Martins-e-Joao-Gomes-da-Silva-participam-de-Roda-de-Conversa-em-Lajeado-Foto-Divulgacao-768x578.jpg 768w, https:\/\/focotocantinense.com.br\/wp-content\/uploads\/2024\/03\/2-Os-escritorrs-Zacarias-Martins-e-Joao-Gomes-da-Silva-participam-de-Roda-de-Conversa-em-Lajeado-Foto-Divulgacao.jpg 1280w\" sizes=\"auto, (max-width: 1024px) 100vw, 1024px\" \/><\/figure>\n\n\n\n<p><\/p>\n\n\n\n<figure class=\"wp-block-image size-large\"><img loading=\"lazy\" decoding=\"async\" width=\"1024\" height=\"768\" src=\"https:\/\/focotocantinense.com.br\/wp-content\/uploads\/2024\/03\/3-Os-escritorrs-Zacarias-Martins-e-Joao-Gomes-da-Silva-participam-de-Roda-de-Conversa-em-Lajeado-Foto-Divulgacao-1024x768.jpg\" alt=\"\" class=\"wp-image-7128\" srcset=\"https:\/\/focotocantinense.com.br\/wp-content\/uploads\/2024\/03\/3-Os-escritorrs-Zacarias-Martins-e-Joao-Gomes-da-Silva-participam-de-Roda-de-Conversa-em-Lajeado-Foto-Divulgacao-1024x768.jpg 1024w, https:\/\/focotocantinense.com.br\/wp-content\/uploads\/2024\/03\/3-Os-escritorrs-Zacarias-Martins-e-Joao-Gomes-da-Silva-participam-de-Roda-de-Conversa-em-Lajeado-Foto-Divulgacao-300x225.jpg 300w, https:\/\/focotocantinense.com.br\/wp-content\/uploads\/2024\/03\/3-Os-escritorrs-Zacarias-Martins-e-Joao-Gomes-da-Silva-participam-de-Roda-de-Conversa-em-Lajeado-Foto-Divulgacao-768x576.jpg 768w, https:\/\/focotocantinense.com.br\/wp-content\/uploads\/2024\/03\/3-Os-escritorrs-Zacarias-Martins-e-Joao-Gomes-da-Silva-participam-de-Roda-de-Conversa-em-Lajeado-Foto-Divulgacao-1536x1152.jpg 1536w, https:\/\/focotocantinense.com.br\/wp-content\/uploads\/2024\/03\/3-Os-escritorrs-Zacarias-Martins-e-Joao-Gomes-da-Silva-participam-de-Roda-de-Conversa-em-Lajeado-Foto-Divulgacao.jpg 1600w\" sizes=\"auto, (max-width: 1024px) 100vw, 1024px\" \/><\/figure>\n\n\n\n<p><\/p>\n\n\n\n<p><\/p>\n\n\n\n<figure class=\"wp-block-image size-large\"><img loading=\"lazy\" decoding=\"async\" width=\"1024\" height=\"768\" src=\"https:\/\/focotocantinense.com.br\/wp-content\/uploads\/2024\/03\/4-Os-escritorrs-Zacarias-Martins-e-Joao-Gomes-da-Silva-participam-de-Roda-de-Conversa-em-Lajeado-Foto-Divulgacao-1024x768.jpg\" alt=\"\" class=\"wp-image-7127\" srcset=\"https:\/\/focotocantinense.com.br\/wp-content\/uploads\/2024\/03\/4-Os-escritorrs-Zacarias-Martins-e-Joao-Gomes-da-Silva-participam-de-Roda-de-Conversa-em-Lajeado-Foto-Divulgacao-1024x768.jpg 1024w, https:\/\/focotocantinense.com.br\/wp-content\/uploads\/2024\/03\/4-Os-escritorrs-Zacarias-Martins-e-Joao-Gomes-da-Silva-participam-de-Roda-de-Conversa-em-Lajeado-Foto-Divulgacao-300x225.jpg 300w, https:\/\/focotocantinense.com.br\/wp-content\/uploads\/2024\/03\/4-Os-escritorrs-Zacarias-Martins-e-Joao-Gomes-da-Silva-participam-de-Roda-de-Conversa-em-Lajeado-Foto-Divulgacao-768x576.jpg 768w, https:\/\/focotocantinense.com.br\/wp-content\/uploads\/2024\/03\/4-Os-escritorrs-Zacarias-Martins-e-Joao-Gomes-da-Silva-participam-de-Roda-de-Conversa-em-Lajeado-Foto-Divulgacao.jpg 1280w\" sizes=\"auto, (max-width: 1024px) 100vw, 1024px\" \/><\/figure>\n\n\n\n<p><\/p>\n\n\n\n<figure class=\"wp-block-image size-full\"><img loading=\"lazy\" decoding=\"async\" width=\"843\" height=\"251\" src=\"https:\/\/focotocantinense.com.br\/wp-content\/uploads\/2024\/03\/VINI_181-13.jpg\" alt=\"\" class=\"wp-image-7110\" srcset=\"https:\/\/focotocantinense.com.br\/wp-content\/uploads\/2024\/03\/VINI_181-13.jpg 843w, https:\/\/focotocantinense.com.br\/wp-content\/uploads\/2024\/03\/VINI_181-13-300x89.jpg 300w, https:\/\/focotocantinense.com.br\/wp-content\/uploads\/2024\/03\/VINI_181-13-768x229.jpg 768w\" sizes=\"auto, (max-width: 843px) 100vw, 843px\" \/><\/figure>\n","protected":false},"excerpt":{"rendered":"<p>Na sexta-feira, 22, o Col\u00e9gio Estadual Nossa Senhora da Provid\u00eancia, em Lajeado (TO), realizou uma roda de conversa liter\u00e1ria para os alunos do Ensino M\u00e9dio &nbsp;com os escritores Zacarias Martins e Jo\u00e3o Gomes da Silva, que residem em Gurupi. \u201cEssa a\u00e7\u00e3o faz parte do Projeto Integrador de Linguagens. Al\u00e9m disso, tamb\u00e9m integra o Projeto Clube &hellip;<\/p>\n","protected":false},"author":5,"featured_media":7126,"comment_status":"open","ping_status":"open","sticky":false,"template":"","format":"standard","meta":{"footnotes":""},"categories":[72],"tags":[],"class_list":["post-7125","post","type-post","status-publish","format-standard","has-post-thumbnail","","category-lajeado"],"_links":{"self":[{"href":"https:\/\/focotocantinense.com.br\/index.php?rest_route=\/wp\/v2\/posts\/7125","targetHints":{"allow":["GET"]}}],"collection":[{"href":"https:\/\/focotocantinense.com.br\/index.php?rest_route=\/wp\/v2\/posts"}],"about":[{"href":"https:\/\/focotocantinense.com.br\/index.php?rest_route=\/wp\/v2\/types\/post"}],"author":[{"embeddable":true,"href":"https:\/\/focotocantinense.com.br\/index.php?rest_route=\/wp\/v2\/users\/5"}],"replies":[{"embeddable":true,"href":"https:\/\/focotocantinense.com.br\/index.php?rest_route=%2Fwp%2Fv2%2Fcomments&post=7125"}],"version-history":[{"count":1,"href":"https:\/\/focotocantinense.com.br\/index.php?rest_route=\/wp\/v2\/posts\/7125\/revisions"}],"predecessor-version":[{"id":7131,"href":"https:\/\/focotocantinense.com.br\/index.php?rest_route=\/wp\/v2\/posts\/7125\/revisions\/7131"}],"wp:featuredmedia":[{"embeddable":true,"href":"https:\/\/focotocantinense.com.br\/index.php?rest_route=\/wp\/v2\/media\/7126"}],"wp:attachment":[{"href":"https:\/\/focotocantinense.com.br\/index.php?rest_route=%2Fwp%2Fv2%2Fmedia&parent=7125"}],"wp:term":[{"taxonomy":"category","embeddable":true,"href":"https:\/\/focotocantinense.com.br\/index.php?rest_route=%2Fwp%2Fv2%2Fcategories&post=7125"},{"taxonomy":"post_tag","embeddable":true,"href":"https:\/\/focotocantinense.com.br\/index.php?rest_route=%2Fwp%2Fv2%2Ftags&post=7125"}],"curies":[{"name":"wp","href":"https:\/\/api.w.org\/{rel}","templated":true}]}}