{"id":7119,"date":"2024-03-21T18:28:44","date_gmt":"2024-03-21T21:28:44","guid":{"rendered":"https:\/\/focotocantinense.com.br\/?p=7119"},"modified":"2024-03-21T18:29:29","modified_gmt":"2024-03-21T21:29:29","slug":"escritor-joao-gomes-participa-de-roda-de-conversa-em-escola-municipal-de-tocantinia","status":"publish","type":"post","link":"https:\/\/focotocantinense.com.br\/?p=7119","title":{"rendered":"Escritor Jo\u00e3o Gomes participa de\u00a0 roda de conversa em escola municipal de Tocant\u00ednia"},"content":{"rendered":"\n<p><strong>Por Zacarias Martins<\/strong><\/p>\n\n\n\n<p>Na manh\u00e3 desta quinta-feira, 21, o escritor e te\u00f3logo Jo\u00e3o Gomes da Silva, de Gurupi, participou&nbsp; de uma roda de conversa liter\u00e1ria com alunos da Escola Municipal &nbsp;de&nbsp; Tempo Integral Antonio Benvindo da Luz. Jo\u00e3o Gomes \u00e9 autor de quatro livros publicados e titular da Academia Gurupiense de Letras (AGL).<\/p>\n\n\n\n<p>A presen\u00e7a desse escritor na unidade escolar &nbsp;integra o leque de atividades do Projeto Leitura Vida, colocada em pr\u00e1tica pela Secretaria Municipal de Educa\u00e7\u00e3o (Semed), visando o incentivo \u00e0 leitura e a produ\u00e7\u00e3o textual.<\/p>\n\n\n\n<p>O secret\u00e1rio de Educa\u00e7\u00e3o de Tocant\u00ednia, professor Andr\u00e9 Goveia, informou que o Projeto Leitura Viva, ao longo da sua exist\u00eancia vem colhendo&nbsp;resultados extremamente positivos no seio estudantil, especialmente, ao propiciar esse contato dos alunos com os escritores tocantinenses.<\/p>\n\n\n\n<p>\u201cA presen\u00e7a do renomado escritor Jo\u00e3o Gomes da Silva na escola \u00e9 motivo de muita alegria e uma grande oportunidade de aprendizado para os nossos alunos\u201d, concluiu o secret\u00e1rio.<\/p>\n\n\n\n<p>J\u00e1 a gestora da unidade escolar, Simone de Jesus Silva disse que se sentia\u00a0 gratificada\u00a0\u00a0 com essa roda de conversa, que segundo ela, se transformou numa importante ferramenta que contribui para ampliar ainda mais\u00a0 os horizontes dos alunos da rede municipal de educa\u00e7\u00e3o.\u00a0<\/p>\n\n\n\n<figure class=\"wp-block-image size-large\"><img loading=\"lazy\" decoding=\"async\" width=\"1024\" height=\"576\" src=\"https:\/\/focotocantinense.com.br\/wp-content\/uploads\/2024\/03\/bbb-1-1024x576.jpg\" alt=\"\" class=\"wp-image-7121\" srcset=\"https:\/\/focotocantinense.com.br\/wp-content\/uploads\/2024\/03\/bbb-1-1024x576.jpg 1024w, https:\/\/focotocantinense.com.br\/wp-content\/uploads\/2024\/03\/bbb-1-300x169.jpg 300w, https:\/\/focotocantinense.com.br\/wp-content\/uploads\/2024\/03\/bbb-1-768x432.jpg 768w, https:\/\/focotocantinense.com.br\/wp-content\/uploads\/2024\/03\/bbb-1.jpg 1280w\" sizes=\"auto, (max-width: 1024px) 100vw, 1024px\" \/><\/figure>\n\n\n\n<p><\/p>\n\n\n\n<figure class=\"wp-block-image size-large\"><img loading=\"lazy\" decoding=\"async\" width=\"1024\" height=\"576\" src=\"https:\/\/focotocantinense.com.br\/wp-content\/uploads\/2024\/03\/aaa-3-1024x576.jpg\" alt=\"\" class=\"wp-image-7120\" srcset=\"https:\/\/focotocantinense.com.br\/wp-content\/uploads\/2024\/03\/aaa-3-1024x576.jpg 1024w, https:\/\/focotocantinense.com.br\/wp-content\/uploads\/2024\/03\/aaa-3-300x169.jpg 300w, https:\/\/focotocantinense.com.br\/wp-content\/uploads\/2024\/03\/aaa-3-768x432.jpg 768w, https:\/\/focotocantinense.com.br\/wp-content\/uploads\/2024\/03\/aaa-3-1536x864.jpg 1536w, https:\/\/focotocantinense.com.br\/wp-content\/uploads\/2024\/03\/aaa-3.jpg 1599w\" sizes=\"auto, (max-width: 1024px) 100vw, 1024px\" \/><\/figure>\n\n\n\n<p><\/p>\n\n\n\n<p><\/p>\n\n\n\n<figure class=\"wp-block-image size-full\"><img loading=\"lazy\" decoding=\"async\" width=\"843\" height=\"251\" src=\"https:\/\/focotocantinense.com.br\/wp-content\/uploads\/2024\/03\/VINI_181-13.jpg\" alt=\"\" class=\"wp-image-7110\" srcset=\"https:\/\/focotocantinense.com.br\/wp-content\/uploads\/2024\/03\/VINI_181-13.jpg 843w, https:\/\/focotocantinense.com.br\/wp-content\/uploads\/2024\/03\/VINI_181-13-300x89.jpg 300w, https:\/\/focotocantinense.com.br\/wp-content\/uploads\/2024\/03\/VINI_181-13-768x229.jpg 768w\" sizes=\"auto, (max-width: 843px) 100vw, 843px\" \/><\/figure>\n","protected":false},"excerpt":{"rendered":"<p>Por Zacarias Martins Na manh\u00e3 desta quinta-feira, 21, o escritor e te\u00f3logo Jo\u00e3o Gomes da Silva, de Gurupi, participou&nbsp; de uma roda de conversa liter\u00e1ria com alunos da Escola Municipal &nbsp;de&nbsp; Tempo Integral Antonio Benvindo da Luz. Jo\u00e3o Gomes \u00e9 autor de quatro livros publicados e titular da Academia Gurupiense de Letras (AGL). A presen\u00e7a &hellip;<\/p>\n","protected":false},"author":5,"featured_media":7121,"comment_status":"open","ping_status":"open","sticky":false,"template":"","format":"standard","meta":{"footnotes":""},"categories":[1,78],"tags":[],"class_list":["post-7119","post","type-post","status-publish","format-standard","has-post-thumbnail","","category-sem-categoria","category-tocantinia"],"_links":{"self":[{"href":"https:\/\/focotocantinense.com.br\/index.php?rest_route=\/wp\/v2\/posts\/7119","targetHints":{"allow":["GET"]}}],"collection":[{"href":"https:\/\/focotocantinense.com.br\/index.php?rest_route=\/wp\/v2\/posts"}],"about":[{"href":"https:\/\/focotocantinense.com.br\/index.php?rest_route=\/wp\/v2\/types\/post"}],"author":[{"embeddable":true,"href":"https:\/\/focotocantinense.com.br\/index.php?rest_route=\/wp\/v2\/users\/5"}],"replies":[{"embeddable":true,"href":"https:\/\/focotocantinense.com.br\/index.php?rest_route=%2Fwp%2Fv2%2Fcomments&post=7119"}],"version-history":[{"count":1,"href":"https:\/\/focotocantinense.com.br\/index.php?rest_route=\/wp\/v2\/posts\/7119\/revisions"}],"predecessor-version":[{"id":7122,"href":"https:\/\/focotocantinense.com.br\/index.php?rest_route=\/wp\/v2\/posts\/7119\/revisions\/7122"}],"wp:featuredmedia":[{"embeddable":true,"href":"https:\/\/focotocantinense.com.br\/index.php?rest_route=\/wp\/v2\/media\/7121"}],"wp:attachment":[{"href":"https:\/\/focotocantinense.com.br\/index.php?rest_route=%2Fwp%2Fv2%2Fmedia&parent=7119"}],"wp:term":[{"taxonomy":"category","embeddable":true,"href":"https:\/\/focotocantinense.com.br\/index.php?rest_route=%2Fwp%2Fv2%2Fcategories&post=7119"},{"taxonomy":"post_tag","embeddable":true,"href":"https:\/\/focotocantinense.com.br\/index.php?rest_route=%2Fwp%2Fv2%2Ftags&post=7119"}],"curies":[{"name":"wp","href":"https:\/\/api.w.org\/{rel}","templated":true}]}}