{"id":7116,"date":"2024-03-21T11:46:12","date_gmt":"2024-03-21T14:46:12","guid":{"rendered":"https:\/\/focotocantinense.com.br\/?p=7116"},"modified":"2024-03-21T11:46:12","modified_gmt":"2024-03-21T14:46:12","slug":"deputado-antonio-andrade-busca-solucoes-para-o-aeroporto-de-porto-nacional-em-audiencia-com-ministro-silvio-costa-filho","status":"publish","type":"post","link":"https:\/\/focotocantinense.com.br\/?p=7116","title":{"rendered":"Deputado Antonio Andrade busca solu\u00e7\u00f5es para o Aeroporto de Porto Nacional em audi\u00eancia com ministro Silvio Costa Filho"},"content":{"rendered":"\n<p>Na busca por melhorias na infraestrutura aeroportu\u00e1ria, o Deputado Antonio Andrade (Republicanos) realizou uma audi\u00eancia crucial com o ministro de Portos e Aeroportos, Silvio Costa Filho, nesta quarta-feira, 20 de mar\u00e7o. O foco do encontro foi discutir medidas para impulsionar o desenvolvimento do Aeroporto de Porto Nacional, uma pe\u00e7a que era vital na conectividade regional e no est\u00edmulo econ\u00f4mico do Tocantins.<\/p>\n\n\n\n<p>Durante a audi\u00eancia, o Deputado Andrade destacou a import\u00e2ncia da retomada do Aeroporto para a regi\u00e3o, enfatizando seu potencial para impulsionar o turismo, facilitar o transporte de cargas e passageiros, e fortalecer a economia local.<\/p>\n\n\n\n<p>O ministro demonstrou receptividade \u00e0s demandas apresentadas pelo deputado, comprometendo-se a estudar medidas para a reabertura do aeroporto. Entre os pontos discutidos, est\u00e3o investimentos em infraestrutura, como por exemplo, o alargamento da pista de pouso.<\/p>\n\n\n\n<p>\u201cO deputado Toinho, que tem feito um belo trabalho no Congresso Nacional, vem trazer pra gente uma demanda do aeroporto da cidade, um aeroporto que j\u00e1 foi muito estrat\u00e9gico para o desenvolvimento da regi\u00e3o. Infelizmente, nesses \u00faltimos anos ele ficou inoperante. N\u00f3s estamos dialogando com a ANAC e vamos iniciar uma discuss\u00e3o para discutir o projeto aqui no Minist\u00e9rio, para que a gente possa voltar a viabilizar esse aeroporto como instrumento de desenvolvimento para a regi\u00e3o. At\u00e9 porque, onde o avi\u00e3o pousa, a cidade decola\u201d, afirmou Silvio.<\/p>\n\n\n\n<p>\u201cAgradecer o amigo Silvio Costa Filho, nosso ministro de Portos e Aeroportos do Republicanos. Um grande amigo que a gente tem a honra de dizer que \u00e9 o orgulho do nosso partido. Ele que est\u00e1 me dando a oportunidade de trazer uma demanda de Porto Nacional, demanda essa que tamb\u00e9m \u00e9 do Tocantins. Muito obrigado\u201d, afirmou Andrade.<\/p>\n\n\n\n<p>Al\u00e9m disso, foram abordadas quest\u00f5es relacionadas \u00e0 seguran\u00e7a e regularidade das opera\u00e7\u00f5es a\u00e9reas, visando garantir um ambiente seguro e confi\u00e1vel para os trabalhadores que mais \u00e0 frente, ir\u00e3o trabalhar no aeroporto.<\/p>\n\n\n\n<p>Assessoria de Comunica\u00e7\u00e3o \u2013 Deputado Federal Antonio Andrade<\/p>\n","protected":false},"excerpt":{"rendered":"<p>Na busca por melhorias na infraestrutura aeroportu\u00e1ria, o Deputado Antonio Andrade (Republicanos) realizou uma audi\u00eancia crucial com o ministro de Portos e Aeroportos, Silvio Costa Filho, nesta quarta-feira, 20 de mar\u00e7o. O foco do encontro foi discutir medidas para impulsionar o desenvolvimento do Aeroporto de Porto Nacional, uma pe\u00e7a que era vital na conectividade regional &hellip;<\/p>\n","protected":false},"author":5,"featured_media":7117,"comment_status":"open","ping_status":"open","sticky":false,"template":"","format":"standard","meta":{"footnotes":""},"categories":[1],"tags":[],"class_list":["post-7116","post","type-post","status-publish","format-standard","has-post-thumbnail","","category-sem-categoria"],"_links":{"self":[{"href":"https:\/\/focotocantinense.com.br\/index.php?rest_route=\/wp\/v2\/posts\/7116","targetHints":{"allow":["GET"]}}],"collection":[{"href":"https:\/\/focotocantinense.com.br\/index.php?rest_route=\/wp\/v2\/posts"}],"about":[{"href":"https:\/\/focotocantinense.com.br\/index.php?rest_route=\/wp\/v2\/types\/post"}],"author":[{"embeddable":true,"href":"https:\/\/focotocantinense.com.br\/index.php?rest_route=\/wp\/v2\/users\/5"}],"replies":[{"embeddable":true,"href":"https:\/\/focotocantinense.com.br\/index.php?rest_route=%2Fwp%2Fv2%2Fcomments&post=7116"}],"version-history":[{"count":1,"href":"https:\/\/focotocantinense.com.br\/index.php?rest_route=\/wp\/v2\/posts\/7116\/revisions"}],"predecessor-version":[{"id":7118,"href":"https:\/\/focotocantinense.com.br\/index.php?rest_route=\/wp\/v2\/posts\/7116\/revisions\/7118"}],"wp:featuredmedia":[{"embeddable":true,"href":"https:\/\/focotocantinense.com.br\/index.php?rest_route=\/wp\/v2\/media\/7117"}],"wp:attachment":[{"href":"https:\/\/focotocantinense.com.br\/index.php?rest_route=%2Fwp%2Fv2%2Fmedia&parent=7116"}],"wp:term":[{"taxonomy":"category","embeddable":true,"href":"https:\/\/focotocantinense.com.br\/index.php?rest_route=%2Fwp%2Fv2%2Fcategories&post=7116"},{"taxonomy":"post_tag","embeddable":true,"href":"https:\/\/focotocantinense.com.br\/index.php?rest_route=%2Fwp%2Fv2%2Ftags&post=7116"}],"curies":[{"name":"wp","href":"https:\/\/api.w.org\/{rel}","templated":true}]}}