{"id":7108,"date":"2024-03-20T12:29:50","date_gmt":"2024-03-20T15:29:50","guid":{"rendered":"https:\/\/focotocantinense.com.br\/?p=7108"},"modified":"2024-03-20T12:32:18","modified_gmt":"2024-03-20T15:32:18","slug":"vereador-gabriel-bezerra-aciona-promotoria-de-justica-em-meio-a-crise-de-saneamento-em-formoso-do-araguaia","status":"publish","type":"post","link":"https:\/\/focotocantinense.com.br\/?p=7108","title":{"rendered":"Vereador Gabriel Bezerra aciona promotoria de Justi\u00e7a em meio \u00e0 crise de saneamento em Formoso do Araguaia"},"content":{"rendered":"\n<p><strong>Por Jonas Amaral<\/strong><\/p>\n\n\n\n<p>Na manh\u00e3 desta ter\u00e7a-feira, dia 19 de mar\u00e7o, a C\u00e2mara Municipal de Formoso do Araguaia foi palco de uma sess\u00e3o ordin\u00e1ria marcada pela urg\u00eancia e determina\u00e7\u00e3o dos legisladores em abordar uma crise de saneamento que assola a cidade. A vereadora Rosinha JB obteve unanimidade na aprova\u00e7\u00e3o de um requerimento decisivo, a instaura\u00e7\u00e3o de uma Audi\u00eancia P\u00fablica com a BRK Ambiental, visando discutir os transtornos enfrentados pela popula\u00e7\u00e3o devido aos servi\u00e7os deficientes da empresa.<\/p>\n\n\n\n<p>O requerimento aprovado reflete a gravidade da situa\u00e7\u00e3o, mas \u00e9 o vereador Gabriel Bezerra que eleva o tom das cobran\u00e7as. Desde o in\u00edcio de sua legislatura, em 2021, registros de falhas na presta\u00e7\u00e3o dos servi\u00e7os p\u00fablicos v\u00eam se acumulando. Bezerra ressalta que, tais falhas j\u00e1 foram at\u00e9 assunto em audi\u00eancia p\u00fablica anterior onde ficou acertado da empresa resolver os problemas o que segundo o parlamentar n\u00e3o cumpriram.<\/p>\n\n\n\n<p>A crescente preocupa\u00e7\u00e3o do vereador se manifesta em um recente of\u00edcio enviado ao Promotor de Justi\u00e7a do munic\u00edpio, datado de 14 de mar\u00e7o. Nele, Bezerra destaca os problemas persistentes no fornecimento de \u00e1gua pot\u00e1vel e saneamento pela BRK Ambiental, problemas que remontam ao in\u00edcio da atual legislatura.<\/p>\n\n\n\n<p>Bezerra n\u00e3o est\u00e1 sozinho em suas preocupa\u00e7\u00f5es. Ele apontou outros munic\u00edpios onde a empresa atua, como Palmas e Aragua\u00edna, que j\u00e1 enfrentaram situa\u00e7\u00f5es semelhantes, inclusive com a instaura\u00e7\u00e3o de CPIs. No entanto, \u00e9 a situa\u00e7\u00e3o em Formoso do Araguaia que atinge n\u00edveis especialmente alarmantes, com relatos recentes de fornecimento de \u00e1gua de m\u00e1 qualidade e deteriora\u00e7\u00e3o da infraestrutura urbana.<\/p>\n\n\n\n<p>O vereador enfatiza que os problemas n\u00e3o se restringem \u00e0 quest\u00e3o da \u00e1gua, apontando a precariedade da malha asf\u00e1ltica causada pela empresa como um problema de d\u00e9cadas que precisa ser urgentemente enfrentado.&nbsp;<em>\u201cMenos de 50% das ruas s\u00e3o asfaltadas, e boa parte da pavimenta\u00e7\u00e3o existente est\u00e1 em condi\u00e7\u00f5es prec\u00e1rias\u201d,<\/em>&nbsp;afirma Bezerra.<\/p>\n\n\n\n<p>No of\u00edcio encaminhado \u00e0 Promotoria de Justi\u00e7a, Bezerra solicita medidas en\u00e9rgicas e imediatas. Entre os pedidos, est\u00e3o a realiza\u00e7\u00e3o de uma A\u00e7\u00e3o Civil P\u00fablica para garantir o direito humano \u00e0 \u00e1gua pot\u00e1vel e saneamento, bem como o reembolso e absten\u00e7\u00e3o de pagamento dos consumidores afetados e a condena\u00e7\u00e3o da empresa em danos morais coletivos, conforme estabelecido na Lei Org\u00e2nica do Minist\u00e9rio P\u00fablico.<\/p>\n\n\n\n<p>Diante deste contexto, a convoca\u00e7\u00e3o da Audi\u00eancia P\u00fablica se revela como uma oportunidade crucial para debater e buscar solu\u00e7\u00f5es para os problemas enfrentados pelos cidad\u00e3os de Formoso do Araguaia. Agora, resta aguardar as pr\u00f3ximas a\u00e7\u00f5es das autoridades competentes, na esperan\u00e7a de que medidas concretas sejam tomadas para garantir servi\u00e7os b\u00e1sicos de qualidade e em conformidade com a legisla\u00e7\u00e3o vigente.<\/p>\n\n\n\n<figure class=\"wp-block-image size-full\"><img loading=\"lazy\" decoding=\"async\" width=\"828\" height=\"621\" src=\"https:\/\/focotocantinense.com.br\/wp-content\/uploads\/2024\/03\/Gabriel-Bezerra-1.jpeg\" alt=\"\" class=\"wp-image-7111\" srcset=\"https:\/\/focotocantinense.com.br\/wp-content\/uploads\/2024\/03\/Gabriel-Bezerra-1.jpeg 828w, https:\/\/focotocantinense.com.br\/wp-content\/uploads\/2024\/03\/Gabriel-Bezerra-1-300x225.jpeg 300w, https:\/\/focotocantinense.com.br\/wp-content\/uploads\/2024\/03\/Gabriel-Bezerra-1-768x576.jpeg 768w\" sizes=\"auto, (max-width: 828px) 100vw, 828px\" \/><\/figure>\n\n\n\n<p><\/p>\n\n\n\n<p><strong><em>Veja o que diz a BRK Ambiental<\/em><\/strong><\/p>\n\n\n\n<blockquote class=\"wp-block-quote is-layout-flow wp-block-quote-is-layout-flow\">\n<p><em>\u201cA BRK informa que atende rigorosamente \u00e0s recomenda\u00e7\u00f5es do Minist\u00e9rio da Sa\u00fade quanto aos par\u00e2metros de potabilidade da \u00e1gua distribu\u00edda no munic\u00edpio de Formoso do Araguaia, e que todos os Sistemas de Abastecimento e Distribui\u00e7\u00e3o de \u00c1gua em opera\u00e7\u00e3o disp\u00f5em de programas de monitoramento de qualidade da \u00e1gua em atendimento a legisla\u00e7\u00e3o, visando assegurar a qualidade da \u00e1gua tratada e distribu\u00edda \u00e0 popula\u00e7\u00e3o.<\/em><\/p>\n\n\n\n<p><em>Na segunda semana de mar\u00e7o houve uma intercorr\u00eancia pontual que foi brevemente solucionada pelas equipes da BRK.<\/em><\/p>\n\n\n\n<p><em>A concession\u00e1ria orienta que, em casos de d\u00favidas e solicita\u00e7\u00f5es, os clientes entrem em contato por meio do telefone&nbsp;0800 644 0195&nbsp;ou&nbsp;por mensagem via WhatsApp&nbsp;(11) 99988-0001\u201d.<\/em><\/p>\n<\/blockquote>\n\n\n\n<figure class=\"wp-block-image size-full\"><img loading=\"lazy\" decoding=\"async\" width=\"843\" height=\"251\" src=\"https:\/\/focotocantinense.com.br\/wp-content\/uploads\/2024\/03\/VINI_181-13.jpg\" alt=\"\" class=\"wp-image-7110\" srcset=\"https:\/\/focotocantinense.com.br\/wp-content\/uploads\/2024\/03\/VINI_181-13.jpg 843w, https:\/\/focotocantinense.com.br\/wp-content\/uploads\/2024\/03\/VINI_181-13-300x89.jpg 300w, https:\/\/focotocantinense.com.br\/wp-content\/uploads\/2024\/03\/VINI_181-13-768x229.jpg 768w\" sizes=\"auto, (max-width: 843px) 100vw, 843px\" \/><\/figure>\n","protected":false},"excerpt":{"rendered":"<p>Por Jonas Amaral Na manh\u00e3 desta ter\u00e7a-feira, dia 19 de mar\u00e7o, a C\u00e2mara Municipal de Formoso do Araguaia foi palco de uma sess\u00e3o ordin\u00e1ria marcada pela urg\u00eancia e determina\u00e7\u00e3o dos legisladores em abordar uma crise de saneamento que assola a cidade. A vereadora Rosinha JB obteve unanimidade na aprova\u00e7\u00e3o de um requerimento decisivo, a instaura\u00e7\u00e3o &hellip;<\/p>\n","protected":false},"author":5,"featured_media":7109,"comment_status":"open","ping_status":"open","sticky":false,"template":"","format":"standard","meta":{"footnotes":""},"categories":[51],"tags":[],"class_list":["post-7108","post","type-post","status-publish","format-standard","has-post-thumbnail","","category-formoso-do-araguaia"],"_links":{"self":[{"href":"https:\/\/focotocantinense.com.br\/index.php?rest_route=\/wp\/v2\/posts\/7108","targetHints":{"allow":["GET"]}}],"collection":[{"href":"https:\/\/focotocantinense.com.br\/index.php?rest_route=\/wp\/v2\/posts"}],"about":[{"href":"https:\/\/focotocantinense.com.br\/index.php?rest_route=\/wp\/v2\/types\/post"}],"author":[{"embeddable":true,"href":"https:\/\/focotocantinense.com.br\/index.php?rest_route=\/wp\/v2\/users\/5"}],"replies":[{"embeddable":true,"href":"https:\/\/focotocantinense.com.br\/index.php?rest_route=%2Fwp%2Fv2%2Fcomments&post=7108"}],"version-history":[{"count":3,"href":"https:\/\/focotocantinense.com.br\/index.php?rest_route=\/wp\/v2\/posts\/7108\/revisions"}],"predecessor-version":[{"id":7114,"href":"https:\/\/focotocantinense.com.br\/index.php?rest_route=\/wp\/v2\/posts\/7108\/revisions\/7114"}],"wp:featuredmedia":[{"embeddable":true,"href":"https:\/\/focotocantinense.com.br\/index.php?rest_route=\/wp\/v2\/media\/7109"}],"wp:attachment":[{"href":"https:\/\/focotocantinense.com.br\/index.php?rest_route=%2Fwp%2Fv2%2Fmedia&parent=7108"}],"wp:term":[{"taxonomy":"category","embeddable":true,"href":"https:\/\/focotocantinense.com.br\/index.php?rest_route=%2Fwp%2Fv2%2Fcategories&post=7108"},{"taxonomy":"post_tag","embeddable":true,"href":"https:\/\/focotocantinense.com.br\/index.php?rest_route=%2Fwp%2Fv2%2Ftags&post=7108"}],"curies":[{"name":"wp","href":"https:\/\/api.w.org\/{rel}","templated":true}]}}