{"id":7103,"date":"2024-03-19T19:14:54","date_gmt":"2024-03-19T22:14:54","guid":{"rendered":"https:\/\/focotocantinense.com.br\/?p=7103"},"modified":"2024-03-19T19:14:54","modified_gmt":"2024-03-19T22:14:54","slug":"formosense-daniel-de-brito-fragoso-assume-cadeira-na-academia-tocantinense-do-agronegocio-em-destaque-para-pesquisa-agropecuaria","status":"publish","type":"post","link":"https:\/\/focotocantinense.com.br\/?p=7103","title":{"rendered":"Formosense Daniel de Brito Fragoso assume cadeira na Academia Tocantinense do Agroneg\u00f3cio em destaque para pesquisa agropecu\u00e1ria"},"content":{"rendered":"\n<p><strong>Por Jonas Amaral<\/strong><\/p>\n\n\n\n<p>Uma iniciativa inovadora est\u00e1 sendo lan\u00e7ada para valorizar e impulsionar o agroneg\u00f3cio, base fundamental da economia local. A rec\u00e9m-fundada Academia Tocantinense do Agroneg\u00f3cio, uma entidade sem fins lucrativos, est\u00e1 pronta para inaugurar suas atividades, com destaque para a posse dos primeiros oito membros, marcada para esta quarta-feira, 20 de mar\u00e7o, \u00e0s 19h30, no audit\u00f3rio do Senai, em Palmas.<\/p>\n\n\n\n<p>Idealizada e fundada pelo m\u00e9dico veterin\u00e1rio C\u00e9sar Hanna Halum, a Academia tem como miss\u00e3o primordial registrar a hist\u00f3ria, debater o presente e propor estrat\u00e9gias de longo prazo para subsidiar pol\u00edticas estaduais voltadas ao setor do agroneg\u00f3cio, meio ambiente e pesquisa cient\u00edfica. Esta iniciativa visa contribuir significativamente para o desenvolvimento sustent\u00e1vel do Tocantins.<\/p>\n\n\n\n<p>Entre os primeiros ocupantes das cadeiras patronas da Academia, destaca-se o formosense Daniel de Brito Fragoso, que assume a Cadeira N\u00ba 04 \u2013 Pesquisa Agropecu\u00e1ria. Fragoso \u00e9 reconhecido por suas contribui\u00e7\u00f5es significativas no campo da pesquisa, trazendo consigo uma vasta experi\u00eancia e conhecimento que certamente enriquecer\u00e1 os debates e propostas da Academia.<\/p>\n\n\n\n<p>Segundo C\u00e9sar Hanna Halum, o objetivo principal \u00e9 dar voz e representatividade aos diversos segmentos do agroneg\u00f3cio, garantindo que a entidade seja formada por t\u00e9cnicos qualificados que abranjam universidades, \u00f3rg\u00e3os de pesquisa, produ\u00e7\u00e3o rural e agricultura familiar.<\/p>\n\n\n\n<p>A posse dos membros acad\u00eamicos marca o in\u00edcio de um processo cont\u00ednuo de constru\u00e7\u00e3o e fortalecimento desta importante institui\u00e7\u00e3o no cen\u00e1rio do agroneg\u00f3cio tocantinense. Ao longo deste ano de 2024, outras sete cadeiras ser\u00e3o preenchidas, mantendo-se os crit\u00e9rios rigorosos estabelecidos no estatuto e regimento interno da Academia.<\/p>\n\n\n\n<p><strong><em>Sobre Daniel Fragoso<\/em><\/strong><\/p>\n\n\n\n<p>Daniel de Brito Fragoso \u00e9 natural de Formoso do Araguaia, Engenheiro Agr\u00f4nomo formado pela Universidade do Tocantins- UNITINS, em 1997. Mestrado e Doutorado em Entomologia- Universidade Federal de Vi\u00e7osa, em 2000 e 2003. Cientista Visitante na Kansas State University, em 2007.<\/p>\n\n\n\n<p><strong><em>Autor de publica\u00e7\u00f5es t\u00e9cnica-cient\u00edfic.<\/em><\/strong><\/p>\n\n\n\n<p>Agraciado com homenagens e in\u00fameros pr\u00eamios recebidos, a citar a Medalha da Comenda do M\u00e9rito do Agroneg\u00f3cio do Estado do Tocantins, em 2022, concedida pela Assembleia Legislativa do TO na categoria Pesquisador.<\/p>\n\n\n\n<p><strong><em>Atua\u00e7\u00e3o profissional:<\/em><\/strong><\/p>\n\n\n\n<p>Pesquisador na UNITINS -2003 a 2010.&nbsp; Contribuiu para estrutura\u00e7\u00e3o da Organiza\u00e7\u00e3o Estadual de Pesquisa Agropecu\u00e1ria do Estado do Tocantins, a UNITINS AGRO.<\/p>\n\n\n\n<p>Pesquisador da EMBRAPA -2011 a atual, contribuiu para orizicultura tocantinense, colaborando com o desenvolvimento de cultivares de arroz para o Tocantins. Na Embrapa Pesca e Aquicultura e Sistemas Agr\u00edcolas, exerceu o cargo de Chefe Adjunto de Transfer\u00eancia de Tecnologia. Atualmente contribui com pesquisas na \u00e1rea de Fitossanidade\/Entomologia Aplicada.<\/p>\n\n\n\n<figure class=\"wp-block-image size-full\"><img loading=\"lazy\" decoding=\"async\" width=\"893\" height=\"495\" src=\"https:\/\/focotocantinense.com.br\/wp-content\/uploads\/2024\/03\/aaaaa.jpg\" alt=\"\" class=\"wp-image-7106\" srcset=\"https:\/\/focotocantinense.com.br\/wp-content\/uploads\/2024\/03\/aaaaa.jpg 893w, https:\/\/focotocantinense.com.br\/wp-content\/uploads\/2024\/03\/aaaaa-300x166.jpg 300w, https:\/\/focotocantinense.com.br\/wp-content\/uploads\/2024\/03\/aaaaa-768x426.jpg 768w\" sizes=\"auto, (max-width: 893px) 100vw, 893px\" \/><\/figure>\n\n\n\n<p><\/p>\n\n\n\n<figure class=\"wp-block-image size-full\"><img loading=\"lazy\" decoding=\"async\" width=\"843\" height=\"251\" src=\"https:\/\/focotocantinense.com.br\/wp-content\/uploads\/2024\/03\/VINI_181-12.jpg\" alt=\"\" class=\"wp-image-7105\" srcset=\"https:\/\/focotocantinense.com.br\/wp-content\/uploads\/2024\/03\/VINI_181-12.jpg 843w, https:\/\/focotocantinense.com.br\/wp-content\/uploads\/2024\/03\/VINI_181-12-300x89.jpg 300w, https:\/\/focotocantinense.com.br\/wp-content\/uploads\/2024\/03\/VINI_181-12-768x229.jpg 768w\" sizes=\"auto, (max-width: 843px) 100vw, 843px\" \/><\/figure>\n","protected":false},"excerpt":{"rendered":"<p>Por Jonas Amaral Uma iniciativa inovadora est\u00e1 sendo lan\u00e7ada para valorizar e impulsionar o agroneg\u00f3cio, base fundamental da economia local. A rec\u00e9m-fundada Academia Tocantinense do Agroneg\u00f3cio, uma entidade sem fins lucrativos, est\u00e1 pronta para inaugurar suas atividades, com destaque para a posse dos primeiros oito membros, marcada para esta quarta-feira, 20 de mar\u00e7o, \u00e0s 19h30, &hellip;<\/p>\n","protected":false},"author":5,"featured_media":7104,"comment_status":"open","ping_status":"open","sticky":false,"template":"","format":"standard","meta":{"footnotes":""},"categories":[114],"tags":[],"class_list":["post-7103","post","type-post","status-publish","format-standard","has-post-thumbnail","","category-agronegocio"],"_links":{"self":[{"href":"https:\/\/focotocantinense.com.br\/index.php?rest_route=\/wp\/v2\/posts\/7103","targetHints":{"allow":["GET"]}}],"collection":[{"href":"https:\/\/focotocantinense.com.br\/index.php?rest_route=\/wp\/v2\/posts"}],"about":[{"href":"https:\/\/focotocantinense.com.br\/index.php?rest_route=\/wp\/v2\/types\/post"}],"author":[{"embeddable":true,"href":"https:\/\/focotocantinense.com.br\/index.php?rest_route=\/wp\/v2\/users\/5"}],"replies":[{"embeddable":true,"href":"https:\/\/focotocantinense.com.br\/index.php?rest_route=%2Fwp%2Fv2%2Fcomments&post=7103"}],"version-history":[{"count":1,"href":"https:\/\/focotocantinense.com.br\/index.php?rest_route=\/wp\/v2\/posts\/7103\/revisions"}],"predecessor-version":[{"id":7107,"href":"https:\/\/focotocantinense.com.br\/index.php?rest_route=\/wp\/v2\/posts\/7103\/revisions\/7107"}],"wp:featuredmedia":[{"embeddable":true,"href":"https:\/\/focotocantinense.com.br\/index.php?rest_route=\/wp\/v2\/media\/7104"}],"wp:attachment":[{"href":"https:\/\/focotocantinense.com.br\/index.php?rest_route=%2Fwp%2Fv2%2Fmedia&parent=7103"}],"wp:term":[{"taxonomy":"category","embeddable":true,"href":"https:\/\/focotocantinense.com.br\/index.php?rest_route=%2Fwp%2Fv2%2Fcategories&post=7103"},{"taxonomy":"post_tag","embeddable":true,"href":"https:\/\/focotocantinense.com.br\/index.php?rest_route=%2Fwp%2Fv2%2Ftags&post=7103"}],"curies":[{"name":"wp","href":"https:\/\/api.w.org\/{rel}","templated":true}]}}