{"id":7095,"date":"2024-03-17T16:11:42","date_gmt":"2024-03-17T19:11:42","guid":{"rendered":"https:\/\/focotocantinense.com.br\/?p=7095"},"modified":"2024-03-17T16:12:34","modified_gmt":"2024-03-17T19:12:34","slug":"iran-franca-assume-a-presidencia-do-pp-em-gurupi","status":"publish","type":"post","link":"https:\/\/focotocantinense.com.br\/?p=7095","title":{"rendered":"Iran Fran\u00e7a assume a presid\u00eancia do PP em Gurupi"},"content":{"rendered":"\n<p><strong>Por Zacarias Martins<\/strong><\/p>\n\n\n\n<p><strong>O novo presidente \u00a0do Partido Progressista (PP), em Gurupi, \u00a0agora \u00e9 \u00a0o jornalista Iran Fran\u00e7a. Ele informou neste domingo 17, \u00a0que o seu \u00a0partido vai caminhar junto com o grupo do deputado Eduardo Fortes (PSD).<\/strong><\/p>\n\n\n\n<p><strong>A decis\u00e3o surgiu depois de uma reuni\u00e3o com membros do diret\u00f3rio e pr\u00e9-candidatos a vereador do PP gurupiense.<\/strong><\/p>\n\n\n\n<p><strong>\u201cEssa \u00e9 a decis\u00e3o certa, pois precisamos somar esfor\u00e7os para que o grupo busque uma gest\u00e3o conjunta, com transpar\u00eancia, compromisso partid\u00e1rio e, &nbsp;principalmente, &nbsp;respeito para com o povo de Gurupi\u201d, disse Iran Fran\u00e7a.<\/strong><\/p>\n\n\n\n<p><strong>O presidente do PP gurupiense ainda&nbsp; &nbsp;acrescentou que &nbsp;\u201cGurupi merece mais. Temos a certeza de estarmos tomando a decis\u00e3o certa, pois Gurupi necessita de uma gest\u00e3o comprometida com nosso povo, temos a seguran\u00e7a com esse grupo, e tenho a certeza que somaremos for\u00e7as para oferecer o melhor para nossa cidade e juntos seremos fortes\u201d, finalizou Iran Fran\u00e7a.<\/strong><\/p>\n\n\n\n<figure class=\"wp-block-image size-full is-resized\"><img loading=\"lazy\" decoding=\"async\" width=\"331\" height=\"256\" src=\"https:\/\/focotocantinense.com.br\/wp-content\/uploads\/2024\/03\/AAAA-3.jpg\" alt=\"\" class=\"wp-image-7096\" style=\"width:407px;height:auto\" srcset=\"https:\/\/focotocantinense.com.br\/wp-content\/uploads\/2024\/03\/AAAA-3.jpg 331w, https:\/\/focotocantinense.com.br\/wp-content\/uploads\/2024\/03\/AAAA-3-300x232.jpg 300w\" sizes=\"auto, (max-width: 331px) 100vw, 331px\" \/><\/figure>\n\n\n\n<p><\/p>\n\n\n\n<figure class=\"wp-block-image size-full\"><img loading=\"lazy\" decoding=\"async\" width=\"843\" height=\"251\" src=\"https:\/\/focotocantinense.com.br\/wp-content\/uploads\/2024\/03\/VINI_181-11.jpg\" alt=\"\" class=\"wp-image-7090\" srcset=\"https:\/\/focotocantinense.com.br\/wp-content\/uploads\/2024\/03\/VINI_181-11.jpg 843w, https:\/\/focotocantinense.com.br\/wp-content\/uploads\/2024\/03\/VINI_181-11-300x89.jpg 300w, https:\/\/focotocantinense.com.br\/wp-content\/uploads\/2024\/03\/VINI_181-11-768x229.jpg 768w\" sizes=\"auto, (max-width: 843px) 100vw, 843px\" \/><\/figure>\n","protected":false},"excerpt":{"rendered":"<p>Por Zacarias Martins O novo presidente \u00a0do Partido Progressista (PP), em Gurupi, \u00a0agora \u00e9 \u00a0o jornalista Iran Fran\u00e7a. Ele informou neste domingo 17, \u00a0que o seu \u00a0partido vai caminhar junto com o grupo do deputado Eduardo Fortes (PSD). A decis\u00e3o surgiu depois de uma reuni\u00e3o com membros do diret\u00f3rio e pr\u00e9-candidatos a vereador do PP &hellip;<\/p>\n","protected":false},"author":5,"featured_media":7096,"comment_status":"open","ping_status":"open","sticky":false,"template":"","format":"standard","meta":{"footnotes":""},"categories":[38],"tags":[],"class_list":["post-7095","post","type-post","status-publish","format-standard","has-post-thumbnail","","category-gurupi"],"_links":{"self":[{"href":"https:\/\/focotocantinense.com.br\/index.php?rest_route=\/wp\/v2\/posts\/7095","targetHints":{"allow":["GET"]}}],"collection":[{"href":"https:\/\/focotocantinense.com.br\/index.php?rest_route=\/wp\/v2\/posts"}],"about":[{"href":"https:\/\/focotocantinense.com.br\/index.php?rest_route=\/wp\/v2\/types\/post"}],"author":[{"embeddable":true,"href":"https:\/\/focotocantinense.com.br\/index.php?rest_route=\/wp\/v2\/users\/5"}],"replies":[{"embeddable":true,"href":"https:\/\/focotocantinense.com.br\/index.php?rest_route=%2Fwp%2Fv2%2Fcomments&post=7095"}],"version-history":[{"count":2,"href":"https:\/\/focotocantinense.com.br\/index.php?rest_route=\/wp\/v2\/posts\/7095\/revisions"}],"predecessor-version":[{"id":7098,"href":"https:\/\/focotocantinense.com.br\/index.php?rest_route=\/wp\/v2\/posts\/7095\/revisions\/7098"}],"wp:featuredmedia":[{"embeddable":true,"href":"https:\/\/focotocantinense.com.br\/index.php?rest_route=\/wp\/v2\/media\/7096"}],"wp:attachment":[{"href":"https:\/\/focotocantinense.com.br\/index.php?rest_route=%2Fwp%2Fv2%2Fmedia&parent=7095"}],"wp:term":[{"taxonomy":"category","embeddable":true,"href":"https:\/\/focotocantinense.com.br\/index.php?rest_route=%2Fwp%2Fv2%2Fcategories&post=7095"},{"taxonomy":"post_tag","embeddable":true,"href":"https:\/\/focotocantinense.com.br\/index.php?rest_route=%2Fwp%2Fv2%2Ftags&post=7095"}],"curies":[{"name":"wp","href":"https:\/\/api.w.org\/{rel}","templated":true}]}}